{"id":117410,"date":"2025-09-15T21:45:15","date_gmt":"2025-09-15T21:45:15","guid":{"rendered":"https:\/\/www.europesays.com\/es\/117410\/"},"modified":"2025-09-15T21:45:15","modified_gmt":"2025-09-15T21:45:15","slug":"con-esta-pelicula-hemos-acabado-hartos-de-todo-el-uno-del-otro-y-hasta-del-cine","status":"publish","type":"post","link":"https:\/\/www.europesays.com\/es\/117410\/","title":{"rendered":"\u00abCon esta pel\u00edcula hemos acabado hartos de todo: el uno del otro y hasta del cine\u00bb"},"content":{"rendered":"<p><a class=\"v-mdl-ath__fig-a\" href=\"https:\/\/www.diariovasco.com\/autor\/alberto-moyano-1471.html\" title=\"Alberto Moyano\" rel=\"nofollow noopener\" target=\"_blank\"><br \/>\n<img decoding=\"async\" class=\"v-mdl-ath__img\" src=\"https:\/\/www.europesays.com\/es\/wp-content\/uploads\/2025\/09\/1757972715_506_autor-1471-foto-5.jpeg\" alt=\"Alberto Moyano\"\/><br \/>\n<\/a><\/p>\n<p class=\"v-mdl-ath__p v-mdl-ath__p--6\">\nDomingo, 14 de septiembre 2025<\/p>\n<p>| Actualizado 15\/09\/2025 11:09h.<\/p>\n<p class=\"v-p\"><strong>\u2013 Han encontrado en Jaime Ch\u00e1varri y en Virginia Montenegro a los dos c\u00f3mplices perfectos.<\/strong><\/p>\n<p class=\"v-p\">\u2013 E. L.: Y son completamente diferentes, \u00bfeh? Ch\u00e1varri desaparece de la vida de Iv\u00e1n muy pronto, cuando eran j\u00f3venes y delgados. Y Virginia, en cambio, conoci\u00f3 eso, lo anterior y lleg\u00f3 hasta el final. A m\u00ed me parece que sin esa conversaci\u00f3n entre Virginia y Ch\u00e1varri no hay pel\u00edcula. La pel\u00edcula est\u00e1 escrita por Jaime y por Marta, pero es un boceto.<\/p>\n<p class=\"v-p\">\u2013M. M.: El guion es un boceto que no hubi\u00e9ramos podido usar porque en un rodaje tan accidentado resultaba imposible prever qu\u00e9 iba a ocurrir.<\/p>\n<p><a href=\"http:\/\/www.diariovasco.com\/culturas\/zinemaldia\/marta-medina-enrique-lavigne-arrebato-fascina-pelicula-20250914003108-nt.html#vtm_modulosEngag=mod-rel:culturas:noticia:1:cmp:1-not\" class=\"v-a-link\" aria-label=\"Imagen\" rel=\"nofollow noopener\" target=\"_blank\"><\/p>\n<p><img decoding=\"async\" loading=\"lazy\" src=\"https:\/\/www.europesays.com\/es\/wp-content\/uploads\/2025\/09\/camaras-kotD--366x256@Diario Vasco-DiarioVasco.jpg\" class=\"v-a-img\" width=\"258\" height=\"180\" alt=\"\" data-voc-vtm-id=\"in-text-traffic\"\/><\/p>\n<p><\/a><\/p>\n<p class=\"v-p\"><strong>\u2013 \u00bfEs tambi\u00e9n &#8216;El \u00faltimo arrebato&#8217; una pel\u00edcula de vampiros?<\/strong><\/p>\n<p class=\"v-p\">\u2013 E. L.: Absolutamente.<\/p>\n<p class=\"v-p\">\u2013 M. M.: S\u00ed, yo he acabado bastante desfondada.<\/p>\n<p class=\"v-p\">\u2013 E. L.: Nos hemos encontrado con vampiros interesantes en esta pel\u00edcula que son leyenda, como en la novela de Richard Matheson, y que van a seguir vivos, como es el caso de Poncela. Hay algo vamp\u00edrico en su presencia y eso no est\u00e1 buscado: la propia persona lo tiene. Y el \u00faltimo plano, con la mirada de Iv\u00e1n hacia abajo, lo es claramente. Es una pel\u00edcula sobre la adicci\u00f3n, a las im\u00e1genes, al cine y a todo lo que son la vida y la muerte.<\/p>\n<p class=\"v-p\"><strong>\u2013\u00bfQuiz\u00e1s tambi\u00e9n ustedes dos han ejercido de vampiros? <\/strong><\/p>\n<p class=\"v-p\">\u2013 E. L.: Yo lo soy porque me toca hacer de productor muchas veces y es un trabajo que implica siempre absorber energ\u00eda. Iv\u00e1n nos ha dejado secos al final. Fue alguien poco conocido y que se dio poco a conocer. Intentar componer un puzle con la gente que tuvo alrededor no era suficiente. <\/p>\n<p class=\"v-p\">\u2013M. M.: Es algo simbi\u00f3tico. No sabr\u00eda decir si soy muy vampira, eso lo tendr\u00eda que decir Enrique&#8230;<\/p>\n<p class=\"v-p\">\u2013 E. L.: Hemos acabado hartos el uno del otro&#8230;<\/p>\n<p class=\"v-p\">\u2013 M.M.: &#8230;hemos acabado hartos de todo y hasta del cine. <\/p>\n<p>Comenta<\/p>\n<p>Reporta un error<\/p>\n","protected":false},"excerpt":{"rendered":"Domingo, 14 de septiembre 2025 | Actualizado 15\/09\/2025 11:09h. \u2013 Han encontrado en Jaime Ch\u00e1varri y en Virginia&hellip;\n","protected":false},"author":2,"featured_media":117411,"comment_status":"","ping_status":"","sticky":false,"template":"","format":"standard","meta":{"footnotes":""},"categories":[169],"tags":[1690,38515,177,146,147,25,24,176,39173,39175,769,175,1257,23,39174],"class_list":{"0":"post-117410","1":"post","2":"type-post","3":"status-publish","4":"format-standard","5":"has-post-thumbnail","7":"category-cine","8":"tag-acabado","9":"tag-arrebato","10":"tag-cine","11":"tag-entertainment","12":"tag-entretenimiento","13":"tag-es","14":"tag-espana","15":"tag-film","16":"tag-hartos","17":"tag-lavigne","18":"tag-medina","19":"tag-movies","20":"tag-pelicula","21":"tag-spain","22":"tag-todoel"},"share_on_mastodon":{"url":"","error":""},"_links":{"self":[{"href":"https:\/\/www.europesays.com\/es\/wp-json\/wp\/v2\/posts\/117410","targetHints":{"allow":["GET"]}}],"collection":[{"href":"https:\/\/www.europesays.com\/es\/wp-json\/wp\/v2\/posts"}],"about":[{"href":"https:\/\/www.europesays.com\/es\/wp-json\/wp\/v2\/types\/post"}],"author":[{"embeddable":true,"href":"https:\/\/www.europesays.com\/es\/wp-json\/wp\/v2\/users\/2"}],"replies":[{"embeddable":true,"href":"https:\/\/www.europesays.com\/es\/wp-json\/wp\/v2\/comments?post=117410"}],"version-history":[{"count":0,"href":"https:\/\/www.europesays.com\/es\/wp-json\/wp\/v2\/posts\/117410\/revisions"}],"wp:featuredmedia":[{"embeddable":true,"href":"https:\/\/www.europesays.com\/es\/wp-json\/wp\/v2\/media\/117411"}],"wp:attachment":[{"href":"https:\/\/www.europesays.com\/es\/wp-json\/wp\/v2\/media?parent=117410"}],"wp:term":[{"taxonomy":"category","embeddable":true,"href":"https:\/\/www.europesays.com\/es\/wp-json\/wp\/v2\/categories?post=117410"},{"taxonomy":"post_tag","embeddable":true,"href":"https:\/\/www.europesays.com\/es\/wp-json\/wp\/v2\/tags?post=117410"}],"curies":[{"name":"wp","href":"https:\/\/api.w.org\/{rel}","templated":true}]}}