{"id":117412,"date":"2025-09-15T21:46:08","date_gmt":"2025-09-15T21:46:08","guid":{"rendered":"https:\/\/www.europesays.com\/es\/117412\/"},"modified":"2025-09-15T21:46:08","modified_gmt":"2025-09-15T21:46:08","slug":"el-espanyol-vuela-al-tercer-puesto-tras-vencer-con-diez-al-mallorca-futbol-deportes","status":"publish","type":"post","link":"https:\/\/www.europesays.com\/es\/117412\/","title":{"rendered":"El Espanyol vuela al tercer puesto tras vencer con diez al Mallorca | F\u00fatbol | Deportes"},"content":{"rendered":"<p class=\"\">Un gol de Pere Milla, que vive su propia redenci\u00f3n, y otro de Roberto Fern\u00e1ndez parec\u00edan encaminar al Espanyol hacia una noche pl\u00e1cida en Cornell\u00e0. El equipo volaba, dominaba al Mallorca, encontraba profundidad por las bandas y se sent\u00eda<a href=\"https:\/\/elpais.com\/noticias\/rcd-espanyol\/\" target=\"_self\" rel=\"nofollow noopener\" title=\"https:\/\/elpais.com\/noticias\/rcd-espanyol\/\"> arropado por 26.082 aficionados un lunes en el RCDE Stadium<\/a>. Pero el duelo dio un vuelco en cuesti\u00f3n de minutos: penalti para el Mallorca, expulsi\u00f3n de Milla y arre\u00f3n de Muriqi para igualar el marcador en el tramo final del partido. Lo que era un vuelo tranquilo se convirti\u00f3 en un ejercicio de resistencia, y entre el v\u00e9rtigo apareci\u00f3 Kike Garc\u00eda para transformar un penalti y sellar un triunfo que mantiene al Espanyol en una nube esta temporada (3-2). El triunfo perico catapulta al equipo tercero en la Liga, en puestos de Champions y empatado con el Bar\u00e7a por detr\u00e1s del Real Madrid, al que se enfrentar\u00e1 el pr\u00f3ximo fin de semana. Y tambi\u00e9n sostiene la comunidad con su afici\u00f3n, que responde al buen momento de su equipo.<\/p>\n<p class=\"\">El arranque tuvo color bermell\u00f3n. El Mallorca quiso mandar, pero apenas resisti\u00f3 unos minutos la intensidad del Espanyol. Pronto apareci\u00f3 Javi Puado, incisivo en la izquierda, generando peligro con sus centros al \u00e1rea cargada de jugadores pericos.<a href=\"https:\/\/elpais.com\/deportes\/futbol\/2025-06-18\/joan-garcia-se-despide-del-espanyol-antes-de-fichar-por-el-barca-me-llevo-mucho-mas-que-futbol.html\" target=\"_self\" rel=\"nofollow noopener\" title=\"https:\/\/elpais.com\/deportes\/futbol\/2025-06-18\/joan-garcia-se-despide-del-espanyol-antes-de-fichar-por-el-barca-me-llevo-mucho-mas-que-futbol.html\"> El capit\u00e1n arrastraba defensas para que Carlos Romero, veloz y determinante, doblara por fuera <\/a>y generara el primer gol: centro preciso de Romero y toque sutil de Milla, suficiente para superar a Leo Rom\u00e1n. El tanto confirmaba la transformaci\u00f3n del delantero, de la suplencia cr\u00f3nica, a firmar tres goles en cuatro partidos.<\/p>\n<p class=\"\">El Mallorca no tuvo la misma capacidad ofensiva, y no encontraba huecos entre la zaga defensiva perica, muy atenta. Tras el gol, los visitantes se encogieron y encerraron en su l\u00ednea defensiva de cinco, y el Espanyol oli\u00f3 sangre. Esta vez, por la banda derecha. Roberto Fern\u00e1ndez, titular por delante de Kike Garc\u00eda, hab\u00eda avisado con un disparo al larguero a los cinco minutos del inicio del encuentro, y no perdon\u00f3 en su siguiente oportunidad. Un saque largo de Dmitrovi\u0107 acab\u00f3 en los pies de Dolan, cuyo centro mal calculado por Leo Rom\u00e1n permiti\u00f3 al nueve empujar con el muslo para el 2-0. El estadio rug\u00eda, y el equipo se sent\u00eda c\u00f3modo.<\/p>\n<p class=\"\"><a href=\"\" rel=\"\" title=\"\">El Espanyol, un reci\u00e9n ascendido, <\/a>volaba a por el tercer gol. Pero la atm\u00f3sfera cambi\u00f3 de repente en apenas cinco minutos. Pol Lozano agarr\u00f3 a Jospeh en una jugada a bal\u00f3n parado y el colegiado se\u00f1al\u00f3 penalti. Muriqi, sereno, lo transform\u00f3 y recort\u00f3 distancia. Y tras el gol, Milla protest\u00f3 una acci\u00f3n en la que hab\u00eda ca\u00eddo al suelo y Alejandro Hern\u00e1ndez le mostr\u00f3 la roja directa.<\/p>\n<p class=\"\">El vuelo de los locales amenazaba con estrellarse. Con un hombre m\u00e1s, el Mallorca se volc\u00f3 sobre el \u00e1rea de un Espanyol replegado y encontr\u00f3 en Muriqi su faro. El delantero kosovar, tras un centro bombeado, gan\u00f3 el duelo a\u00e9reo y bati\u00f3 a<\/p>\n<p class=\"\">Dmitrovi\u0107, su gran rival durante toda la segunda parte. El empate parec\u00eda castigar a los pericos, pero el Espanyol se neg\u00f3 a rendirse. En una \u00faltima sacudida, Kike Garc\u00eda transform\u00f3 un penalti y devolvi\u00f3 la ventaja en un tramo final completamente loco. El RCDE Stadium estall\u00f3: de la alegr\u00eda al alivio, el equipo dirigido por Manolo Gonz\u00e1lez logr\u00f3 cerrar un triunfo que refuerza su vuelo y que los deja en tercera posici\u00f3n, durmiendo en puestos de Champions.<\/p>\n","protected":false},"excerpt":{"rendered":"Un gol de Pere Milla, que vive su propia redenci\u00f3n, y otro de Roberto Fern\u00e1ndez parec\u00edan encaminar al&hellip;\n","protected":false},"author":2,"featured_media":117413,"comment_status":"","ping_status":"","sticky":false,"template":"","format":"standard","meta":{"footnotes":""},"categories":[93],"tags":[1540,39177,168,1539,25,24,282,1538,1210,39176,11783,23,167],"class_list":{"0":"post-117412","1":"post","2":"type-post","3":"status-publish","4":"format-standard","5":"has-post-thumbnail","7":"category-deportes","8":"tag-competiciones","9":"tag-cornella-de-llobregat","10":"tag-deportes","11":"tag-entrenadores","12":"tag-es","13":"tag-espana","14":"tag-futbol","15":"tag-futbolistas","16":"tag-laliga-ea-sports","17":"tag-power8-stadium","18":"tag-rcd-espanyol","19":"tag-spain","20":"tag-sports"},"share_on_mastodon":{"url":"","error":""},"_links":{"self":[{"href":"https:\/\/www.europesays.com\/es\/wp-json\/wp\/v2\/posts\/117412","targetHints":{"allow":["GET"]}}],"collection":[{"href":"https:\/\/www.europesays.com\/es\/wp-json\/wp\/v2\/posts"}],"about":[{"href":"https:\/\/www.europesays.com\/es\/wp-json\/wp\/v2\/types\/post"}],"author":[{"embeddable":true,"href":"https:\/\/www.europesays.com\/es\/wp-json\/wp\/v2\/users\/2"}],"replies":[{"embeddable":true,"href":"https:\/\/www.europesays.com\/es\/wp-json\/wp\/v2\/comments?post=117412"}],"version-history":[{"count":0,"href":"https:\/\/www.europesays.com\/es\/wp-json\/wp\/v2\/posts\/117412\/revisions"}],"wp:featuredmedia":[{"embeddable":true,"href":"https:\/\/www.europesays.com\/es\/wp-json\/wp\/v2\/media\/117413"}],"wp:attachment":[{"href":"https:\/\/www.europesays.com\/es\/wp-json\/wp\/v2\/media?parent=117412"}],"wp:term":[{"taxonomy":"category","embeddable":true,"href":"https:\/\/www.europesays.com\/es\/wp-json\/wp\/v2\/categories?post=117412"},{"taxonomy":"post_tag","embeddable":true,"href":"https:\/\/www.europesays.com\/es\/wp-json\/wp\/v2\/tags?post=117412"}],"curies":[{"name":"wp","href":"https:\/\/api.w.org\/{rel}","templated":true}]}}