{"id":117416,"date":"2025-09-15T21:48:10","date_gmt":"2025-09-15T21:48:10","guid":{"rendered":"https:\/\/www.europesays.com\/es\/117416\/"},"modified":"2025-09-15T21:48:10","modified_gmt":"2025-09-15T21:48:10","slug":"ed-sheeran-se-suma-a-las-fiestas-de-la-algaida-en-archena-y-sorprende-con-su-espanol-viva-la-virgen-del-rosario","status":"publish","type":"post","link":"https:\/\/www.europesays.com\/es\/117416\/","title":{"rendered":"Ed Sheeran se suma a las fiestas de La Algaida en Archena y sorprende con su espa\u00f1ol: \u00ab\u00a1Viva la Virgen del Rosario!\u00bb"},"content":{"rendered":"<p class=\"v-mdl-ath__p v-mdl-ath__p--6\">\nLunes, 15 de septiembre 2025, 15:52<\/p>\n<p class=\"v-p\">No es un secreto que el <a href=\"https:\/\/www.laverdad.es\/culturas\/miley-cyrus-sheeran-encabezan-primeros-estrenos-musicales-20250404110517-vi.html\" title=\"www.laverdad.es\" data-voc-vtm-id=\"in-text-traffic\" data-mrf-link=\"www.laverdad.es\" rel=\"nofollow noopener\" target=\"_blank\">cantante Ed Sheeran<\/a> tiene un v\u00ednculo muy especial con la Regi\u00f3n de Murcia. Hace unos a\u00f1os desvel\u00f3 en una <a href=\"https:\/\/www.laverdad.es\/sociedad\/relacion-ed-sheeran-murcia-ibai-llanos-twitch20210706101510-nt-20210706102241-nt.html\" title=\"www.laverdad.es\" data-voc-vtm-id=\"in-text-traffic\" data-mrf-link=\"www.laverdad.es\" rel=\"nofollow noopener\" target=\"_blank\">entrevista con Ibai<\/a> que tiene familia en la Comunidad. \u00abMi primo se cas\u00f3 con una chica de Murcia\u00bb, dijo ante los m\u00e1s de 800.000 espectadores que segu\u00edan la cita. El enlace se produjo en la <a href=\"https:\/\/www.laverdad.es\/especiales\/archena-construira-pasarela-conectarse-pedania-algaida-20250316001718-nt.html\" title=\"www.laverdad.es\" data-voc-vtm-id=\"in-text-traffic\" data-mrf-link=\"www.laverdad.es\" rel=\"nofollow noopener\" target=\"_blank\">pedan\u00eda archenera de La Algaida<\/a>, donde el artista acudi\u00f3 con tan solo nueve a\u00f1os. <\/p>\n<p class=\"v-p\">Lo que nadie se esperaba es que el brit\u00e1nico reapareciera p\u00fablicamente en la zona despu\u00e9s de tantos a\u00f1os. Ha sido durante las fiestas patronales de La Algaida, que celebra una serie de actos y actividades como la multitudinaria morcillada, las tradicionales gachasmigas, el popular azulete, la carrera de cintas en bicicleta y el <a href=\"https:\/\/www.laverdad.es\/murcia\/cieza\/carrozas-vuelven-congregar-miles-personas-calles-cieza-20250831233730-nt.html\" title=\"www.laverdad.es\" data-voc-vtm-id=\"in-text-traffic\" data-mrf-link=\"www.laverdad.es\" rel=\"nofollow noopener\" target=\"_blank\">desfile de carrozas<\/a>. El s\u00e1bado fue el tradicional preg\u00f3n, que este a\u00f1o lo pronunci\u00f3 Clara Guill\u00e9n, una vecina que actualmente reside en Bristol y que es investigadora, docente en la Open University del Reino Unido y autora de un libro y de numerosos art\u00edculos cient\u00edficos, entre otros destacados logros. <\/p>\n<p>La aparici\u00f3n estelar de Ed Sheeran<\/p>\n<p class=\"v-p\">La inauguraci\u00f3n de las fiestas vino cargada con una sorpresa que dej\u00f3 a todos los asistentes boquiabiertos: Ed Sheeran mand\u00f3 un v\u00eddeo muy emotivo para felicitar las fiestas a todos los algaideros y algaideras. \u00abBuenas noches a todos, felices fiestas de La Algaida y que viva la Virgen del Rosario. Un abrazo fuerte\u00bb, empez\u00f3 diciendo en espa\u00f1ol el cantante. Tras estas palabras, el artista continu\u00f3 en ingl\u00e9s: \u00abEspero haberlo pronunciado bien. Que tengan un d\u00eda fant\u00e1stico. Con mucho cari\u00f1o\u00bb. <\/p>\n<p class=\"v-p\">La grabaci\u00f3n, que se proyect\u00f3 sobre el escenario, arranc\u00f3 un gran aplauso entre el p\u00fablico, quienes se asombraron tanto por el v\u00eddeo como por su intento de hablar en espa\u00f1ol. Una vecina comparti\u00f3 el momento en TikTok y se hizo viral en muy poco tiempo: \u00abCuando crees que el mundo no puede ser m\u00e1s surrealista, se supera\u00bb, coment\u00f3 una usuaria. Algunos incluso creyeron que se trataba de una obra de la inteligencia artificial. Lo cierto es que Ed Sheeran le tiene un cari\u00f1o muy especial a la Regi\u00f3n de Murcia y ha querido mostrarse cercano con esta pedan\u00eda de Archena pese a la distancia.<\/p>\n<p>Comenta<\/p>\n<p>Reporta un error<\/p>\n","protected":false},"excerpt":{"rendered":"Lunes, 15 de septiembre 2025, 15:52 No es un secreto que el cantante Ed Sheeran tiene un v\u00ednculo&hellip;\n","protected":false},"author":2,"featured_media":117417,"comment_status":"","ping_status":"","sticky":false,"template":"","format":"standard","meta":{"footnotes":""},"categories":[91],"tags":[39178,146,147,25,24,1489,43,3847,38590,6924,23,4991,7699,10748],"class_list":{"0":"post-117416","1":"post","2":"type-post","3":"status-publish","4":"format-standard","5":"has-post-thumbnail","7":"category-entretenimiento","8":"tag-algaida","9":"tag-entertainment","10":"tag-entretenimiento","11":"tag-es","12":"tag-espana","13":"tag-espanol","14":"tag-fiestas","15":"tag-rosario","16":"tag-sheeran","17":"tag-sorprende","18":"tag-spain","19":"tag-suma","20":"tag-virgen","21":"tag-viva"},"share_on_mastodon":{"url":"","error":""},"_links":{"self":[{"href":"https:\/\/www.europesays.com\/es\/wp-json\/wp\/v2\/posts\/117416","targetHints":{"allow":["GET"]}}],"collection":[{"href":"https:\/\/www.europesays.com\/es\/wp-json\/wp\/v2\/posts"}],"about":[{"href":"https:\/\/www.europesays.com\/es\/wp-json\/wp\/v2\/types\/post"}],"author":[{"embeddable":true,"href":"https:\/\/www.europesays.com\/es\/wp-json\/wp\/v2\/users\/2"}],"replies":[{"embeddable":true,"href":"https:\/\/www.europesays.com\/es\/wp-json\/wp\/v2\/comments?post=117416"}],"version-history":[{"count":0,"href":"https:\/\/www.europesays.com\/es\/wp-json\/wp\/v2\/posts\/117416\/revisions"}],"wp:featuredmedia":[{"embeddable":true,"href":"https:\/\/www.europesays.com\/es\/wp-json\/wp\/v2\/media\/117417"}],"wp:attachment":[{"href":"https:\/\/www.europesays.com\/es\/wp-json\/wp\/v2\/media?parent=117416"}],"wp:term":[{"taxonomy":"category","embeddable":true,"href":"https:\/\/www.europesays.com\/es\/wp-json\/wp\/v2\/categories?post=117416"},{"taxonomy":"post_tag","embeddable":true,"href":"https:\/\/www.europesays.com\/es\/wp-json\/wp\/v2\/tags?post=117416"}],"curies":[{"name":"wp","href":"https:\/\/api.w.org\/{rel}","templated":true}]}}