{"id":117439,"date":"2025-09-15T22:02:10","date_gmt":"2025-09-15T22:02:10","guid":{"rendered":"https:\/\/www.europesays.com\/es\/117439\/"},"modified":"2025-09-15T22:02:10","modified_gmt":"2025-09-15T22:02:10","slug":"mariona-ortiz-es-mi-favorita","status":"publish","type":"post","link":"https:\/\/www.europesays.com\/es\/117439\/","title":{"rendered":"Mariona Ortiz es mi favorita"},"content":{"rendered":"<p>            El Casademont Zaragoza divierte a la Marea Roja: \u00abMariona Ortiz es mi favorita\u00bb                <\/p>\n<p>El Casademont Zaragoza divierte a la Marea Roja: \u00abMariona Ortiz es mi favorita\u00bb<\/p>\n<p class=\"epigraph\">M\u00e1s de 2.000 aficionados -muchos de ellos ni\u00f1os- arropan al equipo de Cantero en una sesi\u00f3n diferente celebrada a puerta abierta en el Pr\u00edncipe Felipe.<\/p>\n<p class=\"paragraph\">Todav\u00eda no ha empezado la competici\u00f3n oficial, pero <b>el equipo femenino del <a href=\"https:\/\/www.heraldo.es\/multimedia\/imagenes\/deportes\/fotos-entrenamiento-casademont-zaragoza-femenino-puertas-abiertas\/\" title=\"Fotos | Puertas abiertas en el Pr\u00edncipe Felipe para ver al Casademont Zaragoza femenino\" rel=\"nofollow noopener\" target=\"_blank\">Casademont Zaragoza ya divierte a la Marea Roja<\/a><\/b>. La mejor muestra, el entrenamiento a puerta abierta celebrado este lunes por la tarde en el pabell\u00f3n Pr\u00edncipe Felipe, donde se congregaron <b>m\u00e1s de 2.000 aficionados<\/b>. Hubo, sobre todo, much\u00edsimos ni\u00f1os, que acompa\u00f1ados de sus familiares disfrutaron a lo grande viendo en directo la evoluci\u00f3n de las jugadoras que por quinto a\u00f1o consecutivo dirigir\u00e1 Carlos Cantero.<\/p>\n<p>            Conforme a los criterios de<br \/>\n            <a class=\"trustproject_img\" id=\"trustproject_img\" href=\"https:\/\/thetrustproject.org\/\" target=\"_blank\" rel=\"nofollow noopener\" aria-label=\"Trust Project\"><img decoding=\"async\" loading=\"lazy\" src=\"https:\/\/www.heraldo.es\/images\/Trust-Logo-Horizontal.svg\" alt=\"Logo Trust Project\" width=\"200\" height=\"34\"\/><\/a><\/p>\n<p>                <img decoding=\"async\" loading=\"lazy\" src=\"https:\/\/www.europesays.com\/es\/wp-content\/uploads\/2025\/07\/javier-olivan-lazaro.jpeg\" class=\"author-image\" width=\"120\" height=\"120\" alt=\"Javier Oliv\u00e1n L\u00e1zaro\"\/><\/p>\n<p>        <a href=\"https:\/\/www.henneo.com\/\" title=\"Grupo Henneo\" class=\"logo\" rel=\"nofollow noopener\" target=\"_blank\"><br \/>\n            <img decoding=\"async\" src=\"https:\/\/www.heraldo.es\/images\/logo_henneo_gris.svg\" alt=\"Logo Henneo\" width=\"559\" height=\"389\" loading=\"lazy\"\/><br \/>\n        <\/a><\/p>\n<p>\u00a9 HERALDO DE ARAGON EDITORA, S.L.U.<br \/>Tel\u00e9fono 976 765 000 \/ &#8211; P\u00ba. Independencia, 29, 50001 Zaragoza &#8211; CIF: B99288763 &#8211; Inscrita en el Registro Mercantil de Zaragoza al Tomo 3796, Libro 0, Folio 177, Secci\u00f3n 8, Hoja Z-50564<br \/>Queda prohibida toda reproducci\u00f3n sin permiso escrito de la empresa a los efectos del art\u00edculo 32.1, p\u00e1rrafo segundo, de la Ley de Propiedad Intelectual<\/p>\n<p>\n                P\u00ba Independencia, 29, 50001 Zaragoza<br \/> Tel\u00e9fono 976 765 000\n            <\/p>\n<p>                    Actualmente tu navegador no permite ejecutar JavaScript. Para poder disfrutar de nuestro contenido es necesario que lo permita.<br \/>\n                                        <img decoding=\"async\" loading=\"lazy\" alt=\"Heraldo logo\" src=\"https:\/\/dkumiip2e9ary.cloudfront.net\/xalok\/heraldo\/especiales\/hola-de-nuevo\/logo-heraldo.svg\" width=\"215\" height=\"43\"\/><\/p>\n","protected":false},"excerpt":{"rendered":"El Casademont Zaragoza divierte a la Marea Roja: \u00abMariona Ortiz es mi favorita\u00bb El Casademont Zaragoza divierte a&hellip;\n","protected":false},"author":2,"featured_media":117440,"comment_status":"","ping_status":"","sticky":false,"template":"","format":"standard","meta":{"footnotes":""},"categories":[269],"tags":[299,298,2511,168,39184,25,24,29133,13644,23,167,491],"class_list":{"0":"post-117439","1":"post","2":"type-post","3":"status-publish","4":"format-standard","5":"has-post-thumbnail","7":"category-baloncesto","8":"tag-baloncesto","9":"tag-basketball","10":"tag-casademont","11":"tag-deportes","12":"tag-divierte","13":"tag-es","14":"tag-espana","15":"tag-marea","16":"tag-roja","17":"tag-spain","18":"tag-sports","19":"tag-zaragoza"},"share_on_mastodon":{"url":"","error":""},"_links":{"self":[{"href":"https:\/\/www.europesays.com\/es\/wp-json\/wp\/v2\/posts\/117439","targetHints":{"allow":["GET"]}}],"collection":[{"href":"https:\/\/www.europesays.com\/es\/wp-json\/wp\/v2\/posts"}],"about":[{"href":"https:\/\/www.europesays.com\/es\/wp-json\/wp\/v2\/types\/post"}],"author":[{"embeddable":true,"href":"https:\/\/www.europesays.com\/es\/wp-json\/wp\/v2\/users\/2"}],"replies":[{"embeddable":true,"href":"https:\/\/www.europesays.com\/es\/wp-json\/wp\/v2\/comments?post=117439"}],"version-history":[{"count":0,"href":"https:\/\/www.europesays.com\/es\/wp-json\/wp\/v2\/posts\/117439\/revisions"}],"wp:featuredmedia":[{"embeddable":true,"href":"https:\/\/www.europesays.com\/es\/wp-json\/wp\/v2\/media\/117440"}],"wp:attachment":[{"href":"https:\/\/www.europesays.com\/es\/wp-json\/wp\/v2\/media?parent=117439"}],"wp:term":[{"taxonomy":"category","embeddable":true,"href":"https:\/\/www.europesays.com\/es\/wp-json\/wp\/v2\/categories?post=117439"},{"taxonomy":"post_tag","embeddable":true,"href":"https:\/\/www.europesays.com\/es\/wp-json\/wp\/v2\/tags?post=117439"}],"curies":[{"name":"wp","href":"https:\/\/api.w.org\/{rel}","templated":true}]}}