{"id":117445,"date":"2025-09-15T22:05:11","date_gmt":"2025-09-15T22:05:11","guid":{"rendered":"https:\/\/www.europesays.com\/es\/117445\/"},"modified":"2025-09-15T22:05:11","modified_gmt":"2025-09-15T22:05:11","slug":"rembrandt-la-ronda-de-noche-como-sobrevivio-la-obra-maestra-a-12-cuchilladas-y-multiples-ataques-en-el-rijksmuseum","status":"publish","type":"post","link":"https:\/\/www.europesays.com\/es\/117445\/","title":{"rendered":"Rembrandt La Ronda de Noche: c\u00f3mo sobrevivi\u00f3 la obra maestra a 12 cuchilladas y m\u00faltiples ataques en el Rijksmuseum"},"content":{"rendered":"<p><img alt=\"Imagen facilitada de la obra La Ronda de Noche de Rembrandt, s\u00edmbolo nacional de Pa\u00edses Bajos, tras la restauraci\u00f3n.\" class=\"ImageArticle-Image\" src=\"https:\/\/www.europesays.com\/es\/wp-content\/uploads\/2025\/09\/MT6RRKOTNRHGTCRGJHWS43YAQU.jpg\" width=\"1920\" height=\"1562\" loading=\"eager\" decoding=\"async\" fetchpriority=\"high\"\/><\/p>\n<p>Imagen facilitada de la obra La Ronda de Noche de Rembrandt, s\u00edmbolo nacional de Pa\u00edses Bajos, tras la restauraci\u00f3n.<\/p>\n<p>Foto: EFE &#8211; Rijksmuseum<\/p>\n<p>Resume e inf\u00f3rmame r\u00e1pido<\/p>\n<p>Escucha este art\u00edculo<\/p>\n<p class=\"AudioPlayer-Description\">Audio generado con IA de Google<\/p>\n<p class=\"font--secondary\">El 14 de septiembre de 1975, un hombre irrumpi\u00f3 en la galer\u00eda de honor del museo con un cuchillo de mesa y lo hundi\u00f3 repetidamente en el cuadro: doce cortes atravesaron el barniz, las capas de pintura, el lienzo original e incluso la tela de refuerzo a\u00f1adida despu\u00e9s de la Segunda Guerra Mundial.<\/p>\n<p class=\"font--secondary\">\u201cDebi\u00f3 de usar much\u00edsima fuerza, y lo hizo muy r\u00e1pido porque los guardias lo atraparon enseguida, pero aun as\u00ed logr\u00f3 hacer mucho da\u00f1o, alcanz\u00f3 a dar 12 cuchilladas\u201d, recuerda, en una entrevista con Efe, Esther van Duijn, conservadora del Rijksmuseum y que hoy trabaja en la restauraci\u00f3n de la Ronda de Noche (1939-1942).<\/p>\n<p class=\"font--secondary\">La pintura de 337 kilos y cuatro siglos de vida, tambi\u00e9n conocida como La Guardia Nocturna, mide 379.5 cm de alto por 453.5 cm de ancho.<\/p>\n<p class=\"font--secondary\">El ataque oblig\u00f3 a una restauraci\u00f3n de urgencia que dur\u00f3 diez meses y consigui\u00f3 reducir las cicatrices a l\u00edneas finas.<\/p>\n<p class=\"font--secondary\">Los bordes desgarrados de cada corte fueron alineados, se rellenaron las p\u00e9rdidas y se repintaron las zonas da\u00f1adas, pero, con el tiempo, los retoques se hicieron visibles: brillan m\u00e1s que la pintura original y revelan cicatrices finas que a\u00fan recorren la superficie. <\/p>\n<p class=\"font--secondary\">\u201cPor eso hoy estamos retirando los repintes y los rellenos para rehacerlos con materiales que no se decoloren. Queremos que el da\u00f1o no vuelva a imponerse a la pintura\u201d, explica. <\/p>\n<p>Una vida de cicatrices <\/p>\n<p class=\"font--secondary\">El de 1975 fue el m\u00e1s brutal, pero no el \u00fanico. En 1911, un visitante ara\u00f1\u00f3 el cuadro con un cuchillo de zapatero; entonces, el barniz &#8211; \u201ctan grueso como una moneda\u201d, seg\u00fan la prensa de la \u00e9poca- absorbi\u00f3 la mayor parte del impacto. En 1990, otro hombre arroj\u00f3 \u00e1cido sobre la tela, aunque el ataque pudo ser contenido a tiempo, y de nuevo solo afect\u00f3 al barniz.<\/p>\n<p class=\"font--secondary\">\u201cNo hab\u00eda mensajes pol\u00edticos ni reivindicaciones detr\u00e1s. Eran personas perturbadas que buscaban llamar la atenci\u00f3n\u201d, aclara la especialista. A diferencia de las protestas actuales en museos por motivos clim\u00e1ticos, que suelen dirigirse a obras protegidas con cristal, en los casos de la pintura de Rembrandt el objetivo s\u00ed era da\u00f1ar el lienzo. <\/p>\n<p class=\"font--secondary\">Las cicatrices de La Ronda de Noche no siempre vinieron de manos violentas. En el siglo XVIII, funcionarios del ayuntamiento de \u00c1msterdam recortaron la pintura por los cuatro lados para que cupiera en su nuevo hogar en la sede consistorial. Esas mutilaciones, irreversibles, eliminaron parte de la composici\u00f3n original.<\/p>\n<p class=\"font--secondary\">Desde 2019, la pintura est\u00e1 rodeada de andamios y esc\u00e1neres en una vitrina transparente. Conservadores y cient\u00edficos del Rijksmuseum trabajan en la \u2018Operaci\u00f3n Night Watch\u2019, el proyecto de investigaci\u00f3n y restauraci\u00f3n m\u00e1s ambicioso de su historia, que combina t\u00e9cnicas tradicionales con im\u00e1genes de alta resoluci\u00f3n, rayos X y an\u00e1lisis qu\u00edmicos.<\/p>\n<p class=\"font--secondary\">El reto es enorme: no solo por el tama\u00f1o y el deterioro acumulado, sino tambi\u00e9n porque Rembrandt emple\u00f3 t\u00e9cnicas poco comunes.<\/p>\n<p class=\"font--secondary\">\u201cRembrandt no pintaba como los dem\u00e1s: en lugar de preparar el lienzo con cola, us\u00f3 una base de aceite con plomo; tambi\u00e9n incorpor\u00f3 cuarzo en la capa de preparaci\u00f3n por primera vez. Esa t\u00e9cnica, sumada a los ataques y a siglos de tratamientos, ha hecho que la superficie sea vulnerable\u201d, detalla la experta. <\/p>\n<p class=\"font--secondary\">El proyecto tambi\u00e9n es peculiar por la gran dimensi\u00f3n del equipo. \u201cNormalmente un conservador trabaja solo con un cuadro. Aqu\u00ed compartimos la responsabilidad, lo cual es un alivio, pero tambi\u00e9n implica consenso en cada decisi\u00f3n, incluso en los detalles m\u00e1s peque\u00f1os\u201d, a\u00f1ade Van Duijn.<\/p>\n<p>El tiempo como aliado <\/p>\n<p class=\"font--secondary\">La diferencia respecto a hace cincuenta a\u00f1os es que el trabajo avanza sin calendario cerrado y con el objetivo de que el p\u00fablico futuro pueda contemplar, sin sobresaltos, la compa\u00f1\u00eda de arcabuceros que Rembrandt pint\u00f3 en 1642.<\/p>\n<p class=\"font--secondary\">\u201cNuestro director siempre dice que la pintura marca el ritmo, y eso es un lujo inmenso. La prisa siempre es enemiga de la conservaci\u00f3n\u201d, subraya.<\/p>\n<p class=\"font--secondary\">A pesar de las cicatrices, el poder art\u00edstico de Rembrandt (1606-1669) permanece intacto. \u201cAunque la superficie est\u00e1 agrietada y desgastada, sigue siendo impresionante. Con unas pocas pinceladas lograba im\u00e1genes de una belleza incre\u00edble. Eso a\u00fan se siente, de cerca y de lejos\u201d, asegura.<\/p>\n<p class=\"font--secondary\">Cincuenta a\u00f1os despu\u00e9s del ataque con cuchillo, La Ronda de Noche se presenta como superviviente: mutilada, herida, y restaurada una y otra vez, pero todav\u00eda inmortal para el Rijksmuseum y la memoria colectiva de los neerlandeses.<\/p>\n","protected":false},"excerpt":{"rendered":"Imagen facilitada de la obra La Ronda de Noche de Rembrandt, s\u00edmbolo nacional de Pa\u00edses Bajos, tras la&hellip;\n","protected":false},"author":2,"featured_media":117446,"comment_status":"","ping_status":"","sticky":false,"template":"","format":"standard","meta":{"footnotes":""},"categories":[173],"tags":[229,233,231,230,232,234,146,147,25,24,23],"class_list":{"0":"post-117445","1":"post","2":"type-post","3":"status-publish","4":"format-standard","5":"has-post-thumbnail","7":"category-arte-y-diseno","8":"tag-arte","9":"tag-arte-y-diseno","10":"tag-arts","11":"tag-arts-and-design","12":"tag-design","13":"tag-diseno","14":"tag-entertainment","15":"tag-entretenimiento","16":"tag-es","17":"tag-espana","18":"tag-spain"},"share_on_mastodon":{"url":"","error":""},"_links":{"self":[{"href":"https:\/\/www.europesays.com\/es\/wp-json\/wp\/v2\/posts\/117445","targetHints":{"allow":["GET"]}}],"collection":[{"href":"https:\/\/www.europesays.com\/es\/wp-json\/wp\/v2\/posts"}],"about":[{"href":"https:\/\/www.europesays.com\/es\/wp-json\/wp\/v2\/types\/post"}],"author":[{"embeddable":true,"href":"https:\/\/www.europesays.com\/es\/wp-json\/wp\/v2\/users\/2"}],"replies":[{"embeddable":true,"href":"https:\/\/www.europesays.com\/es\/wp-json\/wp\/v2\/comments?post=117445"}],"version-history":[{"count":0,"href":"https:\/\/www.europesays.com\/es\/wp-json\/wp\/v2\/posts\/117445\/revisions"}],"wp:featuredmedia":[{"embeddable":true,"href":"https:\/\/www.europesays.com\/es\/wp-json\/wp\/v2\/media\/117446"}],"wp:attachment":[{"href":"https:\/\/www.europesays.com\/es\/wp-json\/wp\/v2\/media?parent=117445"}],"wp:term":[{"taxonomy":"category","embeddable":true,"href":"https:\/\/www.europesays.com\/es\/wp-json\/wp\/v2\/categories?post=117445"},{"taxonomy":"post_tag","embeddable":true,"href":"https:\/\/www.europesays.com\/es\/wp-json\/wp\/v2\/tags?post=117445"}],"curies":[{"name":"wp","href":"https:\/\/api.w.org\/{rel}","templated":true}]}}