{"id":117456,"date":"2025-09-15T22:11:08","date_gmt":"2025-09-15T22:11:08","guid":{"rendered":"https:\/\/www.europesays.com\/es\/117456\/"},"modified":"2025-09-15T22:11:08","modified_gmt":"2025-09-15T22:11:08","slug":"prueban-con-exito-un-test-digital-para-detectar-el-alzheimer-en-fases-tempranas-como-funciona","status":"publish","type":"post","link":"https:\/\/www.europesays.com\/es\/117456\/","title":{"rendered":"Prueban con \u00e9xito un test digital para detectar el Alzheimer en fases tempranas: c\u00f3mo funciona"},"content":{"rendered":"<p><img alt=\"El test digital BioCog permite\" class=\"global-image\" decoding=\"async\" fetchpriority=\"high\" height=\"5304\" loading=\"eager\" src=\"https:\/\/www.europesays.com\/es\/wp-content\/uploads\/2025\/09\/MYKH2Y3Q5NCRXCOR4FGPWFNVEE.jpg\" width=\"7952\"\/>El test digital BioCog permite detectar el Alzheimer en etapas tempranas desde la atenci\u00f3n primaria de la salud (Freepik)<\/p>\n<p class=\"paragraph\">Un nuevo test digital para detectar la <b>enfermedad de <\/b><a rel=\"noopener noreferrer nofollow\" href=\"https:\/\/www.infobae.com\/america\/ciencia-america\/2025\/07\/07\/la-infeccion-por-coronavirus-puede-favorecer-danos-cerebrales-vinculados-al-alzheimer\/\" target=\"_blank\" title=\"https:\/\/www.infobae.com\/america\/ciencia-america\/2025\/07\/07\/la-infeccion-por-coronavirus-puede-favorecer-danos-cerebrales-vinculados-al-alzheimer\/\"><b>Alzheimer<\/b><\/a> de manera temprana busca cambiar el modo en que <b>se identifican los primeros <\/b><a rel=\"noopener noreferrer nofollow\" href=\"https:\/\/www.infobae.com\/america\/ciencia-america\/2025\/07\/25\/aire-contaminado-cual-es-el-vinculo-entre-las-particulas-invisibles-y-un-mayor-riesgo-de-demencia\/\" target=\"_blank\" title=\"https:\/\/www.infobae.com\/america\/ciencia-america\/2025\/07\/25\/aire-contaminado-cual-es-el-vinculo-entre-las-particulas-invisibles-y-un-mayor-riesgo-de-demencia\/\"><b>s\u00edntomas<\/b><\/a><b> en los centros de salud. <\/b><\/p>\n<p class=\"paragraph\">El desarrollo fue realizado por investigadores de la Universidad de <b>Lund<\/b> en <b>Suecia<\/b> y otras instituciones. <\/p>\n<p class=\"paragraph\">Consiste en una herramienta, llamada <b>BioCog,<\/b> que permite a los m\u00e9dicos generalistas saber qu\u00e9 pacientes podr\u00edan necesitar estudios m\u00e1s avanzados. Los resultados se publicaron en la revista<a rel=\"noopener nofollow\" href=\"https:\/\/www.nature.com\/articles\/s41591-025-03965-4\" target=\"_blank\" title=\"https:\/\/www.nature.com\/articles\/s41591-025-03965-4\"><b> Nature Medicine<\/b><\/a>.<\/p>\n<p><img alt=\"Desarrollado por la Universidad de\" class=\"global-image\" decoding=\"async\" fetchpriority=\"low\" height=\"653\" loading=\"lazy\" src=\"https:\/\/www.europesays.com\/es\/wp-content\/uploads\/2025\/09\/1757974266_505_LB46OX3TZVE6FJTNFDTA5ZUAPM.jpg\" width=\"1161\"\/>Desarrollado por la Universidad de Lund, BioCog ayuda a m\u00e9dicos generalistas a identificar pacientes en riesgo de Alzheimer (Imagen Ilustrativa Infobae)<\/p>\n<p class=\"paragraph\">Actualmente, muchas personas que sienten problemas de memoria o confusi\u00f3n suelen acudir por primera vez a su centro de salud habitual. <\/p>\n<p class=\"paragraph\">En esos lugares, los m\u00e9dicos de atenci\u00f3n primaria tienen poco tiempo y pocos recursos para investigar si esos problemas pueden deberse a la enfermedad de <b>Alzheimer<\/b>. <\/p>\n<p class=\"paragraph\">El cient\u00edfico <b>Oskar Hansson<\/b>, profesor y responsable del estudio, explic\u00f3 que el nuevo test \u201cpermite que <b>el paciente conteste las pruebas por s\u00ed mismo <\/b>sin depender tanto del personal sanitario\u201d.<\/p>\n<p><img alt=\"Se estima que m\u00e1s de\" class=\"global-image\" decoding=\"async\" fetchpriority=\"low\" height=\"816\" loading=\"lazy\" src=\"https:\/\/www.europesays.com\/es\/wp-content\/uploads\/2025\/09\/SFRXOL4Y7BHPDDTJ4IQRAINSBY.jpg\" width=\"1456\"\/>Se estima que m\u00e1s de 55 millones de personas viven con demencia en el mundo, de las cuales entre el 60% y el 70% tiene la enfermedad de Alzheimer (Imagen Ilustrativa Infobae)<\/p>\n<p class=\"paragraph\">La <b>enfermedad de Alzheimer<\/b> es un trastorno neurodegenerativo que afecta principalmente la memoria y otras capacidades mentales. <\/p>\n<p class=\"paragraph\">Sus s\u00edntomas iniciales suelen incluir olvidos frecuentes, dificultad para recordar nombres y problemas de orientaci\u00f3n en el tiempo o espacio.<\/p>\n<p class=\"paragraph\">Con el avance de la enfermedad, aparecen<b> alteraciones en el lenguaje, desorganizaci\u00f3n en actividades cotidianas y cambios en la personalidad<\/b>. Identificar a tiempo a quienes pueden tener el trastorno resulta clave. <\/p>\n<p><img alt=\"BioCog filtra a los pacientes\" class=\"global-image\" decoding=\"async\" fetchpriority=\"low\" height=\"1080\" loading=\"lazy\" src=\"https:\/\/www.europesays.com\/es\/wp-content\/uploads\/2025\/09\/P4IRVEXNZJBXZDZ34A3YTPPIXY.jpg\" width=\"1920\"\/>BioCog filtra a los pacientes que requieren an\u00e1lisis de sangre para detectar tau fosforilada, marcador temprano de Alzheimer (Freepik)<\/p>\n<p class=\"paragraph\">El test se presenta a trav\u00e9s de una tableta digital y consiste en <b>ejercicios sencillos<\/b> que eval\u00faan la memoria, la rapidez mental y la atenci\u00f3n. <\/p>\n<p class=\"paragraph\">Por ejemplo, se pide a los pacientes que memoricen diez palabras y, al poco tiempo, traten de recordarlas. Tambi\u00e9n se eval\u00faa cu\u00e1n r\u00e1pido pueden tocar la pantalla al encontrar nombres conocidos entre varias opciones.<\/p>\n<p class=\"paragraph\"><b>Hansson<\/b> se\u00f1al\u00f3 que el objetivo central es \u201cayudar a que los m\u00e9dicos generales decidan a qui\u00e9n pedir un an\u00e1lisis de sangre para saber si la persona podr\u00eda estar en una etapa temprana de la enfermedad\u201d.<\/p>\n<p class=\"paragraph\">Ese an\u00e1lisis detecta la presencia de una sustancia llamada \u00ab<b>tau fosforilada\u00bb<\/b>, que puede servir como indicador antes de que los s\u00edntomas sean graves.<\/p>\n<p><img alt=\"La herramienta digital se administra\" class=\"global-image\" decoding=\"async\" fetchpriority=\"low\" height=\"1080\" loading=\"lazy\" src=\"https:\/\/www.europesays.com\/es\/wp-content\/uploads\/2025\/09\/HUPK4RRPJVEEFAZOHRBV7QHVR4.jpg\" width=\"1920\"\/>La herramienta digital se administra en tabletas y eval\u00faa memoria, rapidez mental y atenci\u00f3n de forma autoadministrada (Freepik)<\/p>\n<p class=\"paragraph\">Los investigadores evaluaron la eficacia de BioCog. Para eso, reclutaron dos grupos de participantes: uno compuesto por 223 personas y otro por 403. <\/p>\n<p class=\"paragraph\">Los participantes eran mayores de 50 a\u00f1os. Completaron el test en una tableta, de manera autoadministrada, sin la intervenci\u00f3n directa de un profesional.<\/p>\n<p class=\"paragraph\">El primer grupo, compuesto por 223 personas, incluy\u00f3 pacientes de atenci\u00f3n primaria que acudieron por primera vez al centro de salud por problemas de memoria u otras quejas cognitivas. <\/p>\n<p><img alt=\"El cient\u00edfico Oskar Hansson fue\" class=\"global-image\" decoding=\"async\" fetchpriority=\"low\" height=\"1080\" loading=\"lazy\" src=\"https:\/\/www.europesays.com\/es\/wp-content\/uploads\/2025\/09\/6HKJDJZXIRDWJKV7ZK6UECZI5A.png\" width=\"1920\"\/>El cient\u00edfico Oskar Hansson fue uno de los l\u00edderes del estudio del test (T. Smeds)<\/p>\n<p class=\"paragraph\">El segundo grupo, formado por 403 participantes, sirvi\u00f3 para replicar los resultados y estaba integrado por pacientes de diferentes centros m\u00e9dicos, tambi\u00e9n con<b> s\u00edntomas iniciales <\/b>de deterioro cognitivo, pero con mayor diversidad en edad, antecedentes m\u00e9dicos y contexto socioecon\u00f3mico.<\/p>\n<p class=\"paragraph\">Ambos grupos completaron el test de manera autoadministrada, pero la utilizaci\u00f3n de dos cohortes permiti\u00f3 comprobar la robustez del test en distintas condiciones y poblaciones.<\/p>\n<p class=\"paragraph\">Tras la evaluaci\u00f3n con BioCog, los pacientes con resultados que suger\u00edan deterioro cognitivo fueron derivados a an\u00e1lisis sangu\u00edneos espec\u00edficos, que detectan niveles an\u00f3malos de tau fosforilada. <\/p>\n<p><img alt=\"El uso del test puede\" class=\"global-image\" decoding=\"async\" fetchpriority=\"low\" height=\"1080\" loading=\"lazy\" src=\"https:\/\/www.europesays.com\/es\/wp-content\/uploads\/2025\/09\/2SYITR4EGVEVLH7HBXA7PGPOSI.jpg\" width=\"1920\"\/>El uso del test puede reducir la cantidad de estudios sangu\u00edneos innecesarios al identificar con precisi\u00f3n a los pacientes en riesgo (Freepik)<\/p>\n<p class=\"paragraph\">Los resultados mostraron que la herramienta fue capaz de identificar correctamente a la mayor\u00eda de pacientes que, seg\u00fan los<b> an\u00e1lisis de sangre<\/b>, presentaban caracter\u00edsticas tempranas de Alzheimer.<\/p>\n<p class=\"paragraph\">Adem\u00e1s, el test redujo la cantidad de estudios sangu\u00edneos innecesarios al filtrar de forma precisa a los pacientes en mayor riesgo.<\/p>\n<p class=\"paragraph\">Entre las limitaciones se\u00f1aladas por los cient\u00edficos se menciona que, pese a la validaci\u00f3n en atenci\u00f3n primaria, los resultados pueden variar si se aplica en poblaciones muy diferentes o con menor acceso a tecnolog\u00eda digital.<\/p>\n<p><img alt=\"Los investigadores advierten que BioCog\" class=\"global-image\" decoding=\"async\" fetchpriority=\"low\" height=\"3264\" loading=\"lazy\" src=\"https:\/\/www.europesays.com\/es\/wp-content\/uploads\/2025\/09\/PHI6U2OGSZCGXCFRENCERNTWF4.jpg\" width=\"5824\"\/>Los investigadores advierten que BioCog no reemplaza la valoraci\u00f3n m\u00e9dica integral y recomiendan m\u00e1s estudios en poblaciones diversas (Freepik)<\/p>\n<p class=\"paragraph\">Por eso, recomendaron hacer m\u00e1s investigaciones en grupos diversos y advirtieron que <b>BioCog no reemplazar\u00e1 la valoraci\u00f3n m\u00e9dica integral<\/b>, sino que funciona como apoyo para decidir a qui\u00e9n derivar a estudios adicionales y posibles tratamientos.<\/p>\n","protected":false},"excerpt":{"rendered":"El test digital BioCog permite detectar el Alzheimer en etapas tempranas desde la atenci\u00f3n primaria de la salud&hellip;\n","protected":false},"author":2,"featured_media":117457,"comment_status":"","ping_status":"","sticky":false,"template":"","format":"standard","meta":{"footnotes":""},"categories":[92],"tags":[6279,28509,6285,19120,39188,39189,6287,39190,39191,6289,3766,25,24,39192,28512,23735,39193,165,15940,9380,3345,8551,3773,39194,8555,6302,5710,39195,16052,6303,39196,39197,39198,166,11153,19136,8568,23,6315,39199,6319,19144,6320,16064,5722,39200,39201,39202,3798,2658],"class_list":{"0":"post-117456","1":"post","2":"type-post","3":"status-publish","4":"format-standard","5":"has-post-thumbnail","7":"category-salud","8":"tag-adult","9":"tag-checkup","10":"tag-clinic","11":"tag-computer","12":"tag-corridor","13":"tag-ct","14":"tag-diagnosis","15":"tag-diagnostic","16":"tag-discussion","17":"tag-doctor","18":"tag-equipment","19":"tag-es","20":"tag-espana","21":"tag-exam","22":"tag-examination","23":"tag-expertise","24":"tag-explaining","25":"tag-health","26":"tag-healthcare","27":"tag-healthy","28":"tag-hospital","29":"tag-illness","30":"tag-man","31":"tag-medic","32":"tag-medical","33":"tag-medicine","34":"tag-monitor","35":"tag-mri","36":"tag-occupation","37":"tag-patient","38":"tag-radiologist","39":"tag-radiology","40":"tag-ray","41":"tag-salud","42":"tag-scan","43":"tag-senior","44":"tag-sick","45":"tag-spain","46":"tag-treatment","47":"tag-uniform","48":"tag-visit","49":"tag-wheelchair","50":"tag-woman","51":"tag-women","52":"tag-work","53":"tag-workplace","54":"tag-x-ray","55":"tag-xray","56":"tag-young","57":"tag-young-adult"},"share_on_mastodon":{"url":"","error":""},"_links":{"self":[{"href":"https:\/\/www.europesays.com\/es\/wp-json\/wp\/v2\/posts\/117456","targetHints":{"allow":["GET"]}}],"collection":[{"href":"https:\/\/www.europesays.com\/es\/wp-json\/wp\/v2\/posts"}],"about":[{"href":"https:\/\/www.europesays.com\/es\/wp-json\/wp\/v2\/types\/post"}],"author":[{"embeddable":true,"href":"https:\/\/www.europesays.com\/es\/wp-json\/wp\/v2\/users\/2"}],"replies":[{"embeddable":true,"href":"https:\/\/www.europesays.com\/es\/wp-json\/wp\/v2\/comments?post=117456"}],"version-history":[{"count":0,"href":"https:\/\/www.europesays.com\/es\/wp-json\/wp\/v2\/posts\/117456\/revisions"}],"wp:featuredmedia":[{"embeddable":true,"href":"https:\/\/www.europesays.com\/es\/wp-json\/wp\/v2\/media\/117457"}],"wp:attachment":[{"href":"https:\/\/www.europesays.com\/es\/wp-json\/wp\/v2\/media?parent=117456"}],"wp:term":[{"taxonomy":"category","embeddable":true,"href":"https:\/\/www.europesays.com\/es\/wp-json\/wp\/v2\/categories?post=117456"},{"taxonomy":"post_tag","embeddable":true,"href":"https:\/\/www.europesays.com\/es\/wp-json\/wp\/v2\/tags?post=117456"}],"curies":[{"name":"wp","href":"https:\/\/api.w.org\/{rel}","templated":true}]}}