{"id":117470,"date":"2025-09-15T22:18:08","date_gmt":"2025-09-15T22:18:08","guid":{"rendered":"https:\/\/www.europesays.com\/es\/117470\/"},"modified":"2025-09-15T22:18:08","modified_gmt":"2025-09-15T22:18:08","slug":"con-el-oar-hubo-conexion-vine-a-ayudarle-a-crecer","status":"publish","type":"post","link":"https:\/\/www.europesays.com\/es\/117470\/","title":{"rendered":"\u00abCon el OAR hubo conexi\u00f3n, vine a ayudarle a crecer\u00bb"},"content":{"rendered":"<p><strong>Lleva ya m\u00e1s de un mes en A Coru\u00f1a. \u00bfC\u00f3mo est\u00e1n siendo sus primeros pasos con el OAR? <\/strong><\/p>\n<p>Est\u00e1n siendo muy buenos, la verdad. Esta temporada es clave, porque se acaba de ascender de Primera Nacional a Divisi\u00f3n de Honor Plata, que es una liga mucho m\u00e1s competitiva y en la que los equipos ya son totalmente profesionales. El club est\u00e1 dando pasos de gigante [para adaptarse] y est\u00e1 haciendo las cosas muy bien. Ahora, lo importante es que podamos cumplir el objetivo de mantener la categor\u00eda. Los jugadores estamos trabajando para compenetrarnos lo antes posible y funcionar, porque somos muchas caras nuevas y todav\u00eda estamos en construcci\u00f3n.<\/p>\n<p><strong>Son muchas caras nuevas, pero tambi\u00e9n se mantiene una base s\u00f3lida del curso anterior. \u00bfEs dif\u00edcil la adaptaci\u00f3n de las dos cosas?<\/strong><\/p>\n<p>S\u00ed, est\u00e1 claro. El grupo del a\u00f1o pasado es muy bueno, hay mucha compenetraci\u00f3n, pero el equipo se ha reforzado con jugadores de un gran nivel. Por eso tenemos que cohesionarnos lo antes posible, aunque lleva un tiempo. Cuanto antes lo logremos, antes sumaremos puntos. Esto va de ganar partidos para conseguir el objetivo y no queda otra que trabajar y ser pacientes con el proceso.<\/p>\n<p><strong>De momento, ya tienen dos puntos en el casillero tras vencer al Cisne en la primera jornada. \u00bfQu\u00e9 sabor deja ese triunfo?<\/strong><\/p>\n<p>Fue muy trabajado. La pretemporada ha sido dura, nos cargamos mucho y el equipo se est\u00e1 conociendo y avanzando lentamente. Llegamos a Pontevedra con incertidumbre, a medirnos contra un rival que tiene mucha experiencia y jugadores que llevan tiempo jugando juntos. Y, adem\u00e1s, jug\u00e1bamos fuera de casa. Hab\u00eda bastantes h\u00e1ndicaps y no \u00edbamos c\u00f3modos del todo, porque en pretemporada los resultados fueron irregulares y no terminamos de encontrar un juego s\u00f3lido. Pero, al final, preparamos el partido muy bien, tuvimos una actitud fant\u00e1stica y ejecutamos el plan de manera excepcional. Estuvimos muy bien y nos llevamos dos puntos muy valiosos.<\/p>\n<p><strong>\u00bfDesde las victorias se trabajan mejor las tareas pendientes?<\/strong><\/p>\n<p>Desde luego, eso siempre (se r\u00ede). Se trabaja m\u00e1s tranquilo, todo el mundo est\u00e1 m\u00e1s receptivo. Sabemos que solo son dos puntos, en caso de haber perdido, no hubi\u00e9semos cambiado la manera de afrontar esta semana, pero quer\u00edamos ganar y ganamos. La temporada es larga y hay que sumar mucho, habr\u00e1 altibajos y momentos duros, as\u00ed que, estamos muy contentos de haber ganado, pero hay que continuar entrenando con humildad y con trabajo.<\/p>\n<p><strong>\u00bfQu\u00e9 OAR cree que podremos ver cuando las piezas encajen?<\/strong><\/p>\n<p>Es una pregunta complicada, porque nadie se quiere pillar los dedos con esto (se r\u00ede). Lo que es innegociable, y todos coincidimos en ello, es que hay que competir todos los partidos. Despu\u00e9s, el tiempo nos pondr\u00e1 en nuestro sitio, m\u00e1s arriba o m\u00e1s abajo, ya veremos. Todos queremos mantener al club en Plata, porque A Coru\u00f1a se merece un equipo profesional y tener balonmano del mejor nivel.<\/p>\n<p><strong>\u00bfConsidera que el OAR puede llegar a ser el equipo referente del norte de Galicia?<\/strong><\/p>\n<p>Espero que s\u00ed, es lo que queremos conseguir. Aqu\u00ed en el norte hay una cantera muy buena, hay much\u00edsimos equipos que trabajan bien y nutren al resto del balonmano gallego, es una maravilla. En este caso, el OAR es el que est\u00e1 en categor\u00eda superior, as\u00ed que, \u00bfpor qu\u00e9 no ser una referencia si se hacen bien las cosas? Ojal\u00e1 seamos un espejo y muchos nos vean y quieran mejorar y conseguir buenos resultados. Ser\u00eda un orgullo.<\/p>\n<p><strong>Ha estado dos a\u00f1os lejos de Galicia, en el Burgos. \u00bfPor qu\u00e9 acepta la oferta de jugar en A Coru\u00f1a?<\/strong><\/p>\n<p>Cuando el OAR contact\u00f3 conmigo, me ilusion\u00f3 el proyecto. Hubo conexi\u00f3n cuando habl\u00e9 con los dirigentes, vemos las cosas de manera similar. Quer\u00eda ayudar en algo as\u00ed y favorecer el crecimiento del club, la decisi\u00f3n fue sencilla.<\/p>\n<p><strong>\u00bfConoc\u00eda ya a alguno de sus nuevos compa\u00f1eros?<\/strong><\/p>\n<p>S\u00ed, porque el balonmano es un mercado peque\u00f1o. A algunos no los conoc\u00eda personalmente, pero sab\u00eda qui\u00e9nes eran. He seguido al OAR en varias ocasiones y mi amigo Alejandro Conde estaba aqu\u00ed.<\/p>\n<p><strong>\u00bfQu\u00e9 cree que puede aportar usted al engranaje colectivo?<\/strong><\/p>\n<p>Soy un jugador de ataque, pero jugar\u00e9 de lo que haga falta. Es un t\u00f3pico, lo s\u00e9, pero har\u00e9 lo que Nando me pida. Tengo gol, soy capaz de ver el juego y me gusta organizar, pero, si tengo que defender, defender\u00e9. La liga es muy larga y tenemos que estar los unos para los otros, predispuestos para dar nuestro m\u00e1ximo rendimiento.<\/p>\n<p><strong>Es internacional con la selecci\u00f3n de Estados Unidos. \u00bfPor qu\u00e9?<\/strong><\/p>\n<p>Mi abuelo emigr\u00f3 a Estados Unidos, as\u00ed que mi madre y su familia son americanas. Yo tengo la doble nacionalidad y la selecci\u00f3n estadounidense se interes\u00f3 en que estuviese con ellos. Por mi parte, estoy encantado de representarlos, porque mi historia est\u00e1 dividida entre Espa\u00f1a y Am\u00e9rica. Estamos trabajando para desarrollar el balonmano all\u00ed y en los \u00faltimos a\u00f1os hemos conseguido resultados muy positivos. Est\u00e1 claro que, de momento, es un deporte minoritario, pero cada vez estamos dando m\u00e1s pasos adelante.<\/p>\n<p><strong>Ha participado en dos Mundiales con el equipo norteamericano. \u00bfC\u00f3mo valora esas experiencias?<\/strong><\/p>\n<p>De forma muy positiva. Al final, te codeas con los mejores jugadores del planeta y en el tema organizativo y <a data-type=\"advanced-link\" class=\"ft-link ft-link--decoration\" href=\"https:\/\/www.laopinioncoruna.es\/tags\/deportivo-de-la-coruna\/\" target=\"_blank\" rel=\"nofollow noopener\">deportivo<\/a> es una maravilla. Es un privilegio poder vivir algo as\u00ed y disfrutarlo. As\u00ed que, mientras pueda, lo har\u00e9.<\/p>\n<p><strong>Volviendo al OAR, este s\u00e1bado reciben al Burgos (19.00 horas) y debutan en San Francisco Javier. \u00bfQu\u00e9 espera del encuentro?<\/strong><\/p>\n<p>Es un rival dur\u00edsimo. Para m\u00ed, claro candidato al ascenso. Pero bueno, nosotros afrontamos todas las jornadas igual, vamos a salir como en cualquier otra ocasi\u00f3n. Jugamos en casa y esperamos que la afici\u00f3n responda y venga a ver al equipo. Ser\u00e1 un partido muy exigente, tendremos que dar el m\u00e1ximo y ver qu\u00e9 va pasando. Es otra oportunidad de continuar desarrollando nuestro juego y, sobre todo, de sumar puntos. Tenemos que ser ambiciosos y competir en cualquier circunstancia, por muy potente que sea el rival.<\/p>\n","protected":false},"excerpt":{"rendered":"Lleva ya m\u00e1s de un mes en A Coru\u00f1a. \u00bfC\u00f3mo est\u00e1n siendo sus primeros pasos con el OAR?&hellip;\n","protected":false},"author":2,"featured_media":117471,"comment_status":"","ping_status":"","sticky":false,"template":"","format":"standard","meta":{"footnotes":""},"categories":[278],"tags":[2865,376,39203,22181,168,8656,25,24,629,375,17507,5967,5972,23,167],"class_list":{"0":"post-117470","1":"post","2":"type-post","3":"status-publish","4":"format-standard","5":"has-post-thumbnail","7":"category-balonmano","8":"tag-alex","9":"tag-balonmano","10":"tag-chan","11":"tag-conexion","12":"tag-deportes","13":"tag-division-de-honor-plata","14":"tag-es","15":"tag-espana","16":"tag-estados-unidos","17":"tag-handball","18":"tag-hubo","19":"tag-oar","20":"tag-oar-coruna","21":"tag-spain","22":"tag-sports"},"share_on_mastodon":{"url":"","error":""},"_links":{"self":[{"href":"https:\/\/www.europesays.com\/es\/wp-json\/wp\/v2\/posts\/117470","targetHints":{"allow":["GET"]}}],"collection":[{"href":"https:\/\/www.europesays.com\/es\/wp-json\/wp\/v2\/posts"}],"about":[{"href":"https:\/\/www.europesays.com\/es\/wp-json\/wp\/v2\/types\/post"}],"author":[{"embeddable":true,"href":"https:\/\/www.europesays.com\/es\/wp-json\/wp\/v2\/users\/2"}],"replies":[{"embeddable":true,"href":"https:\/\/www.europesays.com\/es\/wp-json\/wp\/v2\/comments?post=117470"}],"version-history":[{"count":0,"href":"https:\/\/www.europesays.com\/es\/wp-json\/wp\/v2\/posts\/117470\/revisions"}],"wp:featuredmedia":[{"embeddable":true,"href":"https:\/\/www.europesays.com\/es\/wp-json\/wp\/v2\/media\/117471"}],"wp:attachment":[{"href":"https:\/\/www.europesays.com\/es\/wp-json\/wp\/v2\/media?parent=117470"}],"wp:term":[{"taxonomy":"category","embeddable":true,"href":"https:\/\/www.europesays.com\/es\/wp-json\/wp\/v2\/categories?post=117470"},{"taxonomy":"post_tag","embeddable":true,"href":"https:\/\/www.europesays.com\/es\/wp-json\/wp\/v2\/tags?post=117470"}],"curies":[{"name":"wp","href":"https:\/\/api.w.org\/{rel}","templated":true}]}}