{"id":117508,"date":"2025-09-15T22:41:13","date_gmt":"2025-09-15T22:41:13","guid":{"rendered":"https:\/\/www.europesays.com\/es\/117508\/"},"modified":"2025-09-15T22:41:13","modified_gmt":"2025-09-15T22:41:13","slug":"mucho-balon-para-tan-poco-gol-en-el-cordoba","status":"publish","type":"post","link":"https:\/\/www.europesays.com\/es\/117508\/","title":{"rendered":"Mucho bal\u00f3n para tan poco gol en el C\u00f3rdoba"},"content":{"rendered":"<p>\t\t\tLa expresi\u00f3n representa un t\u00f3pico, pero el C\u00f3rdoba vive en el d\u00eda de la marmota. Y lo hace desde la anterior temporada. Aunque su partido en Andorra se convirti\u00f3 en emblema de un hecho cuya factura es muy elevada. El conjunto blanquiverde concede bastante m\u00e1s en \u00e1rea propia de lo que persona en la contraria. Por ejemplo, en el Principado tuvo opciones para ir al descanso con una ventaja amp<\/p>\n<p style=\"text-align:center\"> Para seguir leyendo suscr\u00edbete<\/p>\n<p style=\"text-align:center\"> \u00bfYa est\u00e1s suscrito? <a href=\"https:\/\/cordobadeporte.com\/iniciar-sesion\/\" style=\"color:#72b142;text-decoration:underline\" rel=\"nofollow noopener\" target=\"_blank\">Inicia sesi\u00f3n<\/a><\/p>\n<p>Opciones de suscripci\u00f3nMensual 2025<\/p>\n<p style=\"text-align:center\">3,25\u20ac<br \/>&#13;<br \/>\n3,95\u20ac<br \/>&#13;<br \/>\nAl mes<br \/>&#13;<br \/>\nPago recurrente<\/p>\n<p><strong>3,25 \u20ac cada 1 mes (peri\u00f3dica)<\/strong><\/p>\n<p>Cuatrimestral 2025<\/p>\n<p style=\"text-align:center\">12,25\u20ac<br \/>&#13;<br \/>\n12,95\u20ac<br \/>&#13;<br \/>\nCada 4 meses<br \/>&#13;<br \/>\nPago recurrente<\/p>\n<p><strong>12,25 \u20ac cada 4 meses (peri\u00f3dica)<\/strong><\/p>\n<p>Anual 2025<\/p>\n<p style=\"text-align:center\">31,99\u20ac<br \/>&#13;<br \/>\n34,95\u20ac<br \/>&#13;<br \/>\nAl a\u00f1o<br \/>&#13;<br \/>\nPago recurrente<\/p>\n<p><strong>31,99 \u20ac cada 1 a\u00f1o (peri\u00f3dica)<\/strong><\/p>\n<p style=\"text-align:center;font-size:0.8em;font-weight:400\">PROMOCI\u00d3N V\u00c1LIDA HASTA EL 1 DE ENERO DE 2026<\/p>\n<p><a href=\"http:\/\/ads.cordobadeporte.com\/www\/delivery\/ck.php?n=a67dc791&amp;cb=INSERT_RANDOM_NUMBER_HERE\" target=\"_blank\" rel=\"nofollow noopener\"><img decoding=\"async\" src=\"https:\/\/www.europesays.com\/es\/wp-content\/uploads\/2025\/09\/1757976072_754_avw\" border=\"0\" alt=\"\"\/><\/a><\/p>\n<p><a href=\"http:\/\/ads.cordobadeporte.com\/www\/delivery\/ck.php?n=ad1a0db8&amp;cb=INSERT_RANDOM_NUMBER_HERE\" target=\"_blank\" rel=\"nofollow noopener\"><img decoding=\"async\" src=\"https:\/\/www.europesays.com\/es\/wp-content\/uploads\/2025\/09\/1757976073_86_avw\" border=\"0\" alt=\"\"\/><\/a><\/p>\n","protected":false},"excerpt":{"rendered":"La expresi\u00f3n representa un t\u00f3pico, pero el C\u00f3rdoba vive en el d\u00eda de la marmota. Y lo hace&hellip;\n","protected":false},"author":2,"featured_media":117509,"comment_status":"","ping_status":"","sticky":false,"template":"","format":"standard","meta":{"footnotes":""},"categories":[278],"tags":[10098,376,39207,3332,39208,168,25,24,4120,5815,375,39209,7640,23,167],"class_list":{"0":"post-117508","1":"post","2":"type-post","3":"status-publish","4":"format-standard","5":"has-post-thumbnail","7":"category-balonmano","8":"tag-andorra","9":"tag-balonmano","10":"tag-ccf","11":"tag-cordoba-cf","12":"tag-cordobacf","13":"tag-deportes","14":"tag-es","15":"tag-espana","16":"tag-estadisticas","17":"tag-goles","18":"tag-handball","19":"tag-home1","20":"tag-segunda-division","21":"tag-spain","22":"tag-sports"},"share_on_mastodon":{"url":"","error":""},"_links":{"self":[{"href":"https:\/\/www.europesays.com\/es\/wp-json\/wp\/v2\/posts\/117508","targetHints":{"allow":["GET"]}}],"collection":[{"href":"https:\/\/www.europesays.com\/es\/wp-json\/wp\/v2\/posts"}],"about":[{"href":"https:\/\/www.europesays.com\/es\/wp-json\/wp\/v2\/types\/post"}],"author":[{"embeddable":true,"href":"https:\/\/www.europesays.com\/es\/wp-json\/wp\/v2\/users\/2"}],"replies":[{"embeddable":true,"href":"https:\/\/www.europesays.com\/es\/wp-json\/wp\/v2\/comments?post=117508"}],"version-history":[{"count":0,"href":"https:\/\/www.europesays.com\/es\/wp-json\/wp\/v2\/posts\/117508\/revisions"}],"wp:featuredmedia":[{"embeddable":true,"href":"https:\/\/www.europesays.com\/es\/wp-json\/wp\/v2\/media\/117509"}],"wp:attachment":[{"href":"https:\/\/www.europesays.com\/es\/wp-json\/wp\/v2\/media?parent=117508"}],"wp:term":[{"taxonomy":"category","embeddable":true,"href":"https:\/\/www.europesays.com\/es\/wp-json\/wp\/v2\/categories?post=117508"},{"taxonomy":"post_tag","embeddable":true,"href":"https:\/\/www.europesays.com\/es\/wp-json\/wp\/v2\/tags?post=117508"}],"curies":[{"name":"wp","href":"https:\/\/api.w.org\/{rel}","templated":true}]}}