{"id":117512,"date":"2025-09-15T22:44:10","date_gmt":"2025-09-15T22:44:10","guid":{"rendered":"https:\/\/www.europesays.com\/es\/117512\/"},"modified":"2025-09-15T22:44:10","modified_gmt":"2025-09-15T22:44:10","slug":"jimenez-suma-su-decimo-top-5-del-ano-en-el-sanford-internat","status":"publish","type":"post","link":"https:\/\/www.europesays.com\/es\/117512\/","title":{"rendered":"Jim\u00e9nez suma su d\u00e9cimo Top 5 del a\u00f1o en el Sanford Internat."},"content":{"rendered":"<p style=\"text-align: justify;\"><strong>Miguel \u00c1ngel Jim\u00e9nez<\/strong> volvi\u00f3 a dar una lecci\u00f3n de regularidad en el <strong>Sanford International<\/strong>, disputado en el <strong>Minnehaha Country Club<\/strong> de <strong>Sioux Falls<\/strong> (<strong>Dakota del Sur<\/strong>). El campe\u00f3n de la edici\u00f3n 2020 firm\u00f3 el domingo una tarjeta de 71 golpes (+1); con un solitario birdie frente a dos bogeys, para cerrar el torneo en la quinta posici\u00f3n.<\/p>\n<p style=\"text-align: justify;\">Con este resultado, el malague\u00f1o acumula ya diez Top 5 en 19 torneos disputados en 2025, y lo que es m\u00e1s importante; se mantiene por decimonovena semana consecutiva al frente de la <strong>Charles Schwab Cup<\/strong>; cuando apenas restan cinco torneos para alcanzar la gran final del curso y con ello el desenlace de la temporada.<\/p>\n<p style=\"text-align: justify;\">El protagonismo de la jornada, sin embargo, recay\u00f3 en <strong>Retief Goosen<\/strong>, que volvi\u00f3 a saborear el triunfo en el <strong>Champions Tour<\/strong> 18 meses despu\u00e9s. El sudafricano de 56 a\u00f1os, doble campe\u00f3n del <strong>US Open<\/strong>, complet\u00f3 el torneo con 197 golpes (-13) gracias a una s\u00f3lida ronda final de 67 (-3); superando por dos a Bo Van Pelt.<\/p>\n<p style=\"text-align: justify;\">Por detr\u00e1s, <strong>Ernie Els<\/strong> (73) y <strong>Darren Clarke<\/strong> (68) compartieron la tercera plaza con -8; en una semana marcada por la exigencia del recorrido y los cambios de ritmo que no perdonaron a nadie.<\/p>\n<p style=\"text-align: justify;\">Goosen firm\u00f3 as\u00ed su cuarta victoria en el circuito S\u00e9nior y la primera en 2025; despu\u00e9s de rozarla en el Insperity Invitational, donde perdi\u00f3 en un desempate. El triunfo le permite escalar al noveno puesto de la Orden del M\u00e9rito, confirmando que sigue siendo un competidor temible.<\/p>\n<p><a style=\"color: #008000;\" href=\"https:\/\/opengolf.es\/circuitos\/siga-aqui-y-en-directo-los-marcadores-de-todos-los-circuitos-en-juego-4\/\" rel=\"nofollow noopener\" target=\"_blank\"><strong>Ver CLASIFICACI\u00d3N Final<\/strong><\/a><\/p>\n<p style=\"text-align: justify;\"><strong>Puede seguir a OpenGolf en <\/strong><a style=\"color: #008000;\" href=\"https:\/\/www.facebook.com\/opengolfes.es\/\" rel=\"nofollow noopener\" target=\"_blank\"><strong>Facebook<\/strong><\/a><strong>; <\/strong><a style=\"color: #008000;\" href=\"https:\/\/twitter.com\/opengolf_news\" rel=\"nofollow noopener\" target=\"_blank\"><strong>Twitter<\/strong><\/a><strong>; <\/strong><a style=\"color: #008000;\" href=\"https:\/\/www.linkedin.com\/in\/fernando-molina-b1455a14\/\" rel=\"nofollow noopener\" target=\"_blank\"><strong>LinkedIn<\/strong><\/a><strong> y suscribi\u00e9ndose a trav\u00e9s de este enlace a nuestra <\/strong><a style=\"color: #008000;\" href=\"https:\/\/opengolf.es\/newsletters.php\" rel=\"nofollow noopener\" target=\"_blank\"><strong>Newsletter Semanal<\/strong><\/a><\/p>\n<p>\t\t<script async src=\"https:\/\/platform.twitter.com\/widgets.js\" charset=\"utf-8\"><\/script><\/p>\n","protected":false},"excerpt":{"rendered":"Miguel \u00c1ngel Jim\u00e9nez volvi\u00f3 a dar una lecci\u00f3n de regularidad en el Sanford International, disputado en el Minnehaha&hellip;\n","protected":false},"author":2,"featured_media":117513,"comment_status":"","ping_status":"","sticky":false,"template":"","format":"standard","meta":{"footnotes":""},"categories":[275],"tags":[20513,39210,168,335,25,24,329,1908,39016,38657,23,167],"class_list":{"0":"post-117512","1":"post","2":"type-post","3":"status-publish","4":"format-standard","5":"has-post-thumbnail","7":"category-golf","8":"tag-charles-schwab-cup","9":"tag-darren-clarke","10":"tag-deportes","11":"tag-ernie-els","12":"tag-es","13":"tag-espana","14":"tag-golf","15":"tag-miguel-angel-jimenez","16":"tag-retief-goosen","17":"tag-sanford-international","18":"tag-spain","19":"tag-sports"},"share_on_mastodon":{"url":"","error":""},"_links":{"self":[{"href":"https:\/\/www.europesays.com\/es\/wp-json\/wp\/v2\/posts\/117512","targetHints":{"allow":["GET"]}}],"collection":[{"href":"https:\/\/www.europesays.com\/es\/wp-json\/wp\/v2\/posts"}],"about":[{"href":"https:\/\/www.europesays.com\/es\/wp-json\/wp\/v2\/types\/post"}],"author":[{"embeddable":true,"href":"https:\/\/www.europesays.com\/es\/wp-json\/wp\/v2\/users\/2"}],"replies":[{"embeddable":true,"href":"https:\/\/www.europesays.com\/es\/wp-json\/wp\/v2\/comments?post=117512"}],"version-history":[{"count":0,"href":"https:\/\/www.europesays.com\/es\/wp-json\/wp\/v2\/posts\/117512\/revisions"}],"wp:featuredmedia":[{"embeddable":true,"href":"https:\/\/www.europesays.com\/es\/wp-json\/wp\/v2\/media\/117513"}],"wp:attachment":[{"href":"https:\/\/www.europesays.com\/es\/wp-json\/wp\/v2\/media?parent=117512"}],"wp:term":[{"taxonomy":"category","embeddable":true,"href":"https:\/\/www.europesays.com\/es\/wp-json\/wp\/v2\/categories?post=117512"},{"taxonomy":"post_tag","embeddable":true,"href":"https:\/\/www.europesays.com\/es\/wp-json\/wp\/v2\/tags?post=117512"}],"curies":[{"name":"wp","href":"https:\/\/api.w.org\/{rel}","templated":true}]}}