{"id":117514,"date":"2025-09-15T22:45:09","date_gmt":"2025-09-15T22:45:09","guid":{"rendered":"https:\/\/www.europesays.com\/es\/117514\/"},"modified":"2025-09-15T22:45:09","modified_gmt":"2025-09-15T22:45:09","slug":"cuando-y-donde-son-que-paises-participan-jugara-alcaraz","status":"publish","type":"post","link":"https:\/\/www.europesays.com\/es\/117514\/","title":{"rendered":"\u00bfCu\u00e1ndo y d\u00f3nde son? \u00bfQu\u00e9 pa\u00edses participan? \u00bfJugar\u00e1 Alcaraz?"},"content":{"rendered":"<p class=\"L6-news-detail__text\"><b><a title=\"Espa\u00f1a\" href=\"https:\/\/www.lasexta.com\/noticias\/deportes\/tenis\/rune-carga-espana-aficion-eliminacion-copa-davis-educacion_2025091568c81309d8e27966645c604d.html\" target=\"_blank\" rel=\"nofollow noopener\">Espa\u00f1a<\/a><\/b> tendr\u00e1 la oportunidad de conquistar un nuevo t\u00edtulo de la <b><a title=\"Copa Davis\" href=\"https:\/\/www.lasexta.com\/noticias\/deportes\/tenis\/record-historico-que-batio-espana-remontar-dinamarca-copa-davis_2025091568c806ef0e72636c5e8ab7ea.html\" target=\"_blank\" rel=\"nofollow noopener\">Copa Davis<\/a><\/b>. El cuadro dirgido por <b>David Ferrer<\/b> tendr\u00e1 que enfrentarse en unas finales en las que participar\u00e1n ocho selecciones y que se celebrar\u00e1n en <b>Bolonia (Italia) del 18 al 23 de noviembre<\/b>.<\/p>\n<p class=\"L6-news-detail__text\">A Espa\u00f1a se le suma <b>Italia<\/b>, B\u00e9lgica, Francia, <b>Rep\u00fablica Checa<\/b>, Argentina, Austria y Alemania. Si el conjunto espa\u00f1ol y el transalpino consiguen alinear a <b><a title=\"Carlos Alcaraz\" href=\"https:\/\/www.lasexta.com\/noticias\/deportes\/tenis\/analisis-capitan-italia-situacion-sinner-alcaraz-inutil_2025091468c6e88fd8e2796664590ca0.html\" target=\"_blank\" rel=\"nofollow noopener\">Carlos Alcaraz<\/a><\/b> y a <b><a title=\"Jannik Sinner\" href=\"https:\/\/www.lasexta.com\/noticias\/deportes\/tenis\/analisis-capitan-italia-situacion-sinner-alcaraz-inutil_2025091468c6e88fd8e2796664590ca0.html\" target=\"_blank\" rel=\"nofollow noopener\">Jannik Sinner<\/a><\/b> pasar\u00e1n a ser los grandes favoritos.<\/p>\n<p class=\"L6-news-detail__text\">Alemania, con la participaci\u00f3n de <b>Alexander Zverev<\/b>, podr\u00eda ser tambi\u00e9n una candidata a tener en cuenta al igual que Rep\u00fablica Checa, que cuenta con dos jugadores muy potentes en individuales como <b>Jiri Lehecka y Jakub Mensik. <\/b><\/p>\n<p class=\"L6-news-detail__text\">Francia y B\u00e9lgica dieron la sorpresa en la ronda previa eliminando a <b>Pa\u00edses Bajos<\/b>, subcampeona de la edici\u00f3n pasada, y a la <b>Australia<\/b> de \u00c1lex de Minaur, respectivamente. Austria, una de las sopresas de la final, puede ser uno de los rivales m\u00e1s d\u00e9biles.<\/p>\n<p class=\"L6-news-detail__text\">Sin embargo, el potencial de ciertas selecciones depende de la disponibilidad de sus estrellas. Espa\u00f1a, en esta pasada ronda, no ha podido contar con ninguno de sus dos mejores jugadores en dobles, <b>Alcaraz<\/b> y <b>Davidovich<\/b> y su mejor jugador de dobles, <b>Marcel Granollers<\/b>.<\/p>\n<p class=\"L6-news-detail__text\">Con Italia pasa algo parecido. El cuadro transalpino depende de la participaci\u00f3n de <b>Jannik Sinner<\/b> en unas finales en las que desde luego contar con el de San C\u00e1ndido es pr\u00e1cticamente asegurarse un punto en cada eliminatoria.<\/p>\n<p class=\"L6-news-detail__text\">El sorteo de los <b>enfrentamientos<\/b> a\u00fan no se ha realizado. Espa\u00f1a no conoce, de momento, su camino hac\u00eda lo que intentar\u00e1 que se convierta en la <b>s\u00e9ptima<\/b> &#8216;Ensaladera&#8217; de su historia. No gana el trofeo desde 2019.<\/p>\n<p class=\"L6-support-news-video__title\">En &#8216;El Cafelito&#8217;<\/p>\n<p>            <a href=\"https:\/\/www.lasexta.com\/noticias\/deportes\/futbol\/mono-burgos-desvela-motivos-que-entrena-septima-division-espana_2025091268c44364d8e27966644f8987.html\" class=\"L6-news__link\" rel=\"nofollow noopener\" target=\"_blank\"><br \/>\n                El &#8216;Mono&#8217; Burgos desvela los motivos por los que entrena en la s\u00e9ptima divisi\u00f3n de Espa\u00f1a<\/p>\n<p class=\"recirculation-video-desc\">El exportero y entrenador argentino ha confesado a Josep Pedrerol las razones que lo han empujado a formar parte del cuerpo t\u00e9cnico del Nuevo Pinto CF, club que milita en la preferente madrile\u00f1a.<\/p>\n<p>            <\/a><\/p>\n","protected":false},"excerpt":{"rendered":"Espa\u00f1a tendr\u00e1 la oportunidad de conquistar un nuevo t\u00edtulo de la Copa Davis. El cuadro dirgido por David&hellip;\n","protected":false},"author":2,"featured_media":117515,"comment_status":"","ping_status":"","sticky":false,"template":"","format":"standard","meta":{"footnotes":""},"categories":[274],"tags":[168,25,24,23,167,327,326],"class_list":{"0":"post-117514","1":"post","2":"type-post","3":"status-publish","4":"format-standard","5":"has-post-thumbnail","7":"category-tenis","8":"tag-deportes","9":"tag-es","10":"tag-espana","11":"tag-spain","12":"tag-sports","13":"tag-tenis","14":"tag-tennis"},"share_on_mastodon":{"url":"","error":""},"_links":{"self":[{"href":"https:\/\/www.europesays.com\/es\/wp-json\/wp\/v2\/posts\/117514","targetHints":{"allow":["GET"]}}],"collection":[{"href":"https:\/\/www.europesays.com\/es\/wp-json\/wp\/v2\/posts"}],"about":[{"href":"https:\/\/www.europesays.com\/es\/wp-json\/wp\/v2\/types\/post"}],"author":[{"embeddable":true,"href":"https:\/\/www.europesays.com\/es\/wp-json\/wp\/v2\/users\/2"}],"replies":[{"embeddable":true,"href":"https:\/\/www.europesays.com\/es\/wp-json\/wp\/v2\/comments?post=117514"}],"version-history":[{"count":0,"href":"https:\/\/www.europesays.com\/es\/wp-json\/wp\/v2\/posts\/117514\/revisions"}],"wp:featuredmedia":[{"embeddable":true,"href":"https:\/\/www.europesays.com\/es\/wp-json\/wp\/v2\/media\/117515"}],"wp:attachment":[{"href":"https:\/\/www.europesays.com\/es\/wp-json\/wp\/v2\/media?parent=117514"}],"wp:term":[{"taxonomy":"category","embeddable":true,"href":"https:\/\/www.europesays.com\/es\/wp-json\/wp\/v2\/categories?post=117514"},{"taxonomy":"post_tag","embeddable":true,"href":"https:\/\/www.europesays.com\/es\/wp-json\/wp\/v2\/tags?post=117514"}],"curies":[{"name":"wp","href":"https:\/\/api.w.org\/{rel}","templated":true}]}}