{"id":117534,"date":"2025-09-15T22:55:08","date_gmt":"2025-09-15T22:55:08","guid":{"rendered":"https:\/\/www.europesays.com\/es\/117534\/"},"modified":"2025-09-15T22:55:08","modified_gmt":"2025-09-15T22:55:08","slug":"insidious-6-confirma-su-fecha-de-estreno-junto-al-regreso-de-la-mitica-actriz-que-da-sentido-a-la-saga","status":"publish","type":"post","link":"https:\/\/www.europesays.com\/es\/117534\/","title":{"rendered":"\u2018Insidious 6\u2019 confirma su fecha de estreno junto al regreso de la m\u00edtica actriz que da sentido a la saga"},"content":{"rendered":"<p class=\"\">2025 ha sido un a\u00f1o especialmente positivo para los amantes del <b>cine de terror<\/b>, ya que pel\u00edculas como \u2018<a href=\"https:\/\/as.com\/meristation\/noticias\/devuelvemela-la-nueva-pelicula-que-todo-fan-del-terror-deberia-correr-a-ver-hoy-mismo-n\/\" rel=\"nofollow noopener\" target=\"_blank\">Devu\u00e9lvemela<\/a>\u2019, \u2018<a href=\"https:\/\/as.com\/meristation\/cine\/weapons-la-mejor-pelicula-de-terror-del-ano-r\/\" rel=\"nofollow noopener\" target=\"_blank\">Weapons<\/a>\u2019 y la sorprendente \u2018<a href=\"https:\/\/as.com\/meristation\/cine\/instalan-camaras-ocultas-en-una-sala-de-cine-para-la-gente-que-ve-traumatika-y-no-hay-lugar-a-dudas-esta-nueva-pelicula-de-terror-causa-panico-a-todos-n\/\" target=\"_blank\" rel=\"noreferrer nofollow noopener\" title=\"https:\/\/as.com\/meristation\/cine\/instalan-camaras-ocultas-en-una-sala-de-cine-para-la-gente-que-ve-traumatika-y-no-hay-lugar-a-dudas-esta-nueva-pelicula-de-terror-causa-panico-a-todos-n\/\">Traumatika<\/a>\u2019, parece que la cosa empezar\u00e1 muy fuerte el a\u00f1o que viene, ya que una de las pel\u00edculas m\u00e1s esperadas entre los fans del g\u00e9nero es, sin duda, \u2018<b>Insidious 6<\/b>\u2032, la cual acaba de confirmar tanto su fecha de estreno como <b>el regreso de la actriz m\u00e1s representativa de la saga, <\/b><a href=\"https:\/\/www.imdb.com\/es-es\/name\/nm0005417\/?reasonForLanguagePrompt=browser_header_mismatch\" target=\"_blank\" rel=\"noreferrer nofollow noopener\" title=\"https:\/\/www.imdb.com\/es-es\/name\/nm0005417\/?reasonForLanguagePrompt=browser_header_mismatch\"><b>Lin Shaye<\/b><\/a>.<\/p>\n<p class=\"\">\u2018<a href=\"https:\/\/as.com\/meristation\/cine\/insidious-6-es-oficial-y-tiene-fecha-de-estreno-resulta-que-la-puerta-roja-no-era-el-fin-de-la-saga-n\/\" target=\"_blank\" rel=\"noreferrer nofollow noopener\" title=\"https:\/\/as.com\/meristation\/cine\/insidious-6-es-oficial-y-tiene-fecha-de-estreno-resulta-que-la-puerta-roja-no-era-el-fin-de-la-saga-n\/\">Insidious 6<\/a>\u2032 se estrenar\u00e1 en cines <b>el 21 de agosto de 2026<\/b> y a Lin Shaye, la mujer experta en ciencias ocultas protagonista de la franquicia, se unir\u00e1 <b>Amelia Eve<\/b> (\u2019<a href=\"https:\/\/as.com\/meristation\/noticias\/la-maldicion-de-hill-house-una-historia-de-terror-inolvidable-con-un-momento-que-es-historia-de-al-television-n\/\" target=\"_blank\" rel=\"noreferrer nofollow noopener\" title=\"https:\/\/as.com\/meristation\/noticias\/la-maldicion-de-hill-house-una-historia-de-terror-inolvidable-con-un-momento-que-es-historia-de-al-television-n\/\">La maldici\u00f3n de Hill House<\/a>\u2019). Por el momento, no ha trascendido absolutamente nada sobre la sinopsis, por lo que no sabemos qu\u00e9 papel jugar\u00e1 exactamente Elise Rainer, el personaje interpretado por Shaye. Inicialmente, se lleg\u00f3 a considerar que \u2018<a href=\"https:\/\/as.com\/meristation\/reportajes\/insidious-the-red-door-critica-los-viejos-fantasmas-ya-no-dan-miedo-r\/\" target=\"_blank\" rel=\"noreferrer nofollow noopener\" title=\"https:\/\/as.com\/meristation\/reportajes\/insidious-the-red-door-critica-los-viejos-fantasmas-ya-no-dan-miedo-r\/\">La puerta roja<\/a>\u2019 ser\u00eda el final de la saga, pero ahora es oficial que habr\u00e1, como m\u00ednimo, una sexta entrega.<\/p>\n<p><img decoding=\"async\" src=\"https:\/\/www.europesays.com\/es\/wp-content\/uploads\/2025\/09\/6RQ5R2NNONAMVGXRUTS4FE2KJ4.jpg\" alt=\"lin shaye insidious 6\" class=\"mm__img\"   width=\"1200\" height=\"675\" loading=\"lazy\"\/><\/p>\n<p>Ampliar<\/p>\n<p>Lin ShayeD\u00f3nde ver \u2018Insidious\u2019 y todas las pel\u00edculas de la saga<\/p>\n<ul>\n<li>\u2018Insidious\u2019 (2011) &#8211; Lionsgate+, a trav\u00e9s de Amazon Prime Video Channels.<\/li>\n<li>\u2018Insidious 2\u2032 (2013) &#8211; Lionsgate+, a trav\u00e9s de Amazon Prime Video Channels.<\/li>\n<li>\u2018Insidious 3\u2032 (2015) &#8211; Lionsgate+, a trav\u00e9s de Amazon Prime Video Channels.<\/li>\n<li>\u2018Insidious 4\u2032 (\u2019La \u00faltima llave\u2019) (2018) &#8211; Netflix.<\/li>\n<li>\u2018Insidious 5\u2032 (\u2019La puerta roja\u2019) (2023) &#8211; Amazon Prime Video.<\/li>\n<\/ul>\n<p>Noticias relacionadas<\/p>\n<p class=\"\">Suscr\u00edbete al <a href=\"https:\/\/www.youtube.com\/@meristation\" target=\"_self\" rel=\"nofollow noopener\" title=\"https:\/\/www.youtube.com\/@meristation\">canal de MeriStation en YouTube<\/a>, tu web de videojuegos y entretenimiento para conocer todas las noticias y novedades sobre el mundo del videojuego, cine, series, manga y anime. An\u00e1lisis, entrevistas, tr\u00e1ileres, gameplays, p\u00f3dcast y mucho m\u00e1s. Tambi\u00e9n te animamos a seguir <a href=\"https:\/\/www.tiktok.com\/@meristation\" rel=\"nofollow noopener\" title=\"https:\/\/www.tiktok.com\/@meristation\" target=\"_blank\">nuestra cuenta de TikTok<\/a>. <\/p>\n<p class=\"\">\u00a1S\u00edguenos en ambas y, si est\u00e1s interesado en licenciar este contenido, pincha <a href=\"https:\/\/profesional.elpais.com\/soluciones-sindicacion?utm_medium=interno&amp;utm_source=crosslinking&amp;utm_campaign=sindicacion_as_pie_articulos\" target=\"_blank\" rel=\"nofollow noopener\" title=\"https:\/\/profesional.elpais.com\/soluciones-sindicacion?utm_medium=interno&amp;utm_source=crosslinking&amp;utm_campaign=sindicacion_as_pie_articulos\">aqu\u00ed<\/a>!<\/p>\n<p><script async src=\"\/\/www.tiktok.com\/embed.js\"><\/script><\/p>\n","protected":false},"excerpt":{"rendered":"2025 ha sido un a\u00f1o especialmente positivo para los amantes del cine de terror, ya que pel\u00edculas como&hellip;\n","protected":false},"author":2,"featured_media":117535,"comment_status":"","ping_status":"","sticky":false,"template":"","format":"standard","meta":{"footnotes":""},"categories":[169],"tags":[177,146,147,25,24,176,175,23],"class_list":{"0":"post-117534","1":"post","2":"type-post","3":"status-publish","4":"format-standard","5":"has-post-thumbnail","7":"category-cine","8":"tag-cine","9":"tag-entertainment","10":"tag-entretenimiento","11":"tag-es","12":"tag-espana","13":"tag-film","14":"tag-movies","15":"tag-spain"},"share_on_mastodon":{"url":"","error":""},"_links":{"self":[{"href":"https:\/\/www.europesays.com\/es\/wp-json\/wp\/v2\/posts\/117534","targetHints":{"allow":["GET"]}}],"collection":[{"href":"https:\/\/www.europesays.com\/es\/wp-json\/wp\/v2\/posts"}],"about":[{"href":"https:\/\/www.europesays.com\/es\/wp-json\/wp\/v2\/types\/post"}],"author":[{"embeddable":true,"href":"https:\/\/www.europesays.com\/es\/wp-json\/wp\/v2\/users\/2"}],"replies":[{"embeddable":true,"href":"https:\/\/www.europesays.com\/es\/wp-json\/wp\/v2\/comments?post=117534"}],"version-history":[{"count":0,"href":"https:\/\/www.europesays.com\/es\/wp-json\/wp\/v2\/posts\/117534\/revisions"}],"wp:featuredmedia":[{"embeddable":true,"href":"https:\/\/www.europesays.com\/es\/wp-json\/wp\/v2\/media\/117535"}],"wp:attachment":[{"href":"https:\/\/www.europesays.com\/es\/wp-json\/wp\/v2\/media?parent=117534"}],"wp:term":[{"taxonomy":"category","embeddable":true,"href":"https:\/\/www.europesays.com\/es\/wp-json\/wp\/v2\/categories?post=117534"},{"taxonomy":"post_tag","embeddable":true,"href":"https:\/\/www.europesays.com\/es\/wp-json\/wp\/v2\/tags?post=117534"}],"curies":[{"name":"wp","href":"https:\/\/api.w.org\/{rel}","templated":true}]}}