{"id":117538,"date":"2025-09-15T22:57:12","date_gmt":"2025-09-15T22:57:12","guid":{"rendered":"https:\/\/www.europesays.com\/es\/117538\/"},"modified":"2025-09-15T22:57:12","modified_gmt":"2025-09-15T22:57:12","slug":"el-mieloma-multiple-protagonista-de-la-campana-lo-que-no-ves-espacios-sanadores","status":"publish","type":"post","link":"https:\/\/www.europesays.com\/es\/117538\/","title":{"rendered":"El mieloma m\u00faltiple protagonista de la campa\u00f1a `Lo que no ves Espacios Sanadores"},"content":{"rendered":"<p>En el marco del Mes de Concienciaci\u00f3n de los C\u00e1nceres de la Sangre, Johnson &amp; Johnson, con la colaboraci\u00f3n de ATMOS (Asociaci\u00f3n de Personas Trasplantadas de M\u00e9dula \u00d3sea y Enfermedades de la Sangre), lanza una nueva edici\u00f3n de la campa\u00f1a `Lo que no ves: Espacios Sanadores&#8217;, una serie de di\u00e1logos &#8230;            &#13;\n        <\/p>\n<p> &#13;<br \/>\n&#13;<\/p>\n<p>En el marco del <strong>Mes de Concienciaci\u00f3n de los C\u00e1nceres de la Sangre<\/strong>, Johnson &amp; Johnson, con la colaboraci\u00f3n de ATMOS (Asociaci\u00f3n de Personas Trasplantadas de M\u00e9dula \u00d3sea y Enfermedades de la Sangre), lanza una nueva edici\u00f3n de la campa\u00f1a <strong>`Lo que no ves: Espacios Sanadores&#8217;<\/strong>, una serie de di\u00e1logos entre pacientes y profesionales sanitarios que buscan mejorar el conocimiento que la sociedad tiene sobre el mieloma m\u00faltiple, un c\u00e1ncer que se origina en c\u00e9lulas de la m\u00e9dula \u00f3sea, el segundo c\u00e1ncer de la sangre m\u00e1s frecuente en Espa\u00f1a, y del que se diagnosticar\u00e1 a m\u00e1s de 3.700 personas este a\u00f1o.<\/p>\n<p>A lo largo de las seis ediciones de esta campa\u00f1a, diferentes entornos naturales sirven de escenario para crear un clima de tranquilidad y reflexi\u00f3n que invita a hablar sobre esta enfermedad, a compartir experiencias, necesidades, miedos y esperanzas y a hacer visibles aquellos aspectos del mieloma m\u00faltiple que no se ven habitualmente.<\/p>\n<p><strong>El Carmen de la Victoria, un oasis en la ciudad de Granada<\/strong><\/p>\n<p>El Carmen de la Victoria, un oasis nazar\u00ed en el coraz\u00f3n de Granada, acoge el encuentro entre <strong>Ra\u00fal G\u00f3mez Ferrete<\/strong>, paciente de mieloma m\u00faltiple, y la <strong>Dra. Esther Clavero<\/strong>, especialista en Hematolog\u00eda del Hospital Universitario Virgen de las Nieves. En este cap\u00edtulo, que cuenta de nuevo con la colaboraci\u00f3n del periodista y aventurero Sebasti\u00e1n \u00c1lvaro, paciente y profesional conversan abiertamente sobre los importantes avances que se han producido en torno a esta enfermedad.<\/p>\n<p> &#13;<\/p>\n<p>\u00abLa innovaci\u00f3n terap\u00e9utica en el mieloma es incre\u00edble, fundamentalmente en los \u00faltimos quince a\u00f1os\u00bb, comenta la Dra. Clavero, quien insiste, adem\u00e1s, en la importancia de aplicar esta innovaci\u00f3n en las primeras l\u00edneas de tratamiento: \u00abEn la primera l\u00ednea de un paciente con mieloma, tenemos que ofrecer siempre lo mejor que tengamos\u00bb.<\/p>\n<p>El testimonio de Ra\u00fal refleja el largo camino hasta llegar al diagn\u00f3stico: \u00abTen\u00eda un intenso dolor corporal que no sab\u00eda a qu\u00e9 obedec\u00eda\u00bb, explica este paciente de mieloma m\u00faltiple. Finalmente, una visita urgente al hospital le llev\u00f3 a conocer el nombre de una enfermedad que nunca hab\u00eda o\u00eddo, el mieloma m\u00faltiple. \u00abYo llegu\u00e9 muy deteriorado. Si lo hubieran diagnosticado antes, no habr\u00eda llegado a ese deterioro\u00bb, recuerda Ra\u00fal. <\/p>\n<p>Para la Dra. Clavero, estos casos subrayan la importancia del diagn\u00f3stico precoz. \u00abCuanto antes tratemos el mieloma, antes pararemos la enfermedad y menos deterioro sufrir\u00e1n los pacientes. Y eso se traduce en una mejor calidad de vida, tanto en el momento del diagn\u00f3stico como en el futuro\u00bb, afirma la hemat\u00f3loga.<\/p>\n<p>En este sentido, alguno de los s\u00edntomas m\u00e1s frecuentes del mieloma m\u00faltiple son las lesiones \u00f3seas, la anemia, los problemas renales o hipercalcemia. La mayor\u00eda de los pacientes con mieloma presenta alg\u00fan s\u00edntoma, siendo el dolor el m\u00e1s frecuente junto con la anemia, que conlleva adem\u00e1s desarrollo de fatiga. Como explican los expertos, estos s\u00edntomas en ocasiones pueden confundirse con signos habituales del envejecimiento.<\/p>\n<p>La experiencia de Ra\u00fal muestra c\u00f3mo la enfermedad afecta no solo al paciente, sino tambi\u00e9n al entorno m\u00e1s cercano. \u00abNo me dol\u00eda lo que yo ten\u00eda, me dol\u00edan mis hijos. Cuando despu\u00e9s del trasplante empec\u00e9 a recuperarme y vi que ellos retomaban los estudios, eso me hizo muy feliz\u00bb. <\/p>\n<p>La Dra. Clavero a\u00f1ade que, pese a la preocupaci\u00f3n que genera la posibilidad de reca\u00edda, el contexto actual es esperanzador. \u00abEstamos en el mejor momento del tratamiento del mieloma por la gran cantidad de opciones que tenemos disponibles. Poder ofrecer al paciente las mejores garant\u00edas es una tranquilidad tanto para ellos como para nosotros\u00bb, concluye la especialista. En la actualidad, la investigaci\u00f3n de nuevas dianas terap\u00e9uticas y el desarrollo de medicamentos innovadores ha permitido dar pasos muy importantes, aumentando la supervivencia y la calidad de vida de los pacientes.<\/p>\n<p>En este sentido, Ra\u00fal coincide en destacar el papel de la innovaci\u00f3n. \u00abYo me he beneficiado de esos avances. Llevo seis a\u00f1os en remisi\u00f3n completa y eso me permite llevar una vida normal, aunque siempre exista el miedo a la reca\u00edda\u00bb, apunta el paciente.<\/p>\n<p><strong>Otros Espacios Sanadores<\/strong><\/p>\n<p>En ediciones anteriores de Espacios Sanadores, la Sierra Blanca de Oj\u00e9n fue el lugar elegido para el encuentro entre <strong>Mari Carmen<\/strong>, paciente de mieloma m\u00faltiple, y el <strong>Dr. Francisco Javier Capote<\/strong>, del Hospital Universitario Puerta del Mar, C\u00e1diz.<\/p>\n<p>El Jard\u00edn Bot\u00e1nico de M\u00e1laga fue tambi\u00e9n escenario de un encuentro entre <strong>Teresa Regueiro<\/strong>, presidenta y fundadora de la Comunidad Espa\u00f1ola de Pacientes con Mieloma M\u00faltiple (CEMMp), y la <strong>Dra. Mar\u00eda Casanova<\/strong>, hemat\u00f3loga del HC Marbella.<\/p>\n<p>Los Picos de Europa fueron el escenario en el que Teresa Regueiro comparti\u00f3 conversaci\u00f3n con la<strong> Dra. Esther Gonz\u00e1lez<\/strong>, hemat\u00f3loga del Hospital Universitario de Cabue\u00f1es, Gij\u00f3n.<\/p>\n<p>Cabo de Gata ha sido otro de los emplazamientos en los que <strong>Guillermo Caro<\/strong>, vicepresidente de ATMOS (Asociaci\u00f3n de personas trasplantadas de m\u00e9dula \u00f3sea y enfermedades de la sangre) y paciente de mieloma m\u00faltiple, y el <strong>Dr. Miguel \u00c1ngel Calleja<\/strong>, jefe del Servicio de Farmacia del Hospital Universitario Virgen Macarena, Sevilla, conversaron sobre el papel de los profesionales sanitarios en la mejora de la calidad de vida de los pacientes.<\/p>\n<p>Mientras que en la Sierra de las Nieves, Pepe relat\u00f3 su propio proceso de diagn\u00f3stico al <strong>Dr. Antonio Paz<\/strong>, hemat\u00f3logo y jefe del Servicio de Hematolog\u00eda del Hospital Universitario de Puerto Real, C\u00e1diz.<\/p>\n","protected":false},"excerpt":{"rendered":"En el marco del Mes de Concienciaci\u00f3n de los C\u00e1nceres de la Sangre, Johnson &amp; Johnson, con la&hellip;\n","protected":false},"author":2,"featured_media":117539,"comment_status":"","ping_status":"","sticky":false,"template":"","format":"standard","meta":{"footnotes":""},"categories":[92],"tags":[39217,4251,658,7677,12926,7291,9943,1882,2996,25,15158,18115,24,165,7761,38113,613,869,7169,7170,8343,689,5024,1817,1440,166,39216,1139,23,8768,3476,7449,3082,39218],"class_list":{"0":"post-117538","1":"post","2":"type-post","3":"status-publish","4":"format-standard","5":"has-post-thumbnail","7":"category-salud","8":"tag-atmos","9":"tag-bienestar","10":"tag-campana","11":"tag-cumple","12":"tag-destacan","13":"tag-diagnostico","14":"tag-diferentes","15":"tag-ediciones","16":"tag-enfermedad","17":"tag-es","18":"tag-escenarios","19":"tag-espacios","20":"tag-espana","21":"tag-health","22":"tag-impacto","23":"tag-iniciativa","24":"tag-johnson","25":"tag-lo","26":"tag-mieloma","27":"tag-multiple","28":"tag-naturales","29":"tag-no","30":"tag-nuevos","31":"tag-pacientes","32":"tag-protagonista","33":"tag-salud","34":"tag-sanadores","35":"tag-seis","36":"tag-spain","37":"tag-supervivencia","38":"tag-temprano","39":"tag-tratamientos","40":"tag-ves","41":"tag-visibilizando"},"share_on_mastodon":{"url":"","error":""},"_links":{"self":[{"href":"https:\/\/www.europesays.com\/es\/wp-json\/wp\/v2\/posts\/117538","targetHints":{"allow":["GET"]}}],"collection":[{"href":"https:\/\/www.europesays.com\/es\/wp-json\/wp\/v2\/posts"}],"about":[{"href":"https:\/\/www.europesays.com\/es\/wp-json\/wp\/v2\/types\/post"}],"author":[{"embeddable":true,"href":"https:\/\/www.europesays.com\/es\/wp-json\/wp\/v2\/users\/2"}],"replies":[{"embeddable":true,"href":"https:\/\/www.europesays.com\/es\/wp-json\/wp\/v2\/comments?post=117538"}],"version-history":[{"count":0,"href":"https:\/\/www.europesays.com\/es\/wp-json\/wp\/v2\/posts\/117538\/revisions"}],"wp:featuredmedia":[{"embeddable":true,"href":"https:\/\/www.europesays.com\/es\/wp-json\/wp\/v2\/media\/117539"}],"wp:attachment":[{"href":"https:\/\/www.europesays.com\/es\/wp-json\/wp\/v2\/media?parent=117538"}],"wp:term":[{"taxonomy":"category","embeddable":true,"href":"https:\/\/www.europesays.com\/es\/wp-json\/wp\/v2\/categories?post=117538"},{"taxonomy":"post_tag","embeddable":true,"href":"https:\/\/www.europesays.com\/es\/wp-json\/wp\/v2\/tags?post=117538"}],"curies":[{"name":"wp","href":"https:\/\/api.w.org\/{rel}","templated":true}]}}