{"id":117549,"date":"2025-09-15T23:03:14","date_gmt":"2025-09-15T23:03:14","guid":{"rendered":"https:\/\/www.europesays.com\/es\/117549\/"},"modified":"2025-09-15T23:03:14","modified_gmt":"2025-09-15T23:03:14","slug":"una-acusacion-pide-a-la-jueza-de-la-dana-que-requiera-a-la-productora-contratada-por-emergencias-las-imagenes-del-cecopi","status":"publish","type":"post","link":"https:\/\/www.europesays.com\/es\/117549\/","title":{"rendered":"Una acusaci\u00f3n pide a la jueza de la dana que requiera a la productora contratada por Emergencias las im\u00e1genes del Cecopi"},"content":{"rendered":"<p class=\"article-text\">\n        Las im\u00e1genes de recurso que el departamento de Emergencias de la Generalitat grab\u00f3 de un momento clave de la reuni\u00f3n del Centro de Coordinaci\u00f3n Operativa Integrado (Cecopi) del d\u00eda de la dana est\u00e1n en el ojo del hurac\u00e1n de la causa judicial que investiga la gesti\u00f3n de la cat\u00e1strofe. Una de las acusaciones populares ha pedido a la jueza instructora que requiera las im\u00e1genes a la productora externa contratada por el departamento de Emergencias de la Generalitat.\n    <\/p>\n<p>    <a href=\"https:\/\/www.eldiario.es\/comunitat-valenciana\/gobierno-mazon-grabo-video-cecopi-entregado-jueza-dana_1_12598453.html\" data-mrf-recirculation=\"saber-mas\" data-dl-event=\"saber-mas\" rel=\"nofollow noopener\" target=\"_blank\"><\/p>\n<p class=\"know-more__title\">El Gobierno de Maz\u00f3n grab\u00f3 un v\u00eddeo del Cecopi que nunca ha entregado a la jueza de la dana<\/p>\n<p>            <img decoding=\"async\" class=\"lazy\" loading=\"lazy\" data-src=\"https:\/\/static.eldiario.es\/clip\/accbd954-c277-48e2-ac57-11e50b619bf5_16-9-aspect-ratio_default_0.jpg\" src=\"data:image\/svg+xml,%3Csvg xmlns=\" http:=\"\" viewbox=\"0 0 880 495\" alt=\"El Gobierno de Maz\u00f3n grab\u00f3 un v\u00eddeo del Cecopi que nunca ha entregado a la jueza de la dana\"\/><\/p>\n<p>                        <\/a><\/p>\n<p class=\"article-text\">\n        La acusaci\u00f3n que ejerce Acci\u00f3 Cultural del Pa\u00eds Valenci\u00e0 propone que se obtengan los \u201cvideos grabados y custodiados\u201d en cualquiera de sus formatos: \u201ccon imagen y sonido, editados o en bruto o sin editar\u201d.\n    <\/p>\n<p class=\"article-text\">\n        El escrito de la acusaci\u00f3n popular, al que ha tenido acceso elDiario.es, apunta directamente a la productora contratada por la Sociedad Valenciana de Gesti\u00f3n Integral de Servicios de Emergencias (SGISE), empresa p\u00fablica de la Generalitat. Se trata de una empresa domiciliada en la provincia de Castell\u00f3 que se encarga del servicio audiovisual del departamento de Emergencias y que grab\u00f3 im\u00e1genes de recurso de momentos clave de la reuni\u00f3n del Cecopi del 29 de octubre.\n    <\/p>\n<p class=\"article-text\">\n        La representaci\u00f3n jur\u00eddica de Acci\u00f3 Cultural alude a los pliegos de la adjudicaci\u00f3n a la productora y recuerda que exigen a la firma \u201carchivar y gestionar documentalmente y durante toda la vigencia del contrato el etiquetado digital de todo el material derivado de la ejecuci\u00f3n del servicio\u201d.\n    <\/p>\n<p class=\"article-text\">\n        El escrito tambi\u00e9n solicita las im\u00e1genes captadas por la productora tanto si fueron remitidas como si no a la SGISE. Todo ello, \u201ca fin de aclarar determinados extremos de lo acaecido en el Cecopi\u201d.\n    <\/p>\n<p>    <a href=\"https:\/\/www.eldiario.es\/comunitat-valenciana\/gobierno-mazon-contesto-jueza-dana-no-existia-soporte-documental-cecopi_1_12603291.html\" data-mrf-recirculation=\"saber-mas-abajo\" data-dl-event=\"saber-mas-abajo\" rel=\"nofollow noopener\" target=\"_blank\"><\/p>\n<p class=\"know-more__title\">El Gobierno de Maz\u00f3n neg\u00f3 a la jueza de la dana que hubiera grabaciones del Cecopi pese a tener una<\/p>\n<p>            <img decoding=\"async\" class=\"lazy\" loading=\"lazy\" data-src=\"https:\/\/static.eldiario.es\/clip\/ec33890a-57b1-4d2f-a953-78e3ca423fff_16-9-aspect-ratio_default_0.jpg\" src=\"data:image\/svg+xml,%3Csvg xmlns=\" http:=\"\" viewbox=\"0 0 880 495\" alt=\"El Gobierno de Maz\u00f3n neg\u00f3 a la jueza de la dana que hubiera grabaciones del Cecopi pese a tener una\"\/><\/p>\n<p>                        <\/a><\/p>\n<p class=\"article-text\">\n        El conseller de Emergencias, Juan Carlos Valderrama, ha expresado la \u201cm\u00e1xima colaboraci\u00f3n\u201d de su departamento con la jueza instructora, despu\u00e9s de que este diario desvelara la existencia de las im\u00e1genes.\n    <\/p>\n","protected":false},"excerpt":{"rendered":"Las im\u00e1genes de recurso que el departamento de Emergencias de la Generalitat grab\u00f3 de un momento clave de&hellip;\n","protected":false},"author":2,"featured_media":117550,"comment_status":"","ping_status":"","sticky":false,"template":"","format":"standard","meta":{"footnotes":""},"categories":[5],"tags":[517,2206,1705,17,18,3965,242,25,24,13,14,11,1667,19,20,9,10,15,16,1925,23,12,21,22,235],"class_list":{"0":"post-117549","1":"post","2":"type-post","3":"status-publish","4":"format-standard","5":"has-post-thumbnail","7":"category-titulares","8":"tag-actualidad","9":"tag-alicante","10":"tag-analisis","11":"tag-breaking-news","12":"tag-breakingnews","13":"tag-castellon","14":"tag-comunidad-valenciana","15":"tag-es","16":"tag-espana","17":"tag-featured-news","18":"tag-featurednews","19":"tag-headlines","20":"tag-informacion","21":"tag-latest-news","22":"tag-latestnews","23":"tag-news","24":"tag-noticias","25":"tag-noticias-destacadas","26":"tag-noticiasdestacadas","27":"tag-opinion","28":"tag-spain","29":"tag-titulares","30":"tag-ultimas-noticias","31":"tag-ultimasnoticias","32":"tag-valencia"},"share_on_mastodon":{"url":"","error":""},"_links":{"self":[{"href":"https:\/\/www.europesays.com\/es\/wp-json\/wp\/v2\/posts\/117549","targetHints":{"allow":["GET"]}}],"collection":[{"href":"https:\/\/www.europesays.com\/es\/wp-json\/wp\/v2\/posts"}],"about":[{"href":"https:\/\/www.europesays.com\/es\/wp-json\/wp\/v2\/types\/post"}],"author":[{"embeddable":true,"href":"https:\/\/www.europesays.com\/es\/wp-json\/wp\/v2\/users\/2"}],"replies":[{"embeddable":true,"href":"https:\/\/www.europesays.com\/es\/wp-json\/wp\/v2\/comments?post=117549"}],"version-history":[{"count":0,"href":"https:\/\/www.europesays.com\/es\/wp-json\/wp\/v2\/posts\/117549\/revisions"}],"wp:featuredmedia":[{"embeddable":true,"href":"https:\/\/www.europesays.com\/es\/wp-json\/wp\/v2\/media\/117550"}],"wp:attachment":[{"href":"https:\/\/www.europesays.com\/es\/wp-json\/wp\/v2\/media?parent=117549"}],"wp:term":[{"taxonomy":"category","embeddable":true,"href":"https:\/\/www.europesays.com\/es\/wp-json\/wp\/v2\/categories?post=117549"},{"taxonomy":"post_tag","embeddable":true,"href":"https:\/\/www.europesays.com\/es\/wp-json\/wp\/v2\/tags?post=117549"}],"curies":[{"name":"wp","href":"https:\/\/api.w.org\/{rel}","templated":true}]}}