{"id":117551,"date":"2025-09-15T23:04:07","date_gmt":"2025-09-15T23:04:07","guid":{"rendered":"https:\/\/www.europesays.com\/es\/117551\/"},"modified":"2025-09-15T23:04:07","modified_gmt":"2025-09-15T23:04:07","slug":"el-mecalia-exhibe-su-oficio","status":"publish","type":"post","link":"https:\/\/www.europesays.com\/es\/117551\/","title":{"rendered":"El Mecalia exhibe su oficio"},"content":{"rendered":"<p class=\"ft-text\">El Mecalia Guard\u00e9s suma y sigue. Las de Ana Seabra golearon con facilidad en Logro\u00f1o en un partido en el que pudieron dominar durante los 60 minutos a un Grafometal La Rioja al que no le faltaron rapidez y ganas. La defensa de Amandine Balzinc, con 16 paradas, fue vital para la victoria, si bien el punto fuerte de la plantilla guardesa fue su ofensiva coral, materializada por Mar\u00eda Palomo y Elena Mart\u00ednez, con cinco aciertos cada una. La joven Rosane Serrano no fall\u00f3 en las tres ocasiones que tuvo desde los siete metros.<\/p>\n<p class=\"ft-text\">A pesar del ritmo fren\u00e9tico del arranque, el Mecalia impuso su juego y comenz\u00f3 a crecer. La l\u00ednea defensiva gallega increment\u00f3 la presi\u00f3n. El Grafometal lleg\u00f3 a mostrar varias se\u00f1ales de vida, aupadas por alg\u00fan error guard\u00e9s pero, sobre todo, por la actuaci\u00f3n de una Blanca Ben\u00edtez imbatible. Ya pasado el ecuador de esta primera mitad, las logro\u00f1esas amagaban con acercarse, lo que hizo saltar las alarmas en el banquillo gallego y llev\u00f3 a Ana Seabra a solicitar el tiempo muerto. Pero los diez minutos antes del descanso fueron un aut\u00e9ntico despertar para la plantilla guardesa. (7-11).<\/p>\n<p class=\"ft-text\">El objetivo ahora era mantener el control durante la segunda mitad. La reanudaci\u00f3n sigui\u00f3 pr\u00e1cticamente la misma din\u00e1mica. Aunque el Grafometal sali\u00f3 a la pista muy r\u00e1pido y atento, con algunas acciones brillantes (9-12, min. 35), el Guard\u00e9s pronto recuper\u00f3 su lugar y volvi\u00f3 a las andadas. La gran coordinaci\u00f3n gallega se mantuvo, con la victoria totalmente asegurada. El Mecalia Guard\u00e9s es, junto con el Bera Bera, el \u00fanico que suma pleno en esta tercera jornada. El desempate se producir\u00e1 en A Sangri\u00f1a el 26 de septiembre, ante las c\u00e1maras de Teledeporte.<\/p>\n","protected":false},"excerpt":{"rendered":"El Mecalia Guard\u00e9s suma y sigue. Las de Ana Seabra golearon con facilidad en Logro\u00f1o en un partido&hellip;\n","protected":false},"author":2,"featured_media":117552,"comment_status":"","ping_status":"","sticky":false,"template":"","format":"standard","meta":{"footnotes":""},"categories":[278],"tags":[376,1616,168,25,24,12507,375,1444,6173,13028,10546,31617,23,167],"class_list":{"0":"post-117551","1":"post","2":"type-post","3":"status-publish","4":"format-standard","5":"has-post-thumbnail","7":"category-balonmano","8":"tag-balonmano","9":"tag-defensa","10":"tag-deportes","11":"tag-es","12":"tag-espana","13":"tag-exhibe","14":"tag-handball","15":"tag-juego","16":"tag-logrono","17":"tag-mecalia","18":"tag-mecalia-guardes","19":"tag-oficio","20":"tag-spain","21":"tag-sports"},"share_on_mastodon":{"url":"","error":""},"_links":{"self":[{"href":"https:\/\/www.europesays.com\/es\/wp-json\/wp\/v2\/posts\/117551","targetHints":{"allow":["GET"]}}],"collection":[{"href":"https:\/\/www.europesays.com\/es\/wp-json\/wp\/v2\/posts"}],"about":[{"href":"https:\/\/www.europesays.com\/es\/wp-json\/wp\/v2\/types\/post"}],"author":[{"embeddable":true,"href":"https:\/\/www.europesays.com\/es\/wp-json\/wp\/v2\/users\/2"}],"replies":[{"embeddable":true,"href":"https:\/\/www.europesays.com\/es\/wp-json\/wp\/v2\/comments?post=117551"}],"version-history":[{"count":0,"href":"https:\/\/www.europesays.com\/es\/wp-json\/wp\/v2\/posts\/117551\/revisions"}],"wp:featuredmedia":[{"embeddable":true,"href":"https:\/\/www.europesays.com\/es\/wp-json\/wp\/v2\/media\/117552"}],"wp:attachment":[{"href":"https:\/\/www.europesays.com\/es\/wp-json\/wp\/v2\/media?parent=117551"}],"wp:term":[{"taxonomy":"category","embeddable":true,"href":"https:\/\/www.europesays.com\/es\/wp-json\/wp\/v2\/categories?post=117551"},{"taxonomy":"post_tag","embeddable":true,"href":"https:\/\/www.europesays.com\/es\/wp-json\/wp\/v2\/tags?post=117551"}],"curies":[{"name":"wp","href":"https:\/\/api.w.org\/{rel}","templated":true}]}}