{"id":117557,"date":"2025-09-15T23:09:07","date_gmt":"2025-09-15T23:09:07","guid":{"rendered":"https:\/\/www.europesays.com\/es\/117557\/"},"modified":"2025-09-15T23:09:07","modified_gmt":"2025-09-15T23:09:07","slug":"los-disturbios-en-la-vuelta-aumentan-el-temor-a-una-suspension","status":"publish","type":"post","link":"https:\/\/www.europesays.com\/es\/117557\/","title":{"rendered":"los disturbios en La Vuelta aumentan el temor a una suspensi\u00f3n"},"content":{"rendered":"<p class=\"c-paragraph\">Las im\u00e1genes del boicot a la etapa final de <a href=\"https:\/\/www.20minutos.es\/tags\/deportes\/vuelta-a-espana.html\" title=\"Vuelta a Espa\u00f1a\" rel=\"nofollow noopener\" target=\"_blank\">La Vuelta <\/a>en Madrid han recorrido el planeta para sembrar una inc\u00f3gnita global:\u00a0<b>\u00bfY ahora, qu\u00e9?<\/b> Los organizadores de los grandes eventos deportivos \u2014especialmente los que cuentan con equipos o deportistas israel\u00edes involucrados\u2014 temen la repetici\u00f3n de acontecimientos de este cariz, entre ellos el <a href=\"https:\/\/www.20minutos.es\/tags\/deportes\/tour-de-francia.html\" title=\"Tour de Francia\" rel=\"nofollow noopener\" target=\"_blank\">Tour de Francia<\/a> que arranca en su pr\u00f3xima edici\u00f3n desde Barcelona.<\/p>\n<p class=\"c-paragraph\">Quedan 290 d\u00edas para el arranque de la 113\u00ba edici\u00f3n de la ronda francesa de 2026, <b>suficiente margen para tomar medidas dr\u00e1sticas<\/b> como las que se empiezan ya a rumorear.<\/p>\n<p class=\"c-paragraph\">Y es que son ya varios los medios nacionales e internaciones que apuntan a los riesgos que podr\u00eda tener esta iniciativa dados los acontecimientos recientes vividos en Espa\u00f1a. Si este tipo de boicots prosigue, <b>sin duda el Tour de Francia ser\u00e1 un objetivo claro de los manifestantes.<\/b><\/p>\n<p class=\"c-paragraph\">Tabloides como <a href=\"https:\/\/www.elnacional.cat\/es\/deportes\/peligra-salida-tour-en-ciudad-barcelona_1484660_102.html\" rel=\"nofollow noreferrer noopener\" target=\"_blank\">El Nacional<\/a>,\u00a0\u00a0de Catalu\u00f1a, ya aseguran que la ASO (organizadora del Tour) exige al Gobierno de Espa\u00f1a que le asegure el desarrollo de la prueba sin incidentes. Si no, no hay problema, buscar\u00e1n una ciudad m\u00e1s segura.<\/p>\n<p class=\"c-paragraph\">Para entonces, la decisi\u00f3n estar\u00e1 m\u00e1s que tomada, pues el desarrollo de toda la temporada de eventos deportivos mundiales <b>ser\u00e1 lo que termine de sostener el pronunciamiento final al respecto.\u00a0<\/b><\/p>\n<p class=\"c-paragraph\">La temporada de baloncesto que arranca ahora, la de f\u00fatbol que contin\u00faa, torneos como la<b> Copa Davis de tenis o los Grandes Premios de MotoGP y F\u00f3rmula 1&#8230; <\/b>a partir de ahora todo podr\u00eda ser un &#8216;banco de pruebas&#8217; de la seguridad en grandes eventos deportivos.\u00a0<\/p>\n","protected":false},"excerpt":{"rendered":"Las im\u00e1genes del boicot a la etapa final de La Vuelta en Madrid han recorrido el planeta para&hellip;\n","protected":false},"author":2,"featured_media":117558,"comment_status":"","ping_status":"","sticky":false,"template":"","format":"standard","meta":{"footnotes":""},"categories":[273],"tags":[210,313,312,168,11956,25,24,317,1965,23,167,316],"class_list":{"0":"post-117557","1":"post","2":"type-post","3":"status-publish","4":"format-standard","5":"has-post-thumbnail","7":"category-ciclismo","8":"tag-barcelona","9":"tag-ciclismo","10":"tag-cycling","11":"tag-deportes","12":"tag-desde","13":"tag-es","14":"tag-espana","15":"tag-francia","16":"tag-salida","17":"tag-spain","18":"tag-sports","19":"tag-tour"},"share_on_mastodon":{"url":"","error":""},"_links":{"self":[{"href":"https:\/\/www.europesays.com\/es\/wp-json\/wp\/v2\/posts\/117557","targetHints":{"allow":["GET"]}}],"collection":[{"href":"https:\/\/www.europesays.com\/es\/wp-json\/wp\/v2\/posts"}],"about":[{"href":"https:\/\/www.europesays.com\/es\/wp-json\/wp\/v2\/types\/post"}],"author":[{"embeddable":true,"href":"https:\/\/www.europesays.com\/es\/wp-json\/wp\/v2\/users\/2"}],"replies":[{"embeddable":true,"href":"https:\/\/www.europesays.com\/es\/wp-json\/wp\/v2\/comments?post=117557"}],"version-history":[{"count":0,"href":"https:\/\/www.europesays.com\/es\/wp-json\/wp\/v2\/posts\/117557\/revisions"}],"wp:featuredmedia":[{"embeddable":true,"href":"https:\/\/www.europesays.com\/es\/wp-json\/wp\/v2\/media\/117558"}],"wp:attachment":[{"href":"https:\/\/www.europesays.com\/es\/wp-json\/wp\/v2\/media?parent=117557"}],"wp:term":[{"taxonomy":"category","embeddable":true,"href":"https:\/\/www.europesays.com\/es\/wp-json\/wp\/v2\/categories?post=117557"},{"taxonomy":"post_tag","embeddable":true,"href":"https:\/\/www.europesays.com\/es\/wp-json\/wp\/v2\/tags?post=117557"}],"curies":[{"name":"wp","href":"https:\/\/api.w.org\/{rel}","templated":true}]}}