{"id":117584,"date":"2025-09-15T23:24:07","date_gmt":"2025-09-15T23:24:07","guid":{"rendered":"https:\/\/www.europesays.com\/es\/117584\/"},"modified":"2025-09-15T23:24:07","modified_gmt":"2025-09-15T23:24:07","slug":"mexico-sheinbaum-sera-la-primera-presidenta-en-dar-el-grito-de-la-independencia-ante-miles-de-personas-la-mandataria-entonara-el-energico-viva-mexico","status":"publish","type":"post","link":"https:\/\/www.europesays.com\/es\/117584\/","title":{"rendered":"M\u00e9xico: Sheinbaum ser\u00e1 la primera presidenta en dar el \u00abGrito de la Independencia\u00bb | Ante miles de personas la mandataria entonar\u00e1 el en\u00e9rgico &#8216;\u00a1Viva M\u00e9xico!&#8217;"},"content":{"rendered":"<p><b><a href=\"https:\/\/www.pagina12.com.ar\/tags\/73144-claudia-sheinbaum\" rel=\"nofollow noopener\" target=\"_blank\">Claudia Sheinbaum<\/a> se convertir\u00e1 en la primera mujer que arengue por la Independencia de M\u00e9xico desde el balc\u00f3n presidencial<\/b>, una tradici\u00f3n que acapararon los hombres por m\u00e1s de un siglo en un pa\u00eds de machismo arraigado.\u00a0Sheinbaum, quien en 2024 arras\u00f3 en las urnas para alcanzar la presidencia de M\u00e9xico, protagonizar\u00e1 este lunes por la noche el llamado \u00abGrito de Dolores\u00bb, que escenifica el llamado a la insurrecci\u00f3n lanzado por el sacerdote Miguel Hidalgo en 1810.<\/p>\n<p><b>Sheinbaum\u00a0entonar\u00e1 tres veces el en\u00e9rgico &#8216;\u00a1Viva M\u00e9xico!&#8217;, despu\u00e9s de que 65 presidentes lo hicieran antes que ella <\/b>frente a los centenares de miles de personas que se re\u00fanen cada 15 de septiembre por la noche en una de las mayores plazas del mundo, el Z\u00f3calo. A las 23 hora local (las 2 de la madrugada en Argentina), tras los conciertos de Alejandra \u00c1valos, el grupo Legado de Grandeza y La Arrolladora Banda El Lim\u00f3n, Sheinbaum evocar\u00e1 el llamado a la independencia de 1810, con el tocar de las campanas de Palacio Nacional, el ondeo de la bandera de la rep\u00fablica y brindando honores a los h\u00e9roes que lucharon durante los 11 a\u00f1os de guerra por la independencia.<\/p>\n<p>\u00abUn espacio vedado para las mujeres\u00bb<\/p>\n<p>La aparici\u00f3n de esta f\u00edsica de 63 a\u00f1os frente a miles de personas en el Z\u00f3calo no solo es un hecho hist\u00f3rico, sino cargado de simbolismo. \u00abAbre un espacio que estaba t\u00e1citamente vedado para las mujeres\u00bb, dijo a la agencia AFP el historiador mexicano Lorenzo Meyer. Adem\u00e1s ratifica que la sociedad mexicana finalmente acept\u00f3 que en las c\u00fapulas de poder pol\u00edtico \u00abel g\u00e9nero no importa\u00bb, subray\u00f3 Meyer.<\/p>\n<p>Aunque dijo que ser\u00e1 una ceremonia sencilla, Sheinbaum, cuya popularidad supera el 70 por ciento, ensay\u00f3 algunos pasos para el \u00abGrito\u00bb, que considera un acto \u00abemotivo y fundamental\u00bb. Durante la arenga, los gobernantes suelen exclamar vivas y rechazos que reflejan su talante. El de Sheinbaum se hizo patente en la forma en que est\u00e1 lidiando con el presidente de Estados Unidos, Donald Trump, con quien mantiene una relaci\u00f3n fluida pese a sus duras posiciones frente a M\u00e9xico.<\/p>\n<p>                <a data-iframely-url=\"\" href=\"https:\/\/twitter.com\/Claudiashein\/status\/1966306932798664738\" rel=\"nofollow noopener\" target=\"_blank\">https:\/\/twitter.com\/Claudiashein\/status\/1966306932798664738<\/a><\/p>\n<p>            \u00ab\u00a1Viva Fernando VII y muera el mal gobierno!\u00bb<\/p>\n<p>Con el \u00abGrito\u00bb Sheinbaum emular\u00e1 a Hidalgo, \u00abpadre de la patria\u00bb, cuyo llamado fue la chispa del proceso que independiz\u00f3 a la entonces Nueva Espa\u00f1a en 1821. Seg\u00fan las cr\u00f3nicas de la \u00e9poca, un pu\u00f1ado de militares, abogados, comerciantes y religiosos se reun\u00edan clandestinamente para planear una sublevaci\u00f3n contra la corona. Pero <b>al ser descubiertos en la madrugada, Hidalgo tom\u00f3 un estandarte de la virgen de Guadalupe y desde el atrio de la iglesia de Dolores, en Guanajuato, toc\u00f3 la campana para llamar a la sublevaci\u00f3n.<\/b><\/p>\n<p>\u00ab\u00a1Viva nuestra Madre Sant\u00edsima de Guadalupe! \u00a1Viva Fernando VII y muera el mal gobierno!\u00bb, lanz\u00f3 el cura ante una multitud y en defensa del rey espa\u00f1ol, derrocado por la invasi\u00f3n napole\u00f3nica de Espa\u00f1a. Hidalgo comand\u00f3 la lucha hasta su fusilamiento en 1811. Le cortaron la cabeza para colgarla, junto con las de otros tres independentistas, en Guanajuato.<\/p>\n<p>En 2024 el predecesor de Sheinbaum, Andr\u00e9s Manuel L\u00f3pez Obrador, congreg\u00f3 en su \u00faltimo grito como presidente a 280 mil personas repartidas entre la plaza capitalina y los 700 metros de la Avenida Francisco I. Madero, que la comunican con el Palacio de Bellas Artes. Desde que asumi\u00f3 el 1 de octubre de 2024, Sheinbaum se presenta como \u00abpresidenta con &#8216;a'\u00bb y como \u00abcomandanta\u00bb de las Fuerzas Armadas, a las cuales pasa revista luciendo prendas con coloridos bordados ind\u00edgenas.<\/p>\n<p><script async src=\"https:\/\/platform.twitter.com\/widgets.js\" charset=\"utf-8\"><\/script><\/p>\n","protected":false},"excerpt":{"rendered":"Claudia Sheinbaum se convertir\u00e1 en la primera mujer que arengue por la Independencia de M\u00e9xico desde el balc\u00f3n&hellip;\n","protected":false},"author":2,"featured_media":117585,"comment_status":"","ping_status":"","sticky":false,"template":"","format":"standard","meta":{"footnotes":""},"categories":[42],"tags":[17,18,18291,360,13,14,11,3833,61,62,63,64,19,20,1906,9,10,15,16,12,21,22,65,66,67],"class_list":{"0":"post-117584","1":"post","2":"type-post","3":"status-publish","4":"format-standard","5":"has-post-thumbnail","7":"category-internacional","8":"tag-breaking-news","9":"tag-breakingnews","10":"tag-claudia-sheinbaum","11":"tag-el-mundo","12":"tag-featured-news","13":"tag-featurednews","14":"tag-headlines","15":"tag-independencia","16":"tag-internacional","17":"tag-international","18":"tag-international-news","19":"tag-internationalnews","20":"tag-latest-news","21":"tag-latestnews","22":"tag-mexico","23":"tag-news","24":"tag-noticias","25":"tag-noticias-destacadas","26":"tag-noticiasdestacadas","27":"tag-titulares","28":"tag-ultimas-noticias","29":"tag-ultimasnoticias","30":"tag-world","31":"tag-world-news","32":"tag-worldnews"},"share_on_mastodon":{"url":"","error":""},"_links":{"self":[{"href":"https:\/\/www.europesays.com\/es\/wp-json\/wp\/v2\/posts\/117584","targetHints":{"allow":["GET"]}}],"collection":[{"href":"https:\/\/www.europesays.com\/es\/wp-json\/wp\/v2\/posts"}],"about":[{"href":"https:\/\/www.europesays.com\/es\/wp-json\/wp\/v2\/types\/post"}],"author":[{"embeddable":true,"href":"https:\/\/www.europesays.com\/es\/wp-json\/wp\/v2\/users\/2"}],"replies":[{"embeddable":true,"href":"https:\/\/www.europesays.com\/es\/wp-json\/wp\/v2\/comments?post=117584"}],"version-history":[{"count":0,"href":"https:\/\/www.europesays.com\/es\/wp-json\/wp\/v2\/posts\/117584\/revisions"}],"wp:featuredmedia":[{"embeddable":true,"href":"https:\/\/www.europesays.com\/es\/wp-json\/wp\/v2\/media\/117585"}],"wp:attachment":[{"href":"https:\/\/www.europesays.com\/es\/wp-json\/wp\/v2\/media?parent=117584"}],"wp:term":[{"taxonomy":"category","embeddable":true,"href":"https:\/\/www.europesays.com\/es\/wp-json\/wp\/v2\/categories?post=117584"},{"taxonomy":"post_tag","embeddable":true,"href":"https:\/\/www.europesays.com\/es\/wp-json\/wp\/v2\/tags?post=117584"}],"curies":[{"name":"wp","href":"https:\/\/api.w.org\/{rel}","templated":true}]}}