{"id":117588,"date":"2025-09-15T23:26:16","date_gmt":"2025-09-15T23:26:16","guid":{"rendered":"https:\/\/www.europesays.com\/es\/117588\/"},"modified":"2025-09-15T23:26:16","modified_gmt":"2025-09-15T23:26:16","slug":"hallan-un-segundo-cadaver-48-horas-despues-entre-los-escombros-de-la-explosion-del-bar-de-vallecas-la-voz-de-galicia","status":"publish","type":"post","link":"https:\/\/www.europesays.com\/es\/117588\/","title":{"rendered":"Hallan un segundo cad\u00e1ver 48 horas despu\u00e9s entre los escombros de la explosi\u00f3n del bar de Vallecas &#8211; La Voz de Galicia"},"content":{"rendered":"<ol>\n<li><a href=\"https:\/\/news.google.com\/rss\/articles\/CBMi7AFBVV95cUxNX2V2d2hON2ctVmdnVVlmaEZVNDZMVlRXd2dfUmRfaUZCUW5wUktTSklMcTJoLU9HQ3U5bWt0TlZhY1FPZndTNHlwQlVybTZyck5QaEZVY1pHRER0aWVNblloNTZ4V3EzZklyVV93SThqcDNObDF6WVpBWGM4RlJCNDV5QXFTRDdLejFIZGZzZU91YzVPM2VFbVUzaG15TWlJWWdxbzJjUVdpYlIwb3NZM3ZFTmNQb0JvUU5xOWtPUkczS3dDYTVpYjdoWnJjTk8yOEpiSkVkejgzNFZlY0QxZGdKejdrX3U4QlRkTdIBiAJBVV95cUxPYmVDT0VqeXJVLWpaNVcwMDJhUUhQODZwUlRlZXBPaTQ1LXZqWFV5UWxOOXN2bTI5clJwZC15dVNvaFNsTnZNMF9iSzN1ODFWWjlFT29mT1FCWVhGU3RnNm9FTzU3SGNET1pCM0JxMU05YVl0bDh3QlFvb3BMMk83NS1GLXNuZGFadDhEWFhIenBhd1BRWUtWOTYyWmRORjQwMUZjejJZbkdCRFg3T1JONXpyY3pGd1FxS0xWYUo4Q00wTVF4UG1QYXNBdGRnbkN6b0pTc1BpWWcxODdYVEtyNGVwYWhyS0lUVWNHbXFLblVNdlM4YmZwM1hCa0dXT0NIamhZWjBFVXk?oc=5\" target=\"_blank\" rel=\"nofollow noopener\">Hallan un segundo cad\u00e1ver 48 horas despu\u00e9s entre los escombros de la explosi\u00f3n del bar de Vallecas<\/a>&nbsp;&nbsp;La Voz de Galicia<\/li>\n<li><a href=\"https:\/\/news.google.com\/rss\/articles\/CBMiekFVX3lxTFA3WUJCSUxpSFdGR0MyNUhCcXE1MTYxek1IdS03eFJoR2pBcTVUd016WjBFeDFyYU5pSkpBeVZMbVpFSXpFVnljNzYzWnEtMHBOSVVJUmNKby1qMXF3YzZsM3c4bDJNN3pGcUxid01TQmVzWnN3LWs5Wmdn0gF6QVVfeXFMUGNGMmVvZEFBcXRDb0phZy1PMWlzYzc5X2Exa0w0bDdvUDRWa0p4aXhPSWczWHNrbEIxV3V2djlPYkRnUUxqM2VNT1JDcTU5UHBQSDVlNlk2ejJfT3lYSDBlN1VOWjJoVUlSUmI5UXRHajZVRTVvWnFHUXc?oc=5\" target=\"_blank\" rel=\"nofollow noopener\">La Polic\u00eda encuentra un segundo cad\u00e1ver bajo los escombros de la explosi\u00f3n de Vallecas<\/a>&nbsp;&nbsp;El Mundo<\/li>\n<li><a href=\"https:\/\/news.google.com\/rss\/articles\/CBMi0gFBVV95cUxPVW9ZT3JTTXlaN2cyYXMxQTdJRENwa3BaRk9RUkR5SExVTDJhcFp3YkZDYnJENU9kRkFDOEhMUlJwcERlMW1qY0V0ZWJRSG9qSkJPNE5TckIyNTY2TGwwTUVLWEVuR2I4WXpja2Y0THJMMWZRYjVWbHhOZDdTblhBbkFtY05PbExCRGs0N0MtUHd0OUh4eER2LWFKOVRpeF9ZRnBSRk0wSzBFTWlXSmZ6NW5nblY2MEt1RjllOTRzSThzOERULTF6cDRrYzE3M0FxTFHSAdIBQVVfeXFMUG1RWmlYcE56ZFdKQnppcklJeGRkbUw5UHY4NWFXcXB0LTZBUGowOHc0RW5xM2ctZV9UcmN6OHFBVzl1dG5ZRDk4Q01YeURQUEVrR3c4Q3kybzd3a0JjbGtmLUhuUHBBVWE5bXg1bEktc214NnVPRGZodWdfNkhRd0xYeGNMWFVEYjVYR2huOFhta09mbTlRdmRoNmlNc0hkVVpCRHFDVlUxaG9sYXhzT0VhOFhkNFEtRVB4U3o0UzlyQ2lMQVZSa2hvTWZlS2p6TlBn?oc=5\" target=\"_blank\" rel=\"nofollow noopener\">Localizan el cuerpo sin vida de una segunda persona bajo los escombros de la explosi\u00f3n de Vallecas<\/a>&nbsp;&nbsp;RTVE.es<\/li>\n<li><a href=\"https:\/\/news.google.com\/rss\/articles\/CBMizAFBVV95cUxOMUVnVXhCRmRTdkZlcU0tS1FiclNuNmNOLXVsVnpHdUxkbjYwYWhZcUZzMTJYN3FZdFZCOS15SFJLa2R0cjFJUTVkUk1CU1IwVHpTZVZDUldaY3JrU1hCQklBVEhmUW1RUzkwcEROOTFEejBRek11QjhSeEFJUzl5blUtcjRzMWxYR0dGaXJqdGJ1ZWIyZHVBTzFZOHBCZVhhLTEyTUh1TERXZ0E5UTkyUnBCeG5aODZIUlg0NmNHamhadHhOZngyNlc2Z1o?oc=5\" target=\"_blank\" rel=\"nofollow noopener\">La Polic\u00eda encuentra un segundo cad\u00e1ver de un hombre en el bar de Vallecas donde una explosi\u00f3n el s\u00e1bado dej\u00f3 25 heridos<\/a>&nbsp;&nbsp;elDiario.es<\/li>\n<li><a href=\"https:\/\/news.google.com\/rss\/articles\/CBMi4gFBVV95cUxPenZyalFkeHBpVWtzeGl4VmsySWZYWE1tQ094RVpUd0ljRFZPdUpvbHdadDdmanRTeDhOUlM0SnpINERJODhqY1VuOEJYQlZKcGUxWmJQYy1LaXppZUYwdGJRQVFBU1kzc1NTN29fdVlrbjZZcVcxTXEydEdwNGRFSVpQd0NsZlpMSVFXS1JkOVJaVjNYc281QTZXaE5rUnNQUkktVnh1WGdkRXFqbDA2VnNfcWZmNmFQYUg2M0dHU2hEZjctYUczTUw4cDc0Q3lfRk1MaHI5bEl0Rl85el9QSm530gH2AUFVX3lxTE14dHRKeV9FM2NRSi14TWpPZ0FXdFRzbjJ1SnJEMURQWmhoNFhqSnFyU3VoMnNmMm01Tm1FZXdrR2c5NzdsMUlMN0VWQjVQNkp1dzczNVpzclpiOWxGYm4zMjhwbDYtbDUzd3RTem1nTmtCTW1BVUM0UEdLLTMyTWVlb3pWWUJVQTA5U1lYWnNVRVhVcWJOSkhQN1JlVVJfSUptSWYxVldyR1g1WFBjbVRqdG5VRHNYUDBVSXpiOXA4QUo3Uk8wQ1FmMS1FNE5qNjNtQXFDUTdIeFdITnlSaUZrNXYyQVNFRXRfSmV4OEhMMnpuRlFrQQ?oc=5\" target=\"_blank\" rel=\"nofollow noopener\">La Polic\u00eda encuentra a una segunda persona fallecida bajo los escombros de la explosi\u00f3n en Puente de Vallecas (Madrid)<\/a>&nbsp;&nbsp;Cadena SER<\/li>\n<\/ol>\n","protected":false},"excerpt":{"rendered":"Hallan un segundo cad\u00e1ver 48 horas despu\u00e9s entre los escombros de la explosi\u00f3n del bar de Vallecas&nbsp;&nbsp;La Voz&hellip;\n","protected":false},"author":2,"featured_media":117589,"comment_status":"","ping_status":"","sticky":false,"template":"","format":"standard","meta":{"footnotes":""},"categories":[5],"tags":[17,18,25,24,13,14,11,19,20,205,9,10,15,16,23,257,12,21,22],"class_list":{"0":"post-117588","1":"post","2":"type-post","3":"status-publish","4":"format-standard","5":"has-post-thumbnail","7":"category-titulares","8":"tag-breaking-news","9":"tag-breakingnews","10":"tag-es","11":"tag-espana","12":"tag-featured-news","13":"tag-featurednews","14":"tag-headlines","15":"tag-latest-news","16":"tag-latestnews","17":"tag-madrid","18":"tag-news","19":"tag-noticias","20":"tag-noticias-destacadas","21":"tag-noticiasdestacadas","22":"tag-spain","23":"tag-sucesos","24":"tag-titulares","25":"tag-ultimas-noticias","26":"tag-ultimasnoticias"},"share_on_mastodon":{"url":"","error":""},"_links":{"self":[{"href":"https:\/\/www.europesays.com\/es\/wp-json\/wp\/v2\/posts\/117588","targetHints":{"allow":["GET"]}}],"collection":[{"href":"https:\/\/www.europesays.com\/es\/wp-json\/wp\/v2\/posts"}],"about":[{"href":"https:\/\/www.europesays.com\/es\/wp-json\/wp\/v2\/types\/post"}],"author":[{"embeddable":true,"href":"https:\/\/www.europesays.com\/es\/wp-json\/wp\/v2\/users\/2"}],"replies":[{"embeddable":true,"href":"https:\/\/www.europesays.com\/es\/wp-json\/wp\/v2\/comments?post=117588"}],"version-history":[{"count":0,"href":"https:\/\/www.europesays.com\/es\/wp-json\/wp\/v2\/posts\/117588\/revisions"}],"wp:featuredmedia":[{"embeddable":true,"href":"https:\/\/www.europesays.com\/es\/wp-json\/wp\/v2\/media\/117589"}],"wp:attachment":[{"href":"https:\/\/www.europesays.com\/es\/wp-json\/wp\/v2\/media?parent=117588"}],"wp:term":[{"taxonomy":"category","embeddable":true,"href":"https:\/\/www.europesays.com\/es\/wp-json\/wp\/v2\/categories?post=117588"},{"taxonomy":"post_tag","embeddable":true,"href":"https:\/\/www.europesays.com\/es\/wp-json\/wp\/v2\/tags?post=117588"}],"curies":[{"name":"wp","href":"https:\/\/api.w.org\/{rel}","templated":true}]}}