{"id":117605,"date":"2025-09-15T23:37:13","date_gmt":"2025-09-15T23:37:13","guid":{"rendered":"https:\/\/www.europesays.com\/es\/117605\/"},"modified":"2025-09-15T23:37:13","modified_gmt":"2025-09-15T23:37:13","slug":"todo-era-muy-brillante-con-una-cocina-negra-muy-tremenda-y-dosmilera","status":"publish","type":"post","link":"https:\/\/www.europesays.com\/es\/117605\/","title":{"rendered":"Todo era muy brillante, con una cocina negra, muy tremenda y dosmilera"},"content":{"rendered":"<p>Cuando la propietaria encontr\u00f3 esta <strong>casa adosada en la zona norte de Madrid<\/strong>, supo que all\u00ed podr\u00eda levantar el hogar perfecto para su familia. Eso s\u00ed, necesitaba una transformaci\u00f3n total. Y ten\u00eda clar\u00edsimo a qui\u00e9n acudir: <strong>Paula Duarte<\/strong>, interiorista a la que segu\u00eda desde hac\u00eda tiempo y en cuya est\u00e9tica se ve\u00eda plenamente reflejada. \u201cSiempre hab\u00eda pensado que, cuando tuviera una casa que mereciera la pena reformar, la llamar\u00eda. Y as\u00ed fue\u201d, nos cuentan.<\/p>\n<p>La vivienda, construida en los a\u00f1os 90, ya hab\u00eda pasado por una reforma en los 2000\u2026 pero sin demasiado acierto. \u201cEra todo muy brillante, con una cocina negra, muy tremenda y dosmilera. <strong>Nada encajaba con la idea de un hogar c\u00e1lido y familiar que ellos buscaban<\/strong>\u201d, recuerda Paula. El reto, por tanto, estaba en darle la vuelta por completo: tabiquer\u00eda, instalaciones, sistemas de climatizaci\u00f3n, distribuci\u00f3n\u2026 nada se dej\u00f3 al azar. Incluso se sustituy\u00f3 el gas natural por aerotermia, en un paso clave hacia una casa m\u00e1s sostenible.\u00a0<strong>Insp\u00edrate cada mes.\u00a0<\/strong>\u00a0y recibe las\u00a0<strong>mejores ideas para decorar<\/strong>\u00a0<strong>y transformar\u00a0<\/strong>tu casa al mejor precio.<\/p>\n<p>&#13;<img decoding=\"async\" src=\"https:\/\/www.europesays.com\/es\/wp-content\/uploads\/2025\/09\/pasillo-clasico-con-cuadro-contemporaneo-00543294_00000000_665099c1_250910124709_600x600.webp.webp\" alt=\"pasillo-clasico-con-cuadro-contemporaneo-00543294\" class=\"image lazyload\"\/><\/p>\n<p class=\"epigraph\">Tips de experto<\/p>\n<p><a href=\"https:\/\/www.elmueble.com\/decoracion\/jaime-salva-arquitecto-cualquier-pasillo-de-1-metro-no-se-puede-desperdiciar_61722\" rel=\"nofollow noopener\" target=\"_blank\">Jaime Salv\u00e1, arquitecto: \u00abCualquier pasillo que tenga al menos 1 metro de ancho no se puede desperdiciar: pon un mueble bajo y discreto, una consola o espejos\u00bb<\/a><\/p>\n<p>\u00bfEl resultado? Una reforma integral que convirti\u00f3 este adosado en <strong>un espacio luminoso, ecol\u00f3gico, familiar y, sobre todo, disfrut\u00f3n<\/strong>. \u201cQuer\u00edan que cada rinc\u00f3n de la casa pudiera vivirse a tope\u201d, explica Paula. Y as\u00ed se hizo: con una planta exclusiva para los padres, otra pensada para las tres hijas adolescentes y zonas comunes donde lo c\u00e1lido y lo relajado marcan el tono. El nuevo hogar respira armon\u00eda, naturalidad y ese confort que invita a quedarse. \u201cAhora la propietaria est\u00e1 encantada. Siempre nos dice lo feliz que se siente en su casa\u201d.<\/p>\n<p>Sin lugar a dudas, una transformaci\u00f3n que ha valido la pena y que ha resultado en esta casa que ahora sus due\u00f1os pueden llamar hogar. Un luegar donde seguir construyendo historias con sus seres m\u00e1s queridos.<\/p>\n","protected":false},"excerpt":{"rendered":"Cuando la propietaria encontr\u00f3 esta casa adosada en la zona norte de Madrid, supo que all\u00ed podr\u00eda levantar&hellip;\n","protected":false},"author":2,"featured_media":117606,"comment_status":"","ping_status":"","sticky":false,"template":"","format":"standard","meta":{"footnotes":""},"categories":[173],"tags":[229,233,231,230,232,234,146,147,25,24,23],"class_list":{"0":"post-117605","1":"post","2":"type-post","3":"status-publish","4":"format-standard","5":"has-post-thumbnail","7":"category-arte-y-diseno","8":"tag-arte","9":"tag-arte-y-diseno","10":"tag-arts","11":"tag-arts-and-design","12":"tag-design","13":"tag-diseno","14":"tag-entertainment","15":"tag-entretenimiento","16":"tag-es","17":"tag-espana","18":"tag-spain"},"share_on_mastodon":{"url":"","error":""},"_links":{"self":[{"href":"https:\/\/www.europesays.com\/es\/wp-json\/wp\/v2\/posts\/117605","targetHints":{"allow":["GET"]}}],"collection":[{"href":"https:\/\/www.europesays.com\/es\/wp-json\/wp\/v2\/posts"}],"about":[{"href":"https:\/\/www.europesays.com\/es\/wp-json\/wp\/v2\/types\/post"}],"author":[{"embeddable":true,"href":"https:\/\/www.europesays.com\/es\/wp-json\/wp\/v2\/users\/2"}],"replies":[{"embeddable":true,"href":"https:\/\/www.europesays.com\/es\/wp-json\/wp\/v2\/comments?post=117605"}],"version-history":[{"count":0,"href":"https:\/\/www.europesays.com\/es\/wp-json\/wp\/v2\/posts\/117605\/revisions"}],"wp:featuredmedia":[{"embeddable":true,"href":"https:\/\/www.europesays.com\/es\/wp-json\/wp\/v2\/media\/117606"}],"wp:attachment":[{"href":"https:\/\/www.europesays.com\/es\/wp-json\/wp\/v2\/media?parent=117605"}],"wp:term":[{"taxonomy":"category","embeddable":true,"href":"https:\/\/www.europesays.com\/es\/wp-json\/wp\/v2\/categories?post=117605"},{"taxonomy":"post_tag","embeddable":true,"href":"https:\/\/www.europesays.com\/es\/wp-json\/wp\/v2\/tags?post=117605"}],"curies":[{"name":"wp","href":"https:\/\/api.w.org\/{rel}","templated":true}]}}