{"id":117609,"date":"2025-09-15T23:39:07","date_gmt":"2025-09-15T23:39:07","guid":{"rendered":"https:\/\/www.europesays.com\/es\/117609\/"},"modified":"2025-09-15T23:39:07","modified_gmt":"2025-09-15T23:39:07","slug":"es-por-la-primera-vez","status":"publish","type":"post","link":"https:\/\/www.europesays.com\/es\/117609\/","title":{"rendered":"Es por la primera vez"},"content":{"rendered":"<p class=\"c-paragraph\"><a href=\"https:\/\/www.20minutos.es\/tags\/temas\/la-revuelta.html\" title=\"La Revuelta\" rel=\"nofollow noopener\" target=\"_blank\">La Revuelta<\/a> ha contado este lunes con <b>la visita de\u00a0<a href=\"https:\/\/www.20minutos.es\/tags\/personas\/ricardo-darin.html\" title=\"Ricardo Dar\u00edn\" rel=\"nofollow noopener\" target=\"_blank\">Ricardo Dar\u00edn<\/a> y Andrea Prieta<\/b>. Los actores, protagonistas de\u00a0El Eternauta, vuelven a trabajar juntos en Escenas de la vida conyugal, una obra de teatro con la que est\u00e1n recorriendo los diferentes escenarios de Espa\u00f1a y que han presentado en el programa de <a href=\"https:\/\/www.20minutos.es\/tags\/personas\/broncano.html\" title=\"David Broncano\" rel=\"nofollow noopener\" target=\"_blank\">David Broncano<\/a>.<\/p>\n<p class=\"c-paragraph\">Nada m\u00e1s entrar al plat\u00f3 y bailar con la sinton\u00eda correspondiente cuando los invitados salen ante el p\u00fablico, los int\u00e9rpretes le han dado al presentador el <b>regalo que le han tra\u00eddo desde Argentina.\u00a0<\/b><\/p>\n<p class=\"c-paragraph\">\u00abPodemos decir que es nuestra sustancia esencial\u00bb, reconoci\u00f3 Dar\u00edn, un dato que secund\u00f3 su compa\u00f1era. <b>\u00abUy, dulcito de leche\u00bb,<\/b> ha dicho Broncano con acento argentido una vez ha sacado el envase de la bolsa. \u00abQu\u00e9 bueno\u00bb, ha apuntado el jiennense, que abri\u00f3 el tarro y cogi\u00f3 un poco con su dedo para probarlo.<\/p>\n<p class=\"c-paragraph\">\u00abSe me dilatan las pupilas, es muy intenso\u00bb, detall\u00f3 Broncano. Tras hablar de c\u00f3mo se produce el dulce de leche, el presentador fue a por el regalo que ten\u00edan preparado desde la organizaci\u00f3n del programa<b>. \u00abQue sea algo \u00fatil, por favor\u00bb,<\/b> pidi\u00f3 Ricardo Dar\u00edn.<\/p>\n<p class=\"c-paragraph\">Sin embargo, Broncano solamente ten\u00eda un detalle para Andrea Prieta, dejando al actor sin nada para \u00e9l.<b> \u00abPerd\u00f3n, Ricardo. Es solo para ella\u00bb,<\/b> lament\u00f3. \u00abMe parece bien\u00bb, dijo su invitado, sin resentimiento. \u00abEso es porque es mi primera vez\u00bb, expres\u00f3 Prieta, a lo que el comunicador le dio la raz\u00f3n.<\/p>\n<p class=\"c-paragraph\">\u00ab<b>La primera vez que viene alguien le hacemos el regalo del refr\u00e1n.<\/b> \u00bfNo te acuerdas que te lo hicimos a ti tambi\u00e9n?\u00bb, se excus\u00f3 el presentador. \u00abS\u00ed, de algo me acuerdo. Tambi\u00e9n me acuerdo de aquel que se tir\u00f3 de arriba a cantarme una poes\u00eda\u00bb, rememor\u00f3 el argentino sobre su \u00faltima visita al programa hace unos meses.<\/p>\n<p class=\"c-paragraph\">\u00abEso es\u00bb, asegur\u00f3 Broncano, que a continuaci\u00f3n sac\u00f3 de la bolsa un adoqu\u00edn en el que hab\u00eda tallado una frase dedicada a la actriz: <b>\u00abAndrea Prieta, pero no ahoga\u00bb<\/b>. La int\u00e9rprete acept\u00f3 el obsequio y sentenci\u00f3 entre risas: \u00abEs un regalo muy lindo para transportarlo a Argentina\u00bb.<\/p>\n","protected":false},"excerpt":{"rendered":"La Revuelta ha contado este lunes con la visita de\u00a0Ricardo Dar\u00edn y Andrea Prieta. Los actores, protagonistas de\u00a0El&hellip;\n","protected":false},"author":2,"featured_media":117610,"comment_status":"","ping_status":"","sticky":false,"template":"","format":"standard","meta":{"footnotes":""},"categories":[171],"tags":[146,147,25,24,528,23,214],"class_list":{"0":"post-117609","1":"post","2":"type-post","3":"status-publish","4":"format-standard","5":"has-post-thumbnail","7":"category-tv","8":"tag-entertainment","9":"tag-entretenimiento","10":"tag-es","11":"tag-espana","12":"tag-revuelta","13":"tag-spain","14":"tag-tv"},"share_on_mastodon":{"url":"","error":""},"_links":{"self":[{"href":"https:\/\/www.europesays.com\/es\/wp-json\/wp\/v2\/posts\/117609","targetHints":{"allow":["GET"]}}],"collection":[{"href":"https:\/\/www.europesays.com\/es\/wp-json\/wp\/v2\/posts"}],"about":[{"href":"https:\/\/www.europesays.com\/es\/wp-json\/wp\/v2\/types\/post"}],"author":[{"embeddable":true,"href":"https:\/\/www.europesays.com\/es\/wp-json\/wp\/v2\/users\/2"}],"replies":[{"embeddable":true,"href":"https:\/\/www.europesays.com\/es\/wp-json\/wp\/v2\/comments?post=117609"}],"version-history":[{"count":0,"href":"https:\/\/www.europesays.com\/es\/wp-json\/wp\/v2\/posts\/117609\/revisions"}],"wp:featuredmedia":[{"embeddable":true,"href":"https:\/\/www.europesays.com\/es\/wp-json\/wp\/v2\/media\/117610"}],"wp:attachment":[{"href":"https:\/\/www.europesays.com\/es\/wp-json\/wp\/v2\/media?parent=117609"}],"wp:term":[{"taxonomy":"category","embeddable":true,"href":"https:\/\/www.europesays.com\/es\/wp-json\/wp\/v2\/categories?post=117609"},{"taxonomy":"post_tag","embeddable":true,"href":"https:\/\/www.europesays.com\/es\/wp-json\/wp\/v2\/tags?post=117609"}],"curies":[{"name":"wp","href":"https:\/\/api.w.org\/{rel}","templated":true}]}}