{"id":117611,"date":"2025-09-15T23:40:08","date_gmt":"2025-09-15T23:40:08","guid":{"rendered":"https:\/\/www.europesays.com\/es\/117611\/"},"modified":"2025-09-15T23:40:08","modified_gmt":"2025-09-15T23:40:08","slug":"foo-fighters-estrenan-a-su-nuevo-bateria-en-directo","status":"publish","type":"post","link":"https:\/\/www.europesays.com\/es\/117611\/","title":{"rendered":"Foo Fighters estrenan a su nuevo bater\u00eda en directo"},"content":{"rendered":"<p>Foo Fighters han vuelto a actuar en directo desde que cerrasen su gira del pasado a\u00f1o. Tras la despedida de Josh Freese, est\u00e1bamos pendientes de c\u00f3mo encajar\u00eda su nuevo bater\u00eda en los conciertos del grupo. Y ahora ya podemos tener pistas despu\u00e9s de que actuasen este fin de semana en California.<\/p>\n<p>El grupo anunci\u00f3 una actuaci\u00f3n por sorpresa en el <strong>Fremont Theater<\/strong> de la localidad californiana de San Luis Obispo. A la sorpresa del anuncio se sum\u00f3 la de que las entradas solamente costar\u00edan treinta d\u00f3lares y deb\u00edan comprarse personalmente en las taquillas del propio recinto. \u00a1Y es que el aforo del Fremont Theater es de novecientas personas!<\/p>\n<p>Dave Grohl present\u00f3 a Ilia Rubin ya como miembro oficial de la banda con unas frases desde el escenario. La actuaci\u00f3n era ideal para presentar en sociedad al m\u00fasico, puesto que podr\u00eda considerarse una suerte de ensayo con p\u00fablico. A partir del mes de octubre, Foo Fighters saldr\u00e1n a girar por Asia ya con Rubin en la banda.<\/p>\n<p>En el concierto interpretaron m\u00e1s de veinte canciones entre ellas cl\u00e1sicos como \u00abMy Hero\u00bb, \u00abLearn To Fly\u00bb o \u00abEverlong\u00bb.<\/p>\n","protected":false},"excerpt":{"rendered":"Foo Fighters han vuelto a actuar en directo desde que cerrasen su gira del pasado a\u00f1o. Tras la&hellip;\n","protected":false},"author":2,"featured_media":117612,"comment_status":"","ping_status":"","sticky":false,"template":"","format":"standard","meta":{"footnotes":""},"categories":[170],"tags":[146,147,25,24,184,185,23],"class_list":{"0":"post-117611","1":"post","2":"type-post","3":"status-publish","4":"format-standard","5":"has-post-thumbnail","7":"category-musica","8":"tag-entertainment","9":"tag-entretenimiento","10":"tag-es","11":"tag-espana","12":"tag-music","13":"tag-musica","14":"tag-spain"},"share_on_mastodon":{"url":"","error":""},"_links":{"self":[{"href":"https:\/\/www.europesays.com\/es\/wp-json\/wp\/v2\/posts\/117611","targetHints":{"allow":["GET"]}}],"collection":[{"href":"https:\/\/www.europesays.com\/es\/wp-json\/wp\/v2\/posts"}],"about":[{"href":"https:\/\/www.europesays.com\/es\/wp-json\/wp\/v2\/types\/post"}],"author":[{"embeddable":true,"href":"https:\/\/www.europesays.com\/es\/wp-json\/wp\/v2\/users\/2"}],"replies":[{"embeddable":true,"href":"https:\/\/www.europesays.com\/es\/wp-json\/wp\/v2\/comments?post=117611"}],"version-history":[{"count":0,"href":"https:\/\/www.europesays.com\/es\/wp-json\/wp\/v2\/posts\/117611\/revisions"}],"wp:featuredmedia":[{"embeddable":true,"href":"https:\/\/www.europesays.com\/es\/wp-json\/wp\/v2\/media\/117612"}],"wp:attachment":[{"href":"https:\/\/www.europesays.com\/es\/wp-json\/wp\/v2\/media?parent=117611"}],"wp:term":[{"taxonomy":"category","embeddable":true,"href":"https:\/\/www.europesays.com\/es\/wp-json\/wp\/v2\/categories?post=117611"},{"taxonomy":"post_tag","embeddable":true,"href":"https:\/\/www.europesays.com\/es\/wp-json\/wp\/v2\/tags?post=117611"}],"curies":[{"name":"wp","href":"https:\/\/api.w.org\/{rel}","templated":true}]}}