{"id":117621,"date":"2025-09-15T23:45:05","date_gmt":"2025-09-15T23:45:05","guid":{"rendered":"https:\/\/www.europesays.com\/es\/117621\/"},"modified":"2025-09-15T23:45:05","modified_gmt":"2025-09-15T23:45:05","slug":"llego-el-fin-de-la-barrera-del-idioma-ya-no-necesitas-ser-poliglota-para-entender-el-mundo-como","status":"publish","type":"post","link":"https:\/\/www.europesays.com\/es\/117621\/","title":{"rendered":"\u00a1Lleg\u00f3 el fin de la barrera del idioma! Ya no necesitas ser pol\u00edglota para entender el mundo, \u00bfc\u00f3mo?"},"content":{"rendered":"<p class=\"mb-4 text-lg md:leading-8 break-words\">\u00bfPreocupado por no entender otros idiomas cuando viajas o simplemente cuando intentas mantener una conversaci\u00f3n con alguien que no habla tu lengua? Eso ya es cosa del pasado gracias a los nuevos <a href=\"https:\/\/www.apple.com\/airpods-pro\/?afid=p240%7Cgo~cmp-14992734890~adg-141729282875~ad-773260595173_kwd-832987031934~dev-c~ext-~prd-~mca-~nt-search&amp;cid=wwa-us-kwgo-airpods-core-airpodspro3-airpodspro3_hero_order_090925-AirPods-Core-Exact-AirPodsPro-Exact-airpods+pro+3\" rel=\"nofollow noopener\" target=\"_blank\" data-ylk=\"slk:AirPods Pro 3;elm:context_link;itc:0;sec:content-canvas\" class=\"link \">AirPods Pro 3<\/a> que estar\u00e1n disponibles a partir del viernes 19 de septiembre. Y lo digo en serio: la primera vez que los prob\u00e9 fue como sentir que llevaba un int\u00e9rprete en el o\u00eddo, pero sin que nada se interpusiera entre la naturalidad de la charla y la tecnolog\u00eda que lo hac\u00eda posible.<\/p>\n<p class=\"mb-4 text-lg md:leading-8 break-words\"><strong>La magia de la traducci\u00f3n en vivo<\/strong><\/p>\n<p class=\"mb-4 text-lg md:leading-8 break-words\">Lo m\u00e1s impresionante es que la Traducci\u00f3n en Vivo ocurre sin necesidad de abrir una app complicada ni de distraerte con la pantalla. Imagina caminar por una ciudad nueva, detenerte a preguntar una direcci\u00f3n en alem\u00e1n o en portugu\u00e9s, y simplemente escuchar la respuesta en espa\u00f1ol directamente en tus AirPods. Esa sensaci\u00f3n de entender sin esfuerzo es liberadora, y convierte un viaje en una experiencia mucho m\u00e1s fluida.<\/p>\n<p class=\"mb-4 text-lg md:leading-8 break-words\">La traducci\u00f3n est\u00e1 disponible en ingl\u00e9s, franc\u00e9s, alem\u00e1n, portugu\u00e9s y espa\u00f1ol, y se expandir\u00e1 pronto a otros idiomas como italiano, japon\u00e9s, coreano y chino. La verdad es que uno se siente parte de una pel\u00edcula futurista, pero lo m\u00e1s cool es que no se percibe como un truco tecnol\u00f3gico: es pr\u00e1ctico, intuitivo y hasta \u00edntimo, porque la conversaci\u00f3n sigue sonando como una charla natural.<\/p>\n<p><img alt=\"Apple Apple-AirPods-Pro-3\" loading=\"lazy\" width=\"480\" height=\"480\" decoding=\"async\" data-nimg=\"1\" class=\"rounded-lg\" style=\"color:transparent\" src=\"https:\/\/www.europesays.com\/es\/wp-content\/uploads\/2025\/09\/ae2a5c97d1a1ad37449c5b35b1dd190e.jpeg\"\/><\/p>\n<p>Apple<\/p>\n<p> Apple-AirPods-Pro-3<\/p>\n<p class=\"mb-4 text-lg md:leading-8 break-words\"><strong>Tecnolog\u00eda que late contigo<\/strong><\/p>\n<p class=\"mb-4 text-lg md:leading-8 break-words\">Si la traducci\u00f3n es la caracter\u00edstica estrella para quienes viajamos o trabajamos en contextos multiculturales, el sensor de frecuencia cardiaca es el gran aliado de quienes entrenamos. Correr, practicar yoga o hacer HIIT con los AirPods Pro 3 es distinto, porque ahora tu propio cuerpo se refleja en tiempo real en tu o\u00eddo.<\/p>\n<p class=\"mb-4 text-lg md:leading-8 break-words\">El sensor PPG mide el pulso con precisi\u00f3n, y al conectarse con la app Fitness del iPhone te permite registrar hasta 50 tipos de entrenamientos. Esto significa que puedes saber cu\u00e1ntas calor\u00edas quemaste, cu\u00e1nto tardaste en alcanzar tu zona cardiaca ideal y hasta recibir retroalimentaci\u00f3n motivacional personalizada con Workout Buddy, impulsado por Apple Intelligence.<\/p>\n<p><img alt=\"Apple Apple-AirPods-Pro-3\" loading=\"lazy\" width=\"640\" height=\"360\" decoding=\"async\" data-nimg=\"1\" class=\"rounded-lg\" style=\"color:transparent\" src=\"https:\/\/www.europesays.com\/es\/wp-content\/uploads\/2025\/09\/01d147baff03b1fa6e1dda506d0d6278.jpeg\"\/><\/p>\n<p>Apple<\/p>\n<p> Apple-AirPods-Pro-3<\/p>\n<p class=\"mb-4 text-lg md:leading-8 break-words\">Yo lo prob\u00e9 en una sesi\u00f3n de yoga y otra de carrera: en ambas, los AirPods no solo se mantuvieron firmes gracias al nuevo dise\u00f1o m\u00e1s estable, sino que adem\u00e1s me dieron esa sensaci\u00f3n de tener un entrenador invisible, atento a cada detalle de mi esfuerzo.<\/p>\n<p class=\"mb-4 text-lg md:leading-8 break-words\"><strong>Un dise\u00f1o pensado para moverse<\/strong><\/p>\n<p class=\"mb-4 text-lg md:leading-8 break-words\">Apple redise\u00f1\u00f3 los AirPods Pro 3 bas\u00e1ndose en miles de estudios de orejas reales y en millones de puntos de datos. El resultado: unos aud\u00edfonos que no solo encajan mejor, sino que son m\u00e1s estables incluso cuando corres bajo la lluvia o sudas en un gimnasio. Con clasificaci\u00f3n IP57, resisten agua y sudor, lo que los convierte en compa\u00f1eros ideales de entrenamientos intensos o aventuras al aire libre.<\/p>\n<p class=\"mb-4 text-lg md:leading-8 break-words\">Adem\u00e1s, las almohadillas vienen ahora en cinco tama\u00f1os, incluido un XXS, para que pr\u00e1cticamente cualquier persona encuentre un ajuste perfecto. Es uno de esos detalles que no notas hasta que lo pruebas y descubres que, por fin, los aud\u00edfonos no se mueven ni incomodan despu\u00e9s de horas de uso.<\/p>\n<p class=\"mb-4 text-lg md:leading-8 break-words\"><strong>Si no te quieres perder nada,\u00a0<a href=\"https:\/\/peopleenespanol.com\/formulario-suscripcion-boletin-8773430\" rel=\"nofollow noopener\" target=\"_blank\" data-ylk=\"slk:suscr\u00edbete gratis aqu\u00ed al bolet\u00edn de People en Espa\u00f1ol\u00a0;elm:context_link;itc:0;sec:content-canvas\" class=\"link \">suscr\u00edbete gratis aqu\u00ed al bolet\u00edn de People en Espa\u00f1ol\u00a0<\/a>para estar al d\u00eda sobre todo lo que hacen tus celebridades favoritas, las noticias m\u00e1s impactantes y lo \u00faltimo en moda+belleza.<\/strong><\/p>\n<p class=\"mb-4 text-lg md:leading-8 break-words\"><strong>Sonido que te envuelve<\/strong><\/p>\n<p class=\"mb-4 text-lg md:leading-8 break-words\">No podemos olvidar lo esencial: el audio. Los AirPods Pro 3 incorporan una arquitectura ac\u00fastica multipuerto que mejora bajos, claridad de voces y nitidez en los agudos. Todo se siente m\u00e1s definido, desde un podcast hasta un concierto en vivo.<\/p>\n<p class=\"mb-4 text-lg md:leading-8 break-words\">La Cancelaci\u00f3n Activa de Ruido es la mejor en su categor\u00eda in-ear, eliminando hasta dos veces m\u00e1s ruido que la generaci\u00f3n anterior y cuatro veces m\u00e1s que los originales. Esto se traduce en entrenar sin distracciones en un gimnasio lleno de gente, o en leer tranquilo en un caf\u00e9 ruidoso mientras escuchas tu m\u00fasica favorita.<\/p>\n<p><img alt=\"Apple Apple-AirPods-Pro-3\" loading=\"lazy\" width=\"640\" height=\"360\" decoding=\"async\" data-nimg=\"1\" class=\"rounded-lg\" style=\"color:transparent\" src=\"https:\/\/www.europesays.com\/es\/wp-content\/uploads\/2025\/09\/0268430f3bff5026543cde9b886d4e65.jpeg\"\/><\/p>\n<p>Apple<\/p>\n<p> Apple-AirPods-Pro-3<\/p>\n<p class=\"mb-4 text-lg md:leading-8 break-words\">Al mismo tiempo, el modo Ambiente personalizado permite escuchar tu propia voz y lo que pasa alrededor con m\u00e1s naturalidad, lo que resulta muy \u00fatil cuando quieres seguir atento a una conversaci\u00f3n sin quitarte los aud\u00edfonos.<\/p>\n<p class=\"mb-4 text-lg md:leading-8 break-words\">Bater\u00eda para todo el d\u00eda<\/p>\n<p class=\"mb-4 text-lg md:leading-8 break-words\">Un detalle que parece peque\u00f1o pero cambia todo: la duraci\u00f3n de la bater\u00eda. Los AirPods Pro 3 ofrecen hasta 10 horas de uso continuo, un 67% m\u00e1s que la generaci\u00f3n pasada. En mi caso, esto signific\u00f3 poder usarlos para trabajar en la ma\u00f1ana, entrenar en la tarde y salir a cenar en la noche sin tener que preocuparme por cargarlos.<\/p>\n<p class=\"mb-4 text-lg md:leading-8 break-words\">M\u00e1s que aud\u00edfonos<\/p>\n<p class=\"mb-4 text-lg md:leading-8 break-words\">En conjunto, los AirPods Pro 3 son mucho m\u00e1s que unos aud\u00edfonos. Son traductor personal, entrenador invisible y aliado del d\u00eda a d\u00eda. Lo curioso es que todo esto se siente como una experiencia natural, no como estar rodeado de gadgets.<\/p>\n<p class=\"mb-4 text-lg md:leading-8 break-words\">En un mundo donde viajar, entrenar y comunicarnos en m\u00faltiples contextos es la norma, estos AirPods no solo acompa\u00f1an: facilitan, potencian y hasta transforman la manera en que vivimos.<\/p>\n<p class=\"mb-4 text-lg md:leading-8 break-words\">Despu\u00e9s de usarlos, ya no pienso en ellos como un accesorio tecnol\u00f3gico m\u00e1s, sino como la extensi\u00f3n l\u00f3gica de lo que significa estar conectado: a tu m\u00fasica, a tu cuerpo y, sobre todo, a otras personas sin importar el idioma.<\/p>\n<p class=\"mb-4 text-lg md:leading-8 break-words\">Read the original article on <a href=\"https:\/\/peopleenespanol.com\/airpods-pro-3-detalles-de-la-nueva-generacion-de-audifinos-de-apple-11810261\" rel=\"nofollow noopener\" target=\"_blank\" data-ylk=\"slk:PEOPLEENESPANOL;elm:context_link;itc:0;sec:content-canvas\" class=\"link \">PEOPLEENESPANOL<\/a><\/p>\n","protected":false},"excerpt":{"rendered":"\u00bfPreocupado por no entender otros idiomas cuando viajas o simplemente cuando intentas mantener una conversaci\u00f3n con alguien que&hellip;\n","protected":false},"author":2,"featured_media":117622,"comment_status":"","ping_status":"","sticky":false,"template":"","format":"standard","meta":{"footnotes":""},"categories":[81],"tags":[2823,119,123,124,25,24,117,121,122,23,118,120,39231],"class_list":{"0":"post-117621","1":"post","2":"type-post","3":"status-publish","4":"format-standard","5":"has-post-thumbnail","7":"category-ciencia-y-tecnologia","8":"tag-apple","9":"tag-ciencia","10":"tag-ciencia-y-tecnologia","11":"tag-cienciaytecnologia","12":"tag-es","13":"tag-espana","14":"tag-science","15":"tag-science-and-technology","16":"tag-scienceandtechnology","17":"tag-spain","18":"tag-technology","19":"tag-tecnologia","20":"tag-viernes-19-de-septiembre"},"share_on_mastodon":{"url":"","error":""},"_links":{"self":[{"href":"https:\/\/www.europesays.com\/es\/wp-json\/wp\/v2\/posts\/117621","targetHints":{"allow":["GET"]}}],"collection":[{"href":"https:\/\/www.europesays.com\/es\/wp-json\/wp\/v2\/posts"}],"about":[{"href":"https:\/\/www.europesays.com\/es\/wp-json\/wp\/v2\/types\/post"}],"author":[{"embeddable":true,"href":"https:\/\/www.europesays.com\/es\/wp-json\/wp\/v2\/users\/2"}],"replies":[{"embeddable":true,"href":"https:\/\/www.europesays.com\/es\/wp-json\/wp\/v2\/comments?post=117621"}],"version-history":[{"count":0,"href":"https:\/\/www.europesays.com\/es\/wp-json\/wp\/v2\/posts\/117621\/revisions"}],"wp:featuredmedia":[{"embeddable":true,"href":"https:\/\/www.europesays.com\/es\/wp-json\/wp\/v2\/media\/117622"}],"wp:attachment":[{"href":"https:\/\/www.europesays.com\/es\/wp-json\/wp\/v2\/media?parent=117621"}],"wp:term":[{"taxonomy":"category","embeddable":true,"href":"https:\/\/www.europesays.com\/es\/wp-json\/wp\/v2\/categories?post=117621"},{"taxonomy":"post_tag","embeddable":true,"href":"https:\/\/www.europesays.com\/es\/wp-json\/wp\/v2\/tags?post=117621"}],"curies":[{"name":"wp","href":"https:\/\/api.w.org\/{rel}","templated":true}]}}