{"id":117625,"date":"2025-09-15T23:47:07","date_gmt":"2025-09-15T23:47:07","guid":{"rendered":"https:\/\/www.europesays.com\/es\/117625\/"},"modified":"2025-09-15T23:47:07","modified_gmt":"2025-09-15T23:47:07","slug":"el-kremlin-asegura-que-la-otan-ya-esta-en-guerra-contra-rusia-internacional","status":"publish","type":"post","link":"https:\/\/www.europesays.com\/es\/117625\/","title":{"rendered":"El Kremlin asegura que la OTAN \u00abya est\u00e1 en guerra contra Rusia\u00bb | Internacional"},"content":{"rendered":"<p class=\"loc\">Madrid <\/p>\n<p>El portavoz de Vlad\u00edmir Putin, Dmitri Peskov, ha respondido a los periodistas asegurando que \u201cla OTAN ya est\u00e1 en guerra con Rusia, con el apoyo que est\u00e1n dando los pa\u00edses atlantistas a Kiev\u201d. Ha a\u00f1adido que \u201clas negociaciones entre Rusia y Ucrania est\u00e1n estancadas, porque Ucrania no est\u00e1 preparada para sentarse a negociar seriamente\u201d.<\/p>\n<p>Media Europa se encuentra asustada por las incursiones rusas en territorio europeo y atlantista. El ministro italiano de Defensa, Guido Crosetto, ha declarado hoy que \u201cItalia es uno de los principales contribuyentes de la OTAN en el flanco oriental. Pero tambi\u00e9n contamos con el flanco sur, por lo que creo que la contribuci\u00f3n realizada hasta ahora en el flanco oriental es suficiente. Si necesitamos aumentarla, se nos solicitar\u00e1 formalmente. Sobre este asunto, hasta la fecha, solo he visto una declaraci\u00f3n de Rutte, pero no una solicitud formal a Italia. Si se nos solicita, decidiremos\u201d.<\/p>\n<p>Crosetto ha a\u00f1adido: \u201cNo estamos preparados para un ataque ruso ni de otra naci\u00f3n; lo llevo diciendo mucho tiempo. Creo que tenemos el deber de poner a este pa\u00eds en condiciones de defenderse si alg\u00fan loco decide atacarnos. No hablo de Putin, hablo de cualquiera. No estamos preparados porque no hemos invertido m\u00e1s en defensa en los \u00faltimos veinte a\u00f1os y, por lo tanto, veinte a\u00f1os no se recuperan en uno o dos a\u00f1os\u201d.<\/p>\n<p>Desde Polonia, la incursi\u00f3n de m\u00e1s de veinte drones en territorio polaco la semana pasada ha sido \u201cuna acci\u00f3n deliberada de Rusia\u201d, ha declarado Marcin Przydacz, asesor de pol\u00edtica exterior del presidente polaco, Karol Nawrocki, en una entrevista con Fox News. \u201cNo creemos que fuera un error. De hecho, hab\u00eda cientos de drones dirigidos contra Ucrania, y muchos de ellos alcanzaron sus objetivos o fueron eliminados por la fuerza a\u00e9rea ucraniana. Pero esos 21 drones no fueron un error en Polonia. Fue una acci\u00f3n deliberada de Rusia, y estamos 100 % seguros de ello\u201d, ha a\u00f1adido, despu\u00e9s de que Donald Trump afirmara que \u201cno se pod\u00eda descartar un error\u201d.<\/p>\n<p>Nawrocki, ha a\u00f1adido Przydacz, ha informado a Trump sobre los detalles clave del ataque en una reciente llamada telef\u00f3nica. Mientras tanto, el presidente polaco ha firmado un decreto que autoriza el despliegue de fuerzas militares de la OTAN en Polonia como parte de la Operaci\u00f3n Centinela Oriental, lanzada por la Alianza tras la incursi\u00f3n.<\/p>\n<p>Desde el Reino Unido se ha anunciado: \u201cCazas brit\u00e1nicos se unir\u00e1n a la Operaci\u00f3n Centinela Oriental de la OTAN sobre Polonia. Los cazas brit\u00e1nicos realizar\u00e1n misiones de defensa a\u00e9rea sobre Polonia para contrarrestar las amenazas a\u00e9reas de Rusia, incluyendo drones, como parte de la misi\u00f3n Centinela Oriental de la OTAN\u201d, ha declarado el ministerio, a\u00f1adiendo que \u201clas misiones Typhoon de la RAF comenzar\u00e1n en los pr\u00f3ximos d\u00edas\u201d.<\/p>\n<p>Por \u00faltimo, la embajadora de la Federaci\u00f3n Rusa en Sof\u00eda, Eleonora Mitrofanova, ha sido citada hoy por el Ministerio de Asuntos Exteriores de Bulgaria en relaci\u00f3n con la violaci\u00f3n del espacio a\u00e9reo polaco por drones rusos el 10 de septiembre. Mitrofanova ha recibido una declaraci\u00f3n escrita en la que \u201cBulgaria condena categ\u00f3ricamente la violaci\u00f3n deliberada del espacio a\u00e9reo polaco y expresa su absoluta solidaridad con su aliado y socio de la OTAN y la UE\u201d. La protesta b\u00falgara afirma que Sof\u00eda considera el incidente \u201cun acto irresponsable y una amenaza para la seguridad de los ciudadanos europeos, la estabilidad regional y la paz internacional\u201d.<\/p>\n","protected":false},"excerpt":{"rendered":"Madrid El portavoz de Vlad\u00edmir Putin, Dmitri Peskov, ha respondido a los periodistas asegurando que \u201cla OTAN ya&hellip;\n","protected":false},"author":2,"featured_media":117626,"comment_status":"","ping_status":"","sticky":false,"template":"","format":"standard","meta":{"footnotes":""},"categories":[42],"tags":[39130,17,18,13,14,14064,39232,11,61,62,63,64,19,20,9,10,15,16,12,21,22,65,66,67],"class_list":{"0":"post-117625","1":"post","2":"type-post","3":"status-publish","4":"format-standard","5":"has-post-thumbnail","7":"category-internacional","8":"tag-air-base","9":"tag-breaking-news","10":"tag-breakingnews","11":"tag-featured-news","12":"tag-featurednews","13":"tag-fighter","14":"tag-head-of-state","15":"tag-headlines","16":"tag-internacional","17":"tag-international","18":"tag-international-news","19":"tag-internationalnews","20":"tag-latest-news","21":"tag-latestnews","22":"tag-news","23":"tag-noticias","24":"tag-noticias-destacadas","25":"tag-noticiasdestacadas","26":"tag-titulares","27":"tag-ultimas-noticias","28":"tag-ultimasnoticias","29":"tag-world","30":"tag-world-news","31":"tag-worldnews"},"share_on_mastodon":{"url":"","error":""},"_links":{"self":[{"href":"https:\/\/www.europesays.com\/es\/wp-json\/wp\/v2\/posts\/117625","targetHints":{"allow":["GET"]}}],"collection":[{"href":"https:\/\/www.europesays.com\/es\/wp-json\/wp\/v2\/posts"}],"about":[{"href":"https:\/\/www.europesays.com\/es\/wp-json\/wp\/v2\/types\/post"}],"author":[{"embeddable":true,"href":"https:\/\/www.europesays.com\/es\/wp-json\/wp\/v2\/users\/2"}],"replies":[{"embeddable":true,"href":"https:\/\/www.europesays.com\/es\/wp-json\/wp\/v2\/comments?post=117625"}],"version-history":[{"count":0,"href":"https:\/\/www.europesays.com\/es\/wp-json\/wp\/v2\/posts\/117625\/revisions"}],"wp:featuredmedia":[{"embeddable":true,"href":"https:\/\/www.europesays.com\/es\/wp-json\/wp\/v2\/media\/117626"}],"wp:attachment":[{"href":"https:\/\/www.europesays.com\/es\/wp-json\/wp\/v2\/media?parent=117625"}],"wp:term":[{"taxonomy":"category","embeddable":true,"href":"https:\/\/www.europesays.com\/es\/wp-json\/wp\/v2\/categories?post=117625"},{"taxonomy":"post_tag","embeddable":true,"href":"https:\/\/www.europesays.com\/es\/wp-json\/wp\/v2\/tags?post=117625"}],"curies":[{"name":"wp","href":"https:\/\/api.w.org\/{rel}","templated":true}]}}