{"id":117627,"date":"2025-09-15T23:48:11","date_gmt":"2025-09-15T23:48:11","guid":{"rendered":"https:\/\/www.europesays.com\/es\/117627\/"},"modified":"2025-09-15T23:48:11","modified_gmt":"2025-09-15T23:48:11","slug":"el-papa-nombra-como-nuncio-en-espana-a-un-prelado-conservador-de-pasado-controvertido-sociedad","status":"publish","type":"post","link":"https:\/\/www.europesays.com\/es\/117627\/","title":{"rendered":"El Papa nombra como nuncio en Espa\u00f1a a un prelado conservador de pasado controvertido | Sociedad"},"content":{"rendered":"<p class=\"\">Le\u00f3n XIV ha designado este lunes como nuncio en Espa\u00f1a y Andorra, figura equivalente a un embajador de la Santa Sede, al italiano Piero Pioppo. De 64 a\u00f1os y perfil muy conservador, era el nombre que circulaba desde hace tiempo \u2015la revista religiosa Vida Nueva lo adelant\u00f3 en julio\u2015 y ya hab\u00eda sido decidido por el papa Francisco d\u00edas antes de su fallecimiento, el pasado mes de abril. <\/p>\n<p class=\"\">El hecho de que su nombramiento se produjera en un momento de grave estado de salud del papa argentino ha alimentado la tesis de que se trat\u00f3 de un gol in extremis del sector conservador de la Curia. Porque, seg\u00fan fuentes vaticanas, no gozaba del favor de Francisco. El anuncio <a href=\"https:\/\/elpais.com\/sociedad\/2025-03-22\/el-papa-traslada-al-nuncio-en-espana-a-bruselas-como-representante-del-vaticano-ante-la-ue.html\" target=\"_self\" rel=\"nofollow noopener\" title=\"https:\/\/elpais.com\/sociedad\/2025-03-22\/el-papa-traslada-al-nuncio-en-espana-a-bruselas-como-representante-del-vaticano-ante-la-ue.html\">del traslado del anterior nuncio en Espa\u00f1a, el filipino Bernardito Auza<\/a>, fue el pasado 22 de marzo, enviado a Bruselas como representante del Vaticano ante la UE, y Jorge Mario Bergoglio falleci\u00f3 el 21 de abril. Que luego hayan pasado casi seis meses para confirmarlo no ha hecho m\u00e1s que aumentar la impresi\u00f3n de que era una decisi\u00f3n con problemas, pese a que haya influido el par\u00f3n en la maquinaria vaticana por el cambio de papa. Es m\u00e1s, este verano algunos medios digitales conservadores, en Espa\u00f1a e Italia, han llegado a publicar que hab\u00eda un veto del Gobierno espa\u00f1ol. <a href=\"https:\/\/elpais.com\/sociedad\/2025-09-15\/leon-xiv-el-desaparecido.html\" target=\"_self\" rel=\"nofollow noopener\" title=\"https:\/\/elpais.com\/sociedad\/2025-09-15\/leon-xiv-el-desaparecido.html\">Le\u00f3n XIV <\/a>se ha limitado finalmente a ratificar la decisi\u00f3n.<\/p>\n<p class=\"\">Pioppo era hasta ahora nuncio en Indonesia, pa\u00eds al que lleg\u00f3 en 2017. Sacerdote desde 1985, ingres\u00f3 en el servicio diplom\u00e1tico vaticano en 1993, y comenz\u00f3 su carrera en la Secretar\u00eda de Estado del Vaticano, donde prest\u00f3 servicio en las nunciaturas de Chile y Corea del Sur. Pero en su biograf\u00eda destaca sobre todo que en esos a\u00f1os fue secretario personal de<a href=\"https:\/\/elpais.com\/sociedad\/2022-06-06\/el-diablo-lleva-sotana.html\" target=\"_self\" rel=\"nofollow noopener\" title=\"https:\/\/elpais.com\/sociedad\/2022-06-06\/el-diablo-lleva-sotana.html\"> Angelo Sodano, el controvertido, todopoderoso y ultraconservador n\u00famero dos de Juan Pablo II<\/a>, al frente de la Secretar\u00eda de Estado, una especie de primer ministro del Vaticano. Es m\u00e1s, Sodano lleg\u00f3 a colocar a Pioppo en 2006 como prelado del IOR (Instituto para las Obras de Religi\u00f3n), el no menos pol\u00e9mico banco vaticano, centro de numerosos esc\u00e1ndalos. <\/p>\n<p class=\"\">Angelo Sodano fue nuncio en Chile durante la dictadura del general Augusto Pinochet y organiz\u00f3 <a href=\"https:\/\/elpais.com\/diario\/1987\/04\/03\/internacional\/544399208_850215.html\" target=\"_self\" rel=\"nofollow noopener\" title=\"https:\/\/elpais.com\/diario\/1987\/04\/03\/internacional\/544399208_850215.html\">el cuestionado viaje al pa\u00eds del papa polaco en 1987<\/a>, en el que Juan Pablo II apareci\u00f3 en el balc\u00f3n del Palacio de la Moneda junto al dictador, una imagen que dio la vuelta al mundo. Karol Wojtyla nombr\u00f3 luego a Sodano su secretario de Estado, cargo que ocup\u00f3 entre 1991 y 2006 y en el que se convirti\u00f3 en una de la figuras m\u00e1s poderosas del Vaticano, sobre todo en los \u00faltimos a\u00f1os de deterioro de salud del pont\u00edfice. Fue <a href=\"https:\/\/elpais.com\/sociedad\/2024-07-22\/el-vaticano-conocio-y-encubrio-los-abusos-de-maciel-lider-de-los-legionarios-de-cristo-durante-50-anos.html\" target=\"_self\" rel=\"nofollow noopener\" title=\"https:\/\/elpais.com\/sociedad\/2024-07-22\/el-vaticano-conocio-y-encubrio-los-abusos-de-maciel-lider-de-los-legionarios-de-cristo-durante-50-anos.html\">acusado de ser uno de los encubridores de los numerosos casos de pederastia denunciados en los Legionarios de Cristo<\/a>, y de ser un protector de su fundador, el depredador sexual Marcial Maciel. El cardenal de Viena, Christopher Sch\u00f6nborn, tambi\u00e9n <a href=\"https:\/\/elpais.com\/sociedad\/2010\/06\/28\/actualidad\/1277676011_850215.html\" target=\"_self\" rel=\"nofollow noopener\" title=\"https:\/\/elpais.com\/sociedad\/2010\/06\/28\/actualidad\/1277676011_850215.html\">lo acus\u00f3 abiertamente en 2010 de haber bloqueado la investigaci\u00f3n<\/a> sobre los abusos del arzobispo austriaco Hans Hermann Groer.<\/p>\n<p><img alt=\"Angelo Sodano\" decoding=\"auto\" class=\"_re lazyload a_m-h\" height=\"233\"  width=\"414\"  src=\"https:\/\/www.europesays.com\/es\/wp-content\/uploads\/2025\/09\/JXYBTLIXBRAIBI7IMKUGBUSEAQ.jpg\" loading=\"lazy\"\/>El cardenal Angelo Sodano, durante la celebraci\u00f3n del Domingo de Ramos en 2011 en el Vaticano.Franco Origlia (Getty Images)<\/p>\n<p class=\"\">En una de sus \u00faltimas decisiones antes de dejar el cargo en 2006, Sodano nombr\u00f3 a Piero Pioppo prelado del IOR. Fue una sorpresa, pues desde 1993 no exist\u00eda el cargo tras los grandes esc\u00e1ndalos financieros de los a\u00f1os setenta y ochenta. Adem\u00e1s, Sodano lo hizo poco antes de ser sustituido por Tarcisio Bertone, algo que suscit\u00f3 cr\u00edticas, porque se interpret\u00f3 como una maniobra del secretario de Estado saliente para dejar a alguien de su confianza en un puesto neur\u00e1lgico de la estructura vaticana, con acceso a todos los secretos de las cuentas del banco. Eran los primeros a\u00f1os de Benedicto XVI, que emprendi\u00f3 un intento de reforma y limpieza del IOR, una de las batallas imposibles que le llevaron a la dimisi\u00f3n en 2013. Pioppo permaneci\u00f3 en el cargo cuatro a\u00f1os, durante los que el IOR se vio de nuevo envuelto en esc\u00e1ndalos, para luego caer muy lejos del Vaticano: en 2010 fue nombrado arzobispo y enviado de nuncio a Camer\u00fan y Guinea Ecuatorial.<\/p>\n<p class=\"\">La figura del nuncio es relevante en las relaciones entre Iglesia y Estado, pues es el interlocutor del Gobierno con la Santa Sede, y un enlace entre el Vaticano y los obispos espa\u00f1oles. Por eso tiene un papel importante a la hora de mediar en asuntos que est\u00e1n sobre la mesa, como la gesti\u00f3n del Valle de Cuelgamuros o el dif\u00edcil di\u00e1logo entre la Iglesia espa\u00f1ola y el Ejecutivo para establecer indemnizaciones a las v\u00edctimas de pederastia del clero. Tambi\u00e9n es una figura clave en los nombramientos de obispos, pues es quien recoge informaci\u00f3n, selecciona candidatos y los propone al Vaticano. Estas ser\u00e1n algunas de las tareas para Piero Pioppo en los pr\u00f3ximos a\u00f1os.<\/p>\n","protected":false},"excerpt":{"rendered":"Le\u00f3n XIV ha designado este lunes como nuncio en Espa\u00f1a y Andorra, figura equivalente a un embajador de&hellip;\n","protected":false},"author":2,"featured_media":117628,"comment_status":"","ping_status":"","sticky":false,"template":"","format":"standard","meta":{"footnotes":""},"categories":[8],"tags":[39235,17,18,38664,15229,25,24,13,14,248,11,39234,19,20,9,10,15,16,399,400,39233,12631,492,23,12,21,22],"class_list":{"0":"post-117627","1":"post","2":"type-post","3":"status-publish","4":"format-standard","5":"has-post-thumbnail","7":"category-espana","8":"tag-angelo-sodano","9":"tag-breaking-news","10":"tag-breakingnews","11":"tag-ciudad-del-vaticano","12":"tag-diplomacia","13":"tag-es","14":"tag-espana","15":"tag-featured-news","16":"tag-featurednews","17":"tag-gobierno-de-espana","18":"tag-headlines","19":"tag-juan-pablo-ii","20":"tag-latest-news","21":"tag-latestnews","22":"tag-news","23":"tag-noticias","24":"tag-noticias-destacadas","25":"tag-noticiasdestacadas","26":"tag-papa-francisco","27":"tag-papa-leon-xiv","28":"tag-relaciones-estado-iglesia","29":"tag-santa-sede","30":"tag-sociedad","31":"tag-spain","32":"tag-titulares","33":"tag-ultimas-noticias","34":"tag-ultimasnoticias"},"share_on_mastodon":{"url":"","error":""},"_links":{"self":[{"href":"https:\/\/www.europesays.com\/es\/wp-json\/wp\/v2\/posts\/117627","targetHints":{"allow":["GET"]}}],"collection":[{"href":"https:\/\/www.europesays.com\/es\/wp-json\/wp\/v2\/posts"}],"about":[{"href":"https:\/\/www.europesays.com\/es\/wp-json\/wp\/v2\/types\/post"}],"author":[{"embeddable":true,"href":"https:\/\/www.europesays.com\/es\/wp-json\/wp\/v2\/users\/2"}],"replies":[{"embeddable":true,"href":"https:\/\/www.europesays.com\/es\/wp-json\/wp\/v2\/comments?post=117627"}],"version-history":[{"count":0,"href":"https:\/\/www.europesays.com\/es\/wp-json\/wp\/v2\/posts\/117627\/revisions"}],"wp:featuredmedia":[{"embeddable":true,"href":"https:\/\/www.europesays.com\/es\/wp-json\/wp\/v2\/media\/117628"}],"wp:attachment":[{"href":"https:\/\/www.europesays.com\/es\/wp-json\/wp\/v2\/media?parent=117627"}],"wp:term":[{"taxonomy":"category","embeddable":true,"href":"https:\/\/www.europesays.com\/es\/wp-json\/wp\/v2\/categories?post=117627"},{"taxonomy":"post_tag","embeddable":true,"href":"https:\/\/www.europesays.com\/es\/wp-json\/wp\/v2\/tags?post=117627"}],"curies":[{"name":"wp","href":"https:\/\/api.w.org\/{rel}","templated":true}]}}