{"id":117631,"date":"2025-09-15T23:50:21","date_gmt":"2025-09-15T23:50:21","guid":{"rendered":"https:\/\/www.europesays.com\/es\/117631\/"},"modified":"2025-09-15T23:50:21","modified_gmt":"2025-09-15T23:50:21","slug":"el-balonmano-soria-arranca-con-derrota-ante-ibiza-su-andadura-en-plata","status":"publish","type":"post","link":"https:\/\/www.europesays.com\/es\/117631\/","title":{"rendered":"El Balonmano Soria arranca con derrota ante Ibiza su andadura en Plata"},"content":{"rendered":"<p>Con un gran ambiente en el San Andr\u00e9s, el equipo de Oriol Castellarnau ha ca\u00eddo en el estreno en Divisi\u00f3n Plata por 29-40 ante el Trsmapi Gobycar Citubo Eivissa. Fotos: Teresa Arroyo. <a target=\"_blank\" href=\"https:\/\/resultadosbalonmano.isquad.es\/competicion.php?id_superficie=1&amp;seleccion=0&amp;id_categoria=2522&amp;id_temp=2526&amp;id_ambito=1&amp;id_territorial=9999#\" rel=\"nofollow noopener\"><strong>ACTA DEL PARTIDO<\/strong><\/a><\/p>\n<p><strong>CR\u00d3NICA DEL CLUB:<\/strong><\/p>\n<p>El Pabell\u00f3n San Andr\u00e9s se visti\u00f3 de gala para acoger un d\u00eda hist\u00f3rico: el debut del Club Balonmano Soria en la Divisi\u00f3n de Honor Plata. Sin embargo, la fiesta amarilla no pudo completarse en el marcador. El HC Eivissa, bajo la direcci\u00f3n de Marc Ferr\u00e9, se mostr\u00f3 como un rival de enorme solidez y se llev\u00f3 la victoria con un contundente 27-40. El inicio del choque estuvo marcado por la igualdad, con un San Andr\u00e9s que empujaba y un Soria sostenido por el acierto goleador de Marquinhos, autor de 13 tantos. Sin embargo, el conjunto ibicenco supo golpear en los momentos clave: un parcial en la recta final del primer tiempo abri\u00f3 la primera brecha (12-18 al descanso) y marc\u00f3 el guion del partido.<\/p>\n<p>En la segunda mitad, la efectividad del Eivissa fue determinante. Jugadores como Franco Daniel Gavidia, con 8 goles, y la direcci\u00f3n de Eugenio Tilves desde el banquillo, mantuvieron a los visitantes siempre por delante, aprovechando cada error soriano y castigando a la contra.<\/p>\n<p>Los de Oriol Castellarnau, pese al empuje de la afici\u00f3n, acusaron la falta de acierto en los momentos decisivos. Las p\u00e9rdidas de bal\u00f3n y algunas precipitaciones en ataque acabaron facilitando la escapada ibicenca hasta un resultado final que reflej\u00f3 la dureza de la categor\u00eda.<\/p>\n<p>A pesar de la derrota, el estreno sirve de aprendizaje para un BM Soria que ha demostrado car\u00e1cter, calidad en varias fases del partido y que, con el apoyo de su afici\u00f3n, est\u00e1 decidido a dar guerra en esta exigente competici\u00f3n.\u00a0\u00a0\u201cEsto acaba de empezar. Nos levantaremos y seguiremos peleando\u201d, resum\u00edan desde el vestuario amarillo tras el pitido final.<\/p>\n","protected":false},"excerpt":{"rendered":"Con un gran ambiente en el San Andr\u00e9s, el equipo de Oriol Castellarnau ha ca\u00eddo en el estreno&hellip;\n","protected":false},"author":2,"featured_media":117632,"comment_status":"","ping_status":"","sticky":false,"template":"","format":"standard","meta":{"footnotes":""},"categories":[278],"tags":[376,168,25,24,375,492,23,167],"class_list":{"0":"post-117631","1":"post","2":"type-post","3":"status-publish","4":"format-standard","5":"has-post-thumbnail","7":"category-balonmano","8":"tag-balonmano","9":"tag-deportes","10":"tag-es","11":"tag-espana","12":"tag-handball","13":"tag-sociedad","14":"tag-spain","15":"tag-sports"},"share_on_mastodon":{"url":"","error":""},"_links":{"self":[{"href":"https:\/\/www.europesays.com\/es\/wp-json\/wp\/v2\/posts\/117631","targetHints":{"allow":["GET"]}}],"collection":[{"href":"https:\/\/www.europesays.com\/es\/wp-json\/wp\/v2\/posts"}],"about":[{"href":"https:\/\/www.europesays.com\/es\/wp-json\/wp\/v2\/types\/post"}],"author":[{"embeddable":true,"href":"https:\/\/www.europesays.com\/es\/wp-json\/wp\/v2\/users\/2"}],"replies":[{"embeddable":true,"href":"https:\/\/www.europesays.com\/es\/wp-json\/wp\/v2\/comments?post=117631"}],"version-history":[{"count":0,"href":"https:\/\/www.europesays.com\/es\/wp-json\/wp\/v2\/posts\/117631\/revisions"}],"wp:featuredmedia":[{"embeddable":true,"href":"https:\/\/www.europesays.com\/es\/wp-json\/wp\/v2\/media\/117632"}],"wp:attachment":[{"href":"https:\/\/www.europesays.com\/es\/wp-json\/wp\/v2\/media?parent=117631"}],"wp:term":[{"taxonomy":"category","embeddable":true,"href":"https:\/\/www.europesays.com\/es\/wp-json\/wp\/v2\/categories?post=117631"},{"taxonomy":"post_tag","embeddable":true,"href":"https:\/\/www.europesays.com\/es\/wp-json\/wp\/v2\/tags?post=117631"}],"curies":[{"name":"wp","href":"https:\/\/api.w.org\/{rel}","templated":true}]}}