{"id":117633,"date":"2025-09-15T23:51:20","date_gmt":"2025-09-15T23:51:20","guid":{"rendered":"https:\/\/www.europesays.com\/es\/117633\/"},"modified":"2025-09-15T23:51:20","modified_gmt":"2025-09-15T23:51:20","slug":"jesulin-de-ubrique-se-sincera-sobre-como-se-encuentra-maria-jose-campanario-en-su-reaparicion-en-cadiz-estupendamente-fenomenal","status":"publish","type":"post","link":"https:\/\/www.europesays.com\/es\/117633\/","title":{"rendered":"Jesul\u00edn de Ubrique se sincera sobre c\u00f3mo se encuentra Mar\u00eda Jos\u00e9 Campanario en su reaparici\u00f3n en C\u00e1diz: \u00abEstupendamente, fenomenal\u00bb"},"content":{"rendered":"<p>Nueva reaparici\u00f3n de <strong>Jesul\u00edn de Ubrique. <\/strong>Esta vez, el torero acudi\u00f3, este pasado s\u00e1bado, 13 de septiembre, a<strong> la plaza de toros de Ubrique, en C\u00e1diz,<\/strong> para ver torear a su hermano, <strong>V\u00edctor Janeiro. <\/strong>Tambi\u00e9n, asistieron m\u00e1s miembros de la familia, unidos por una misma causa, la de apoyar al maestro en estos momentos.<\/p>\n<p>&#13;<img decoding=\"async\" src=\"https:\/\/www.europesays.com\/es\/wp-content\/uploads\/2025\/09\/maria-jose-campanario-y-jesulin-de-ubrique_a5f89777_250727210357_600x600.webp.webp\" alt=\"Mar\u00eda Jos\u00e9 Campanario y Jesul\u00edn de Ubrique\" class=\"widget-article-image image lazyload\"\/><\/p>\n<p>Como no pod\u00eda ser de otra manera, su madre<strong>, Carmen Baz\u00e1n, <\/strong>acud\u00eda sonriente y aseguraba que la familia se encuentra \u00abbien\u00bb. Por su parte, Humberto Janeiro Jr., confes\u00f3 que todos ellos sieguen tan unidos como siempre.\u00a0\u00abComo siempre, la familia lo primero, todos en familia, un d\u00eda importante\u00bb. Despu\u00e9s, lleg\u00f3 el turno de Jesul\u00edn de Ubrique, quien se sincer\u00f3 ante los micr\u00f3fonos de Europapress.<\/p>\n<p>Jesul\u00edn de Ubrique reaparece en un plan familiar en C\u00e1diz<\/p>\n<p>En el marco de esta intervenci\u00f3n, Jesul\u00edn de Ubrique ha asegurado que no le gustar\u00eda que ninguno de sus hijos se vistiera de luces: \u00abT<strong>enemos ya dos matadores de toros en la familia, suficiente\u00bb<\/strong>, ha dicho, en clave de humor. Sobre c\u00f3mo afronta la corrida de su hermano, el que fuera concursante de &#8216;El Desaf\u00edo&#8217;, ha indicado que \u00abbien, hombre. Un poquito intranquilo, \u00bfno? Porque la verdad es que cuando est\u00e1 tu hermano ah\u00ed delante de un toro, pues no es nada f\u00e1cil. Pero bueno, ten\u00eda confianza en \u00e9l y yo creo que ha tenido mucha solvencia, \u00e9l y todos los dem\u00e1s\u00bb.<\/p>\n<p><a href=\"https:\/\/www.semana.es\/medio\/2025\/09\/14\/jesulin-de-ubrique-muy-sonriente-celebra-su-cumpleanos-en-familia_00000000_250914115823_800x450.webp\" class=\"open\" title=\"JESULIN DE UBRIQUE MUY SONRIENTE CELEBRA SU CUMPLEA\u00d1OS EN FAMILIA\" rel=\"nofollow noopener\" target=\"_blank\"><img loading=\"lazy\" decoding=\"async\"   src=\"https:\/\/www.europesays.com\/es\/wp-content\/uploads\/2025\/09\/jesulin-de-ubrique-muy-sonriente-celebra-su-cumpleanos-en-familia_00000000_250914115823_800x450.webp.webp\" alt=\"JESULIN DE UBRIQUE MUY SONRIENTE CELEBRA SU CUMPLEA\u00d1OS EN FAMILIA\" class=\"lazyload\" width=\"800\" height=\"450\" data-aspectratio=\"800\/450\"\/>&#13;<\/p>\n<p>Jesul\u00edn de Ubrique acude a la fiesta de su 50 cumplea\u00f1os. Foto: Gtres<\/p>\n<p>Antes de marcharse, ha sido preguntado por su mujer <strong>Mar\u00eda Jos\u00e9 Campanario,<\/strong> la gran ausente de la cita familiar. \u00abSe encuentra estupendamente, fenomenal\u00bb, ha dicho, Jesul\u00edn, sin querer ahondar en m\u00e1s detalles, haciendo as\u00ed gala de su habitual discreci\u00f3n en cuanto a su esfera personal se refiere.\u00a0<\/p>\n<p>Mar\u00eda Jos\u00e9 Campanario y su estado de salud<\/p>\n<p>Estas declaraciones han visto la luz semanas despu\u00e9s de que la odont\u00f3loga se sincerara con sus seguidores de Instagram sobre su estado de salud. Fue durante sus vacaciones estivales, cuando Mar\u00eda Jos\u00e9 Campanario hizo uso de sus redes sociales para explicar c\u00f3mo se encontraba, haciendo as\u00ed referencia a la fibromialgia que padece desde hace un tiempo. \u00abMe pregunt\u00e1is much\u00edsimas mujeres por la medicaci\u00f3n que tomo para la fibromialgia para estar &#8216;igual de bien&#8217; que yo\u00bb, comenz\u00f3 diciendo.<\/p>\n<p><a href=\"https:\/\/www.semana.es\/medio\/2025\/09\/14\/storie-de-maria-jose-campanario-hablando-de-su-enfermedad_4dc84ab9_250914120726_800x1415.webp\" class=\"open\" title=\"Storie de Mar\u00eda Jos\u00e9 Campanario hablando de su enfermedad\" rel=\"nofollow noopener\" target=\"_blank\"><img loading=\"lazy\" decoding=\"async\"   src=\"https:\/\/www.europesays.com\/es\/wp-content\/uploads\/2025\/09\/storie-de-maria-jose-campanario-hablando-de-su-enfermedad_4dc84ab9_250914120726_800x1415.webp.webp\" alt=\"Storie de Mar\u00eda Jos\u00e9 Campanario hablando de su enfermedad\" class=\"lazyload\" width=\"800\" height=\"1415\" data-aspectratio=\"800\/1415\"\/>&#13;<\/p>\n<p>Storie de Mar\u00eda Jos\u00e9 Campanario hablando de su enfermedad.<\/p>\n<p class=\"by\">@mery_land_ Instagram<\/p>\n<p>\u00abYo no estoy mejor, la fibromialgia no se cura e, independientemente de ello, los medicamentos que yo tome, pueden sentarle mal a otras personas y yo no los puedo recomendar\u00bb, se\u00f1al\u00f3, hablando as\u00ed desde su propia experiencia sobre su enfermedad. \u00abLo mejor es que acud\u00e1is a un buen reumat\u00f3logo o internista para que os vayan pautando lo que a cada una le siente mejor\u00bb, aconsej\u00f3.\u00a0<\/p>\n<p>En esta misma l\u00ednea, Mar\u00eda Jos\u00e9 Campanario se sincer\u00f3 y explic\u00f3 en el universo 2.0 que a ella le sienta muy mal \u00abla mayor\u00eda de la medicaci\u00f3n\u00bb. \u00abDeporte el que se pueda e intentar estar relajada para no caer en una crisis. Un beso y \u00e1nimo a todas\u00bb, termin\u00f3 diciendo. De esta manera, la que fue concursante de &#8216;Mask Singer&#8217;, espacio de Antena 3 se sincer\u00f3 y mostr\u00f3 su faceta m\u00e1s cercana acerca de este asunto en la red.<\/p>\n<p>&#13;<img decoding=\"async\" src=\"https:\/\/www.europesays.com\/es\/wp-content\/uploads\/2025\/09\/maria-jesus-campanario_eac093fd_018_250820090125_600x600.webp.webp\" alt=\"Mar\u00eda Jes\u00fas Campanario\" class=\"widget-article-image image lazyload\"\/>El inesperado paso al frente de Mar\u00eda Jos\u00e9 Campanario<\/p>\n<p>Mar\u00eda Jos\u00e9 Campanario hab\u00eda relegado a un discreto segundo plano todo lo relacionado con su vida, apostando as\u00ed por su habitual hermetismo. Sin embargo, su vida dio un giro de 180 grados en mayo de 2024,\u00a0fecha en la que tom\u00f3 la decisi\u00f3n de dar un paso m\u00e1s all\u00e1 abri\u00e9ndose al p\u00fablico en general las redes sociales, algo impensable tiempo atr\u00e1s. \u00ab<strong>Hace unos meses empec\u00e9 a barajar la posibilidad de dejar esta cuenta de forma p\u00fablica<\/strong>. Sobre todo, desde que Jes\u00fas abri\u00f3 su propia cuenta por aqu\u00ed y empezaron a llegarme much\u00edsimas solicitudes. Ten\u00eda muchas otras pendientes, as\u00ed que, bienvenidos\u00bb, escribi\u00f3 en un &#8216;post&#8217;, dando a conocer el motivo por el que tom\u00f3 esta determinaci\u00f3n.\u00a0<\/p>\n<p>De hecho, desde entonces, se ha convertido en uno de los rostros m\u00e1s conocidos m\u00e1s activos de la citada plataforma, en la que comparte diversos mensajes que invitan a sus seguidores a la reflexi\u00f3n. Al margen de su rol de creadora de contenido, la mujer de Jesul\u00edn de Ubrique tambi\u00e9n quiso dar el salto televisivo. Tanto es as\u00ed que es una de las concursantes estrella de la pr\u00f3xima edici\u00f3n de <strong>&#8216;El Desaf\u00edo&#8217;,<\/strong> el espacio de retos de Antena 3, presentado por Roberto Leal. Campanario, adem\u00e1s, cuenta con los consejos del torero, ya que Jesul\u00edn de Ubrique tambi\u00e9n forma parte de la historia del formato que es todo un \u00e9xito de audiencia, dado que particip\u00f3 en el a\u00f1o 2022.\u00a0\u00abQue me lo pase muy bien y que me divierta\u00bb, fue el consejo que le dio el torero a su mujer ante el inminente estreno de la nueva temporada del citado formato por el que ya han pasado celebridades de la talla de Victoria Federica, Genoveva Casanova, entre otras muchas.\u00a0<\/p>\n<p>\u00a0<\/p>\n<p>\u00a0<\/p>\n","protected":false},"excerpt":{"rendered":"Nueva reaparici\u00f3n de Jesul\u00edn de Ubrique. Esta vez, el torero acudi\u00f3, este pasado s\u00e1bado, 13 de septiembre, a&hellip;\n","protected":false},"author":2,"featured_media":117634,"comment_status":"","ping_status":"","sticky":false,"template":"","format":"standard","meta":{"footnotes":""},"categories":[277],"tags":[373,168,25,24,23,167,374],"class_list":{"0":"post-117633","1":"post","2":"type-post","3":"status-publish","4":"format-standard","5":"has-post-thumbnail","7":"category-toreo","8":"tag-bullfighting","9":"tag-deportes","10":"tag-es","11":"tag-espana","12":"tag-spain","13":"tag-sports","14":"tag-toreo"},"share_on_mastodon":{"url":"","error":""},"_links":{"self":[{"href":"https:\/\/www.europesays.com\/es\/wp-json\/wp\/v2\/posts\/117633","targetHints":{"allow":["GET"]}}],"collection":[{"href":"https:\/\/www.europesays.com\/es\/wp-json\/wp\/v2\/posts"}],"about":[{"href":"https:\/\/www.europesays.com\/es\/wp-json\/wp\/v2\/types\/post"}],"author":[{"embeddable":true,"href":"https:\/\/www.europesays.com\/es\/wp-json\/wp\/v2\/users\/2"}],"replies":[{"embeddable":true,"href":"https:\/\/www.europesays.com\/es\/wp-json\/wp\/v2\/comments?post=117633"}],"version-history":[{"count":0,"href":"https:\/\/www.europesays.com\/es\/wp-json\/wp\/v2\/posts\/117633\/revisions"}],"wp:featuredmedia":[{"embeddable":true,"href":"https:\/\/www.europesays.com\/es\/wp-json\/wp\/v2\/media\/117634"}],"wp:attachment":[{"href":"https:\/\/www.europesays.com\/es\/wp-json\/wp\/v2\/media?parent=117633"}],"wp:term":[{"taxonomy":"category","embeddable":true,"href":"https:\/\/www.europesays.com\/es\/wp-json\/wp\/v2\/categories?post=117633"},{"taxonomy":"post_tag","embeddable":true,"href":"https:\/\/www.europesays.com\/es\/wp-json\/wp\/v2\/tags?post=117633"}],"curies":[{"name":"wp","href":"https:\/\/api.w.org\/{rel}","templated":true}]}}