{"id":117659,"date":"2025-09-16T00:07:08","date_gmt":"2025-09-16T00:07:08","guid":{"rendered":"https:\/\/www.europesays.com\/es\/117659\/"},"modified":"2025-09-16T00:07:08","modified_gmt":"2025-09-16T00:07:08","slug":"la-malaguena-candela-sierra-premio-nacional-de-comic-con-35-anos-y-su-segundo-libro-estoy-abrumada","status":"publish","type":"post","link":"https:\/\/www.europesays.com\/es\/117659\/","title":{"rendered":"La malague\u00f1a Candela Sierra, Premio Nacional de C\u00f3mic con 35 a\u00f1os y su segundo libro: \u00abEstoy abrumada\u00bb"},"content":{"rendered":"<p>Atiende al tel\u00e9fono desde Madrid, tras una ronda de llamadas de prensa y numerosas felicitaciones de los suyos. \u00ab\u00a1Y tengo que trabajar!\u00bb, exclama entre risas  &#8230; Candela Sierra (Ronda, 1990). Sabe que este d\u00eda lo tendr\u00e1 dif\u00edcil para concentrarse en la imagen interior del nuevo disco de Nacho Vegas en la que ahora est\u00e1 volcada. Una \u00abinesperada\u00bb llamada del Ministerio de Cultura le comunicaba que hab\u00eda ganado el Premio Nacional de C\u00f3mic. Un galard\u00f3n, dotado con 30.000 euros, que le llega con apenas 35 a\u00f1os y su segundo libro, &#8216;Lo sabes aunque no te lo he dicho&#8217; (Astiberri) . \u00abMadre m\u00eda, es que no me lo creo todav\u00eda\u00bb, dice con naturalidad.<\/p>\n<p class=\"v-p\">El jurado destaca \u00absu mirada fresca y excitante en la forma de entender el c\u00f3mic\u00ab y su habilidad para trazar \u00bbun afilad\u00edsimo an\u00e1lisis de nuestra sociedad\u00ab. El tribunal de expertos resalta el \u00abhumor y un cierto regusto \u00e1cido y punzante\u00bb de una obra en la que Sierra indaga en los problemas de comunicaci\u00f3n cotidianos \u00abponiendo el foco en la superficialidad de las relaciones\u00bb y en \u00abcierta miseria moral que, a veces, nos lleva a comportarnos como ovejas de un reba\u00f1o\u00bb. Explica la autora que en esa \u00abexploraci\u00f3n\u00bb se dio cuenta de que casi siempre la falta de comunicaci\u00f3n se deb\u00eda a una cuesti\u00f3n de \u00abnarcisismo, de mirarse el ombligo m\u00e1s que estar a la escucha\u00bb. <\/p>\n<p>\n\u00abSon muchas horas y hay mucho trabajo detr\u00e1s de una imagen que parece que sale f\u00e1cil, pero no\u00bb\n<\/p>\n<p class=\"v-p\">De ah\u00ed parten una serie de situaciones con una narrativa \u00abmagistral y equilibrada\u00bb, en palabras del jurado, \u00abque hace imposible abandonar la lectura de estas peque\u00f1as historias geniales, a veces absurdas, aunque dolorosamente veros\u00edmiles\u00bb.  \u00abEstoy abrumada\u00bb, responde ella al otro lado del tel\u00e9fono cuando se le lee la justificaci\u00f3n del galard\u00f3n. <\/p>\n<p class=\"v-p\">Autora de c\u00f3mics y de animaci\u00f3n, ilustradora y docente, Candela Sierra reconoce que este premio supone \u00abun alivio para los pr\u00f3ximos meses\u00bb. \u00abSon muchas horas y hay mucho trabajo detr\u00e1s de una imagen que parece que sale f\u00e1cil, pero no\u00bb. De hecho, la obra premiada es su segunda publicaci\u00f3n tras &#8216;Rotunda&#8217;, lanzado en 2023, \u00abun particular retrato robot de los saqueadores y subalternos de este pa\u00eds donde cada cruce de caminos supone una oportunidad para el mangoneo\u00bb. \u00abEs que el c\u00f3mic es muy laborioso. Y yo no dibujo tan r\u00e1pido como otra gente. Soy r\u00e1pida, pero cuando ya lo tengo claro\u00bb, argumenta. <\/p>\n<p class=\"v-p\">Sus diferentes ocupaciones hacen \u00abque sea dif\u00edcil sentarse\u00bb para crear, pero tambi\u00e9n lo agradece. \u00abA m\u00ed me viene bien que haya variedad, porque me estimula y no entro dentro de un pozo donde solo veo el c\u00f3mic y el c\u00f3mic acaba conmigo\u00bb, admite con cierta iron\u00eda, la misma que traslada a sus trabajos. \u00abEs la manera que en mi familia hemos tenido de vivir el humor. Siempre hemos sido sarc\u00e1sticos en los momentos de tristeza\u00bb, reconoce.<\/p>\n<p class=\"v-p\">\u00bfY ahora qu\u00e9? \u00abAhora viene el vac\u00edo \u00a1El abismo!\u00bb, bromea. Pero no, ahora lo que viene es m\u00e1s trabajo, aunque con la calma que da tener un \u00abcolchoncito\u00bb. Un respaldo de nada menos que 30.000 euros. \u00abY quiero decir que una parte se va a impuestos, y estoy muy feliz de que as\u00ed sea. Es importante pagar lo p\u00fablico\u00bb, concluye.<\/p>\n<p>Biograf\u00eda<\/p>\n<p class=\"v-p\">Candela Sierra, ronde\u00f1a de 35 a\u00f1os, es licenciada en Bellas Artes por la Universidad de Granada, con estancias en la Acad\u00e9mie Royale des Beaux-Arts de Bruselas y en la Universit\u00e9 Laval de Quebec. Fue residente de la Fundaci\u00f3n Antonio Gala para j\u00f3venes creadores de C\u00f3rdoba y estudi\u00f3 un m\u00e1ster especializado en c\u00f3mic, en la Escuela Europea Superior de la Imagen de Angoul\u00eame (Francia), ciudad en la que tambi\u00e9n disfrut\u00f3 de una residencia de creaci\u00f3n de la Maison des Auteurs.<\/p>\n<p class=\"v-p\">Ha sido galardonada, entre otros, con el Premio Valencia de Novela Gr\u00e1fica con &#8216;Rotunda&#8217;, y el Premio Filmin y Premio a la mejor pel\u00edcula de animaci\u00f3n del festival Notodofilmfest con &#8216;Lingua et Veritate&#8217;.<\/p>\n","protected":false},"excerpt":{"rendered":"Atiende al tel\u00e9fono desde Madrid, tras una ronda de llamadas de prensa y numerosas felicitaciones de los suyos.&hellip;\n","protected":false},"author":2,"featured_media":117660,"comment_status":"","ping_status":"","sticky":false,"template":"","format":"standard","meta":{"footnotes":""},"categories":[91],"tags":[39246,988,39245,8588,146,147,25,24,1496,36266,813,843,1566,11774,23],"class_list":{"0":"post-117659","1":"post","2":"type-post","3":"status-publish","4":"format-standard","5":"has-post-thumbnail","7":"category-entretenimiento","8":"tag-abrumada","9":"tag-anos","10":"tag-candela","11":"tag-comic","12":"tag-entertainment","13":"tag-entretenimiento","14":"tag-es","15":"tag-espana","16":"tag-libro","17":"tag-malaguena","18":"tag-nacional","19":"tag-premio","20":"tag-segundo","21":"tag-sierra","22":"tag-spain"},"share_on_mastodon":{"url":"","error":""},"_links":{"self":[{"href":"https:\/\/www.europesays.com\/es\/wp-json\/wp\/v2\/posts\/117659","targetHints":{"allow":["GET"]}}],"collection":[{"href":"https:\/\/www.europesays.com\/es\/wp-json\/wp\/v2\/posts"}],"about":[{"href":"https:\/\/www.europesays.com\/es\/wp-json\/wp\/v2\/types\/post"}],"author":[{"embeddable":true,"href":"https:\/\/www.europesays.com\/es\/wp-json\/wp\/v2\/users\/2"}],"replies":[{"embeddable":true,"href":"https:\/\/www.europesays.com\/es\/wp-json\/wp\/v2\/comments?post=117659"}],"version-history":[{"count":0,"href":"https:\/\/www.europesays.com\/es\/wp-json\/wp\/v2\/posts\/117659\/revisions"}],"wp:featuredmedia":[{"embeddable":true,"href":"https:\/\/www.europesays.com\/es\/wp-json\/wp\/v2\/media\/117660"}],"wp:attachment":[{"href":"https:\/\/www.europesays.com\/es\/wp-json\/wp\/v2\/media?parent=117659"}],"wp:term":[{"taxonomy":"category","embeddable":true,"href":"https:\/\/www.europesays.com\/es\/wp-json\/wp\/v2\/categories?post=117659"},{"taxonomy":"post_tag","embeddable":true,"href":"https:\/\/www.europesays.com\/es\/wp-json\/wp\/v2\/tags?post=117659"}],"curies":[{"name":"wp","href":"https:\/\/api.w.org\/{rel}","templated":true}]}}