{"id":117678,"date":"2025-09-16T00:20:09","date_gmt":"2025-09-16T00:20:09","guid":{"rendered":"https:\/\/www.europesays.com\/es\/117678\/"},"modified":"2025-09-16T00:20:09","modified_gmt":"2025-09-16T00:20:09","slug":"lesion-monbus-obradoiro-el-obradoiro-busca-reponerse-del-golpe-de-lundqvist-ante-el-zamora","status":"publish","type":"post","link":"https:\/\/www.europesays.com\/es\/117678\/","title":{"rendered":"LESI\u00d3N MONBUS OBRADOIRO | El Obradoiro busca reponerse del golpe de Lundqvist ante el Zamora"},"content":{"rendered":"<p class=\"ft-text\">A pensar en baloncesto. Ese debe ser el discurso de un <a class=\"ft-link ft-link--decoration\" href=\"https:\/\/www.elcorreogallego.es\/tags\/monbus-obradoiro\/\" target=\"_blank\" rel=\"nofollow noopener\">Monbus Obradoiro<\/a> que ha visto como en esta pretemporada le han azotado los contratiempos <strong>en materia de lesiones<\/strong>. <strong>Aitor Etxeguren y Sergi Quintela<\/strong> no estuvieron disponibles por molestias, pero m\u00e1s grave parece la situaci\u00f3n de <strong>Olle Lundqvist<\/strong>, cuya lesi\u00f3n aparentaba ser m\u00e1s seria en Oviedo y <strong>lo apartar\u00e1 por unas semanas<\/strong>.<\/p>\n<p class=\"ft-text\">En la antesala de la <strong>Copa Galicia<\/strong>, el interior tuvo molestias en su tobillo derecho y no disput\u00f3 un torneo en el que <strong>Sergi Quintela sufri\u00f3 un traumatismo en la cadera derecha<\/strong>. Ambos no formaron parte del duelo en territorio asturiano, donde <a class=\"ft-link ft-link--decoration\" href=\"https:\/\/www.elcorreogallego.es\/deportes\/2025\/09\/13\/obradoiro-rebote-barcello-cae-lundqvist-lesion-molestias-oviedo-baloncesto-monbus-121544082.html\" target=\"_blank\" rel=\"nofollow noopener\">el Obradoiro cay\u00f3 por 74-70<\/a>. Pero la peor noticia del duelo fue <strong>la lesi\u00f3n de Lundqvist en el hombro derecho<\/strong>.<\/p>\n<p class=\"ft-text\">El escolta sueco <strong>ya hab\u00eda sufrido problemas<\/strong> en el hombro, aunque era el izquierdo con el que tuvo que lidiar en el pasado. En Oviedo, al momento de sentir el dolor, fue hacia el banquillo, dirigi\u00f3 una patada y se retir\u00f3 a vestuarios.<\/p>\n<p class=\"ft-text\">El club public\u00f3 en un comunicado el parte m\u00e9dico: \u00abTras las pertinentes pruebas, el equipo m\u00e9dico detect\u00f3 que Olle Lundqvist sufri\u00f3<strong> un accidente articular en el hombro derecho<\/strong>, lo que le ocasion\u00f3 una <strong>subluxaci\u00f3n <\/strong>del mismo. Esta lesi\u00f3n lo obligar\u00e1 a estar <strong>apartado de las pistas durante unas semanas<\/strong>. Su evoluci\u00f3n determinar\u00e1 el tiempo de baja.\u00bb.<\/p>\n<p class=\"ft-text\">Pero a los jugadores<strong> les toca pensar en baloncesto<\/strong>. El esf\u00e9rico debe alejar sus mentes de estos problemas y centrarlos en la tarea de pretemporada, que es forjar el juego del equipo. El staff debe buscar las f\u00f3rmulas para que sus piezas funcionen con y sin los compa\u00f1eros que se est\u00e1n recuperando.<\/p>\n<p class=\"ft-text\">El siguiente reto para seguir desarrollando la qu\u00edmica de la plantilla ser\u00e1 el <strong>Zamora<\/strong>, equipo al que se enfrentan este martes, a las <strong>19.30 horas<\/strong>, en el Pabell\u00f3n Lydia Valent\u00edn de Ponferrada. Los percances en la plantilla ser\u00e1n una buena oportunidad para ver las propuestas de Diego Epifanio para cubrir las bajas y como trabajan sus hombres. Tambi\u00e9n podr\u00eda ser la ocasi\u00f3n para ver a <strong>Diogo Brito<\/strong> estrenarse con los picheleiros, quien ser\u00e1 presentado oficialmente en el mismo d\u00eda.<\/p>\n","protected":false},"excerpt":{"rendered":"A pensar en baloncesto. Ese debe ser el discurso de un Monbus Obradoiro que ha visto como en&hellip;\n","protected":false},"author":2,"featured_media":117679,"comment_status":"","ping_status":"","sticky":false,"template":"","format":"standard","meta":{"footnotes":""},"categories":[269],"tags":[299,298,331,168,25,24,13654,8252,38523,10284,10281,10285,1796,39248,23,167,2946],"class_list":{"0":"post-117678","1":"post","2":"type-post","3":"status-publish","4":"format-standard","5":"has-post-thumbnail","7":"category-baloncesto","8":"tag-baloncesto","9":"tag-basketball","10":"tag-busca","11":"tag-deportes","12":"tag-es","13":"tag-espana","14":"tag-golpe","15":"tag-lesion","16":"tag-lundqvist","17":"tag-monbus-obradoiro","18":"tag-obradoiro","19":"tag-obradoiro-cab","20":"tag-oviedo","21":"tag-reponerse","22":"tag-spain","23":"tag-sports","24":"tag-zamora"},"share_on_mastodon":{"url":"","error":""},"_links":{"self":[{"href":"https:\/\/www.europesays.com\/es\/wp-json\/wp\/v2\/posts\/117678","targetHints":{"allow":["GET"]}}],"collection":[{"href":"https:\/\/www.europesays.com\/es\/wp-json\/wp\/v2\/posts"}],"about":[{"href":"https:\/\/www.europesays.com\/es\/wp-json\/wp\/v2\/types\/post"}],"author":[{"embeddable":true,"href":"https:\/\/www.europesays.com\/es\/wp-json\/wp\/v2\/users\/2"}],"replies":[{"embeddable":true,"href":"https:\/\/www.europesays.com\/es\/wp-json\/wp\/v2\/comments?post=117678"}],"version-history":[{"count":0,"href":"https:\/\/www.europesays.com\/es\/wp-json\/wp\/v2\/posts\/117678\/revisions"}],"wp:featuredmedia":[{"embeddable":true,"href":"https:\/\/www.europesays.com\/es\/wp-json\/wp\/v2\/media\/117679"}],"wp:attachment":[{"href":"https:\/\/www.europesays.com\/es\/wp-json\/wp\/v2\/media?parent=117678"}],"wp:term":[{"taxonomy":"category","embeddable":true,"href":"https:\/\/www.europesays.com\/es\/wp-json\/wp\/v2\/categories?post=117678"},{"taxonomy":"post_tag","embeddable":true,"href":"https:\/\/www.europesays.com\/es\/wp-json\/wp\/v2\/tags?post=117678"}],"curies":[{"name":"wp","href":"https:\/\/api.w.org\/{rel}","templated":true}]}}