{"id":117690,"date":"2025-09-16T00:32:10","date_gmt":"2025-09-16T00:32:10","guid":{"rendered":"https:\/\/www.europesays.com\/es\/117690\/"},"modified":"2025-09-16T00:32:10","modified_gmt":"2025-09-16T00:32:10","slug":"dia-de-caza-rodada-en-caceres-se-estrenara-en-cines-el-10-de-octubre","status":"publish","type":"post","link":"https:\/\/www.europesays.com\/es\/117690\/","title":{"rendered":"\u2018D\u00eda de caza\u2019, rodada en C\u00e1ceres, se estrenar\u00e1 en cines el 10 de octubre"},"content":{"rendered":"<p class=\"ft-text\"><strong>Un a\u00f1o ha pasado desde que el equipo de D\u00eda de caza rodara en C\u00e1ceres<\/strong> y ya hay fecha para que llegue a los cines. <a class=\"ft-link ft-link--decoration\" href=\"https:\/\/www.elperiodicoextremadura.com\/caceres-local\/2024\/08\/24\/dia-caza-cuelga-armas-caceres-107300782.html\" rel=\"nofollow noopener\" target=\"_blank\">La cinta se presenta como una adaptaci\u00f3n libre aunque de alg\u00fan modo se convierte en secuela <\/a>de La caza, m\u00edtica pel\u00edcula filmada por Carlos Saura en los sesenta ganadora del Oso de oro en Berlinale y<strong> se estrenar\u00e1 el 10 de octubr<\/strong>e en la pantalla grande.<\/p>\n<p class=\"ft-text\"><strong>La producci\u00f3n eligi\u00f3 localizaciones de la provincia extreme\u00f1a para materializar un guion en el que las actrices Carmen Machi, Rossy de Palma y Blanca Portillo,<\/strong> cada una en su personaje, se reencuentran para cazar conejos en una finca. Todo el proceso creativo ha estado respaldado por la hija del director, Anna Saura, que ejerce de productora ejecutiva.<\/p>\n<p class=\"ft-text\">Se trata de una producci\u00f3n hispano-francesa de Gonita Filmacci\u00f3n SL en coproducci\u00f3n con D\u00eda de caza AIE y Mondex et Cie (Francia) y cuenta con la participaci\u00f3n de RTVE, Movistar Plus+, la financiaci\u00f3n del ICAA y la Junta de Extremadura y el apoyo de Media y la Comunidad de Madrid. <strong>Est\u00e1 dirigida por Pedro Aguilera (Demonios tus ojos y La influencia), que firma el guion junto a Lola Mayo. <\/strong><\/p>\n<p>En verano de 2024<\/p>\n<p class=\"ft-text\">En concreto, <a class=\"ft-link ft-link--decoration\" href=\"https:\/\/www.elperiodicoextremadura.com\/caceres-local\/2024\/08\/24\/dia-caza-cuelga-armas-caceres-107300782.html\" rel=\"nofollow noopener\" target=\"_blank\">el rodaje tuvo lugar durante un mes y medio, en verano de 2024, en una finca de la dehesa extreme\u00f1a en Pedroso de Acim.<\/a> En declaraciones a Efe que recogi\u00f3 este diario, el director aseguraba que escribi\u00f3 el guion pensando en las tres actrices que protagonizan el filme. <strong>\u00abEs la historia de tres amigas que se reencuentran despu\u00e9s de tiempo de no verse,<\/strong> que hab\u00edan tenido muchos v\u00ednculos laborales y personales en el pasado, y de repente en un coto de caza empiezan a hablar de temas del pasado, de sus problemas de la vida, de los hijos\u00bb, concluy\u00f3.<\/p>\n","protected":false},"excerpt":{"rendered":"Un a\u00f1o ha pasado desde que el equipo de D\u00eda de caza rodara en C\u00e1ceres y ya hay&hellip;\n","protected":false},"author":2,"featured_media":117691,"comment_status":"","ping_status":"","sticky":false,"template":"","format":"standard","meta":{"footnotes":""},"categories":[169],"tags":[3975,19446,177,9806,978,146,147,25,24,3247,176,175,7417,23],"class_list":{"0":"post-117690","1":"post","2":"type-post","3":"status-publish","4":"format-standard","5":"has-post-thumbnail","7":"category-cine","8":"tag-caceres","9":"tag-caza","10":"tag-cine","11":"tag-cines","12":"tag-dia","13":"tag-entertainment","14":"tag-entretenimiento","15":"tag-es","16":"tag-espana","17":"tag-estrenara","18":"tag-film","19":"tag-movies","20":"tag-rodada","21":"tag-spain"},"share_on_mastodon":{"url":"","error":""},"_links":{"self":[{"href":"https:\/\/www.europesays.com\/es\/wp-json\/wp\/v2\/posts\/117690","targetHints":{"allow":["GET"]}}],"collection":[{"href":"https:\/\/www.europesays.com\/es\/wp-json\/wp\/v2\/posts"}],"about":[{"href":"https:\/\/www.europesays.com\/es\/wp-json\/wp\/v2\/types\/post"}],"author":[{"embeddable":true,"href":"https:\/\/www.europesays.com\/es\/wp-json\/wp\/v2\/users\/2"}],"replies":[{"embeddable":true,"href":"https:\/\/www.europesays.com\/es\/wp-json\/wp\/v2\/comments?post=117690"}],"version-history":[{"count":0,"href":"https:\/\/www.europesays.com\/es\/wp-json\/wp\/v2\/posts\/117690\/revisions"}],"wp:featuredmedia":[{"embeddable":true,"href":"https:\/\/www.europesays.com\/es\/wp-json\/wp\/v2\/media\/117691"}],"wp:attachment":[{"href":"https:\/\/www.europesays.com\/es\/wp-json\/wp\/v2\/media?parent=117690"}],"wp:term":[{"taxonomy":"category","embeddable":true,"href":"https:\/\/www.europesays.com\/es\/wp-json\/wp\/v2\/categories?post=117690"},{"taxonomy":"post_tag","embeddable":true,"href":"https:\/\/www.europesays.com\/es\/wp-json\/wp\/v2\/tags?post=117690"}],"curies":[{"name":"wp","href":"https:\/\/api.w.org\/{rel}","templated":true}]}}