{"id":117715,"date":"2025-09-16T00:48:08","date_gmt":"2025-09-16T00:48:08","guid":{"rendered":"https:\/\/www.europesays.com\/es\/117715\/"},"modified":"2025-09-16T00:48:08","modified_gmt":"2025-09-16T00:48:08","slug":"hind-ben-abdelkader-ya-es-oficialmente-jugadora-taronja","status":"publish","type":"post","link":"https:\/\/www.europesays.com\/es\/117715\/","title":{"rendered":"Hind Ben Abdelkader ya es oficialmente, jugadora taronja"},"content":{"rendered":"<p class=\"ft-text ft-helper-align-justify\"><a class=\"ft-link ft-link--decoration\" href=\"https:\/\/www.superdeporte.es\/valencia-basket\/2025\/09\/14\/hind-ben-abdelkader-nuevo-fichaje-valencia-basket-femenino-121564163.html\" rel=\"nofollow noopener\" target=\"_blank\">El pasado domingo el Valencia Basket anunciaba el fichaje de la base\/escolta Hind Ben Abdelkader (30 a\u00f1os, B\u00e9lgica, 1.72m) <\/a>que llega para reforzar al equipo de Rub\u00e9n Burgos, en principio, hasta finales de noviembre. La jugadora se ha incorporado ya al trabajo con la plantilla taronja de la que ya forma parte tras cumplir el tr\u00e1mite de las pruebas f\u00edsicas.<\/p>\n<p class=\"ft-text ft-helper-align-justify\">B<strong>en Abbelkadre es oficialmente nueva jugadora de Valencia Basket<\/strong> tras superar satisfactoriamente la revisi\u00f3n m\u00e9dica y f\u00edsica, as\u00ed como las pruebas cardiol\u00f3gicas y de esfuerzo en Quir\u00f3nsalud.<\/p>\n<p class=\"ft-text ft-helper-align-justify\">La nueva exterior taronja pas\u00f3 este lunes 15 de septiembre en el<strong> <\/strong><a class=\"ft-link ft-link--decoration\" href=\"https:\/\/www.quironsalud.com\/valencia\/es\/centro-medico-quironsalud-mercado-colon\" rel=\"nofollow noopener\" target=\"_blank\">Centro M\u00e9dico Quir\u00f3nsalud Mercado de Col\u00f3n <\/a>la revisi\u00f3n m\u00e9dica <strong>a cargo del responsable m\u00e9dico de Valencia Basket, el doctor Vicente Sebasti\u00e1,<\/strong> con el apoyo del Dr . Antonio Giner en la prueba de esfuerzo, as\u00ed como las pruebas cardiol\u00f3gicas con la doctora Catheline Lauwers, con resultado satisfactorio.<\/p>\n<p>Sobre Hind Ben Abdelkader<\/p>\n<p class=\"ft-text ft-helper-align-justify\"><strong>La jugadora belga cuenta con una amplia experiencia internacional,<\/strong> disputando la pasada temporada en China con las Shanxi Flame, con una tarjeta de 7,3 puntos y 1,6 asistencias. Tras comenzar muy joven en la liga belga y con un breve paso por el baloncesto universitario americano, su primera experiencia europea fuera de su pa\u00eds fue en Espa\u00f1a, donde jug\u00f3 en el Cad\u00ed La Seu en la temporada 2014-15 (10,9 puntos y 3,1 rebotes). Despu\u00e9s de su paso por nuestro pa\u00eds comenz\u00f3 un viaje baloncest\u00edstico que le llev\u00f3 por Francia, Polonia, un largo tramo de su carrera en Turqu\u00eda, Rusia y China. En esa trayectoria ha ido acumulando experiencia en la EuroLeague Women con el Wisla Can-Pack (10,3 puntos y 3,5 asistencias), Hatay BB (13,6 puntos y 2,7 asistencias) y m\u00e1s recientemente, en 2023, con el Villeneuve d\u2019Ascq LM.<\/p>\n","protected":false},"excerpt":{"rendered":"El pasado domingo el Valencia Basket anunciaba el fichaje de la base\/escolta Hind Ben Abdelkader (30 a\u00f1os, B\u00e9lgica,&hellip;\n","protected":false},"author":2,"featured_media":117716,"comment_status":"","ping_status":"","sticky":false,"template":"","format":"standard","meta":{"footnotes":""},"categories":[269],"tags":[38938,299,298,3171,15811,1615,168,25,24,33647,1713,17894,24430,17893,23,167,2916],"class_list":{"0":"post-117715","1":"post","2":"type-post","3":"status-publish","4":"format-standard","5":"has-post-thumbnail","7":"category-baloncesto","8":"tag-abdelkader","9":"tag-baloncesto","10":"tag-basketball","11":"tag-belgica","12":"tag-ben","13":"tag-china","14":"tag-deportes","15":"tag-es","16":"tag-espana","17":"tag-hind","18":"tag-jugadora","19":"tag-liga-f-endesa","20":"tag-oficialmente","21":"tag-ruben-burgos","22":"tag-spain","23":"tag-sports","24":"tag-valencia-basket"},"share_on_mastodon":{"url":"","error":""},"_links":{"self":[{"href":"https:\/\/www.europesays.com\/es\/wp-json\/wp\/v2\/posts\/117715","targetHints":{"allow":["GET"]}}],"collection":[{"href":"https:\/\/www.europesays.com\/es\/wp-json\/wp\/v2\/posts"}],"about":[{"href":"https:\/\/www.europesays.com\/es\/wp-json\/wp\/v2\/types\/post"}],"author":[{"embeddable":true,"href":"https:\/\/www.europesays.com\/es\/wp-json\/wp\/v2\/users\/2"}],"replies":[{"embeddable":true,"href":"https:\/\/www.europesays.com\/es\/wp-json\/wp\/v2\/comments?post=117715"}],"version-history":[{"count":0,"href":"https:\/\/www.europesays.com\/es\/wp-json\/wp\/v2\/posts\/117715\/revisions"}],"wp:featuredmedia":[{"embeddable":true,"href":"https:\/\/www.europesays.com\/es\/wp-json\/wp\/v2\/media\/117716"}],"wp:attachment":[{"href":"https:\/\/www.europesays.com\/es\/wp-json\/wp\/v2\/media?parent=117715"}],"wp:term":[{"taxonomy":"category","embeddable":true,"href":"https:\/\/www.europesays.com\/es\/wp-json\/wp\/v2\/categories?post=117715"},{"taxonomy":"post_tag","embeddable":true,"href":"https:\/\/www.europesays.com\/es\/wp-json\/wp\/v2\/tags?post=117715"}],"curies":[{"name":"wp","href":"https:\/\/api.w.org\/{rel}","templated":true}]}}