{"id":117717,"date":"2025-09-16T00:49:07","date_gmt":"2025-09-16T00:49:07","guid":{"rendered":"https:\/\/www.europesays.com\/es\/117717\/"},"modified":"2025-09-16T00:49:07","modified_gmt":"2025-09-16T00:49:07","slug":"la-pena-malaguista-de-sevilla-hace-un-fichaje-de-relumbron","status":"publish","type":"post","link":"https:\/\/www.europesays.com\/es\/117717\/","title":{"rendered":"La Pe\u00f1a Malaguista de Sevilla hace un \u2018fichaje\u2019 de relumbr\u00f3n"},"content":{"rendered":"<p><a href=\"https:\/\/www.merchanendirecto.es\/wp-content\/uploads\/2025\/09\/G0v1bZkW4AANn1Z.webp\" data-caption=\"\" rel=\"nofollow noopener\" target=\"_blank\"><img loading=\"lazy\" decoding=\"async\" width=\"696\" height=\"573\" class=\"entry-thumb td-modal-image\" src=\"https:\/\/www.europesays.com\/es\/wp-content\/uploads\/2025\/09\/G0v1bZkW4AANn1Z-696x573.webp.webp\"   alt=\"\" title=\"G0v1bZkW4AANn1Z\"\/><\/a><\/p>\n<p>Ya es una realidad. La <strong>Pe\u00f1a Tracamatraca<\/strong>, sevillana de nacimiento y malaguista de sentimiento, ya ha echado a rodar. Lo cierto es que su debut, que fue de la mano con el de un canterano como \u00c1ngel Recio, no fue el m\u00e1s so\u00f1ado debido a la derrota del M\u00e1laga en Huesca, pero pero as\u00ed funciona el malaguismo. Hace unas semanas contamos con <strong>Javier Garrido<\/strong>, uno de los fundadores de esta Pe\u00f1a y, tal y como coment\u00f3 en Radio MARCA M\u00e1laga, busca, entre otras cosas, ser un punto de encuentro de maalguistas en Sevilla. Primera misi\u00f3n, completada. La Pe\u00f1a Malaguista de Sevilla hace un \u2018fichaje\u2019 de relumbr\u00f3n.<\/p>\n<p>Y no lo hizo de cualquier manera. <strong>Antonio de la Torre<\/strong>, reconocido actor malague\u00f1o y ac\u00e9rrimo hincha del club boquer\u00f3n, se pas\u00f3 por las instalaciones de la Pe\u00f1a para disfrutar del ambiente malaguista y dar buena cuenta de que este sentimiento no tiene fronteras. El artista ha estado ligado \u00faltimamente con el club, rodando como protagonista los dos \u2018spots\u2019 de la <strong>campa\u00f1a de abonados<\/strong> de las temporadas 2023\/2024 y 2024\/2025. <\/p>\n<blockquote class=\"twitter-tweet\" data-media-max-width=\"560\">\n<p lang=\"es\" dir=\"ltr\">No hay nada m\u00e1s malaguista que haber fundado la pe\u00f1a hoy.<\/p>\n<p>TRACAMATRACA <a href=\"https:\/\/twitter.com\/hashtag\/Malagacf?src=hash&amp;ref_src=twsrc%5Etfw\" rel=\"nofollow noopener\" target=\"_blank\">#Malagacf<\/a> <a href=\"https:\/\/t.co\/M3CiP1on4m\" rel=\"nofollow\">pic.twitter.com\/M3CiP1on4m<\/a><\/p>\n<p>\u2014 Pe\u00f1a Tracamatraca \u2013 Pe\u00f1a malaguista de Sevilla (@MCFenSevilla) <a href=\"https:\/\/twitter.com\/MCFenSevilla\/status\/1966935533793538340?ref_src=twsrc%5Etfw\" rel=\"nofollow noopener\" target=\"_blank\">September 13, 2025<\/a><\/p><\/blockquote>\n<p>\u201cEl ser malaguista es algo que desde hace mucho tiempo trasciende las fronteras de nuestra propia ciudad. Esto es un hecho indiscutible y de lo que nos debemos sentir orgullosos.<strong>\u00a0Fruto de ello son pe\u00f1as tan queridas como la Guiri Army, la pe\u00f1a malaguista de Finlandia, la de Dinamarca o la Pe\u00f1a Malaguista Oso Polar.\u00a0<\/strong>Todas ellas, creadas por malaguistas llegados a nuestras tierras que se enamoraron de nuestros colores, escudo y valores. Pero tambi\u00e9n se da a la inversa\u00ab, rezaba el comunicado con el que se presentaban en sociedad. <\/p>\n<p>\u201c<strong>Pe\u00f1a TRACAMATRACA. Esta especie de grito de guerra, creado por un malague\u00f1o en el exilio<\/strong>, que tanto nos regal\u00f3 el a\u00f1o pasado. Un grito de guerra que recuerda a ritmos ancestrales de nuestra tierra. Un grito de guerra que nos recuerda que es de TRACA ser malaguista en Sevilla, pero que no por ello dejaremos de dar la MATRACA\u201d.<\/p>\n<p><script async src=\"https:\/\/platform.twitter.com\/widgets.js\" charset=\"utf-8\"><\/script><\/p>\n","protected":false},"excerpt":{"rendered":"Ya es una realidad. La Pe\u00f1a Tracamatraca, sevillana de nacimiento y malaguista de sentimiento, ya ha echado a&hellip;\n","protected":false},"author":2,"featured_media":117718,"comment_status":"","ping_status":"","sticky":false,"template":"","format":"standard","meta":{"footnotes":""},"categories":[268],"tags":[26604,168,25,24,280,282,1963,39261,281,23,167],"class_list":{"0":"post-117717","1":"post","2":"type-post","3":"status-publish","4":"format-standard","5":"has-post-thumbnail","7":"category-futbol","8":"tag-antonio-de-la-torre","9":"tag-deportes","10":"tag-es","11":"tag-espana","12":"tag-football","13":"tag-futbol","14":"tag-malaga-cf","15":"tag-pena-malaguista-en-sevilla","16":"tag-soccer","17":"tag-spain","18":"tag-sports"},"share_on_mastodon":{"url":"","error":""},"_links":{"self":[{"href":"https:\/\/www.europesays.com\/es\/wp-json\/wp\/v2\/posts\/117717","targetHints":{"allow":["GET"]}}],"collection":[{"href":"https:\/\/www.europesays.com\/es\/wp-json\/wp\/v2\/posts"}],"about":[{"href":"https:\/\/www.europesays.com\/es\/wp-json\/wp\/v2\/types\/post"}],"author":[{"embeddable":true,"href":"https:\/\/www.europesays.com\/es\/wp-json\/wp\/v2\/users\/2"}],"replies":[{"embeddable":true,"href":"https:\/\/www.europesays.com\/es\/wp-json\/wp\/v2\/comments?post=117717"}],"version-history":[{"count":0,"href":"https:\/\/www.europesays.com\/es\/wp-json\/wp\/v2\/posts\/117717\/revisions"}],"wp:featuredmedia":[{"embeddable":true,"href":"https:\/\/www.europesays.com\/es\/wp-json\/wp\/v2\/media\/117718"}],"wp:attachment":[{"href":"https:\/\/www.europesays.com\/es\/wp-json\/wp\/v2\/media?parent=117717"}],"wp:term":[{"taxonomy":"category","embeddable":true,"href":"https:\/\/www.europesays.com\/es\/wp-json\/wp\/v2\/categories?post=117717"},{"taxonomy":"post_tag","embeddable":true,"href":"https:\/\/www.europesays.com\/es\/wp-json\/wp\/v2\/tags?post=117717"}],"curies":[{"name":"wp","href":"https:\/\/api.w.org\/{rel}","templated":true}]}}