{"id":117719,"date":"2025-09-16T00:50:18","date_gmt":"2025-09-16T00:50:18","guid":{"rendered":"https:\/\/www.europesays.com\/es\/117719\/"},"modified":"2025-09-16T00:50:18","modified_gmt":"2025-09-16T00:50:18","slug":"la-princesa-magdalena-de-suecia-da-un-paso-mas-y-consolida-su-faceta-como-empresaria","status":"publish","type":"post","link":"https:\/\/www.europesays.com\/es\/117719\/","title":{"rendered":"La princesa Magdalena de Suecia da un paso m\u00e1s y consolida su faceta como empresaria"},"content":{"rendered":"<p id=\"e__bJkfT6D\" data-wc=\"104\">Lleg\u00f3 el gran d\u00eda para <strong>Magdalena de Suecia (43 a\u00f1os),<\/strong> la fecha definitiva en la que su primer gran reto a nivel empresarial se ha convertido en realidad. El pasado s\u00e1bado, 13 de septiembre, la Princesa ten\u00eda ante s\u00ed la gran prueba de fuego, esa en la que los consumidores podr\u00edan acceder y comprar ya <strong>su nueva marca: MinLen<\/strong>. Adem\u00e1s, no lo hac\u00eda en cualquier lugar sino en su pa\u00eds natal. Fue ella misma quien quiso supervisar de primera mano que todo sal\u00eda seg\u00fan lo previsto, celebrando este esperado lanzamiento en una de las tiendas de la cadena Lyko en pleno coraz\u00f3n de Estocolmo.<\/p>\n<p> <img src=\"https:\/\/www.europesays.com\/es\/wp-content\/uploads\/2025\/09\/877e83fe8ec5-gettyimages-2206976192.jpg\"   width=\"1024\" height=\"753\" loading=\"lazy\" decoding=\"async\" alt=\"Media Image\" fetchpriority=\"auto\" class=\"image ho-image\"\/>\u00a9 Getty Images<\/p>\n<p id=\"eqg3bOZFwd\" data-wc=\"110\">Rodeada por una nube de fot\u00f3grafos, la hija de los reyes Carlos Gustavo y Silvia se mostraba radiante tras ver cumplido su sue\u00f1o: tener ya en tiendas una l\u00ednea de <strong>productos para el cuidado de la piel dirigidos al p\u00fablico infantil.<\/strong> La expectaci\u00f3n era grande, como cab\u00eda esperar, y la &#8216;royal&#8217; fue requerida para hacerse selfis por parte de los clientes que se hab\u00edan acercado al establecimiento. Sin duda, en su mirada se notaba el orgullo y la alegr\u00eda que le produce haber sacado al mercado esta primera colecci\u00f3n de cosm\u00e9ticos para beb\u00e9s, ni\u00f1os y adolescentes, elaborados con plantas como el espino amarillo, el ar\u00e1ndano silvestre y el lino sueco.<\/p>\n<p> <img src=\"https:\/\/www.europesays.com\/es\/wp-content\/uploads\/2025\/09\/dbbb0c58fc70-tiara.jpg\"   width=\"1024\" height=\"682\" loading=\"lazy\" decoding=\"async\" alt=\"Media Image\" fetchpriority=\"auto\" class=\"image ho-image\"\/>\u00a9 Getty Images<\/p>\n<p id=\"eO_l6dGxH7\" data-wc=\"106\">Durante la puesta de largo, micr\u00f3fono en mano, tambi\u00e9n hubo tiempo para un breve discurso de agradecimiento que dio la Princesa delante de los all\u00ed congregados. Record\u00f3 que llevaban muchos meses trabajando en este proyecto, un reto que es ajeno a la corona n\u00f3rdica pero que cuenta con la aprobaci\u00f3n de esta. De hecho, es una iniciativa de car\u00e1cter privado y comercial en colaboraci\u00f3n con la compa\u00f1\u00eda Weleda, para la que ella utiliza el apellido de Bernadotte y no su t\u00edtulo dentro de la realeza. De momento, MinLen no ha llegado a Espa\u00f1a, y solo <strong>se puede adquirir en pa\u00edses como Suecia, Alemania, Suiza y Austria<\/strong>.<\/p>\n<p> <img src=\"https:\/\/www.europesays.com\/es\/wp-content\/uploads\/2025\/09\/0c83308e3310-gettyimages-2219943926.jpg\"   width=\"683\" height=\"1024\" loading=\"lazy\" decoding=\"async\" alt=\"Media Image\" fetchpriority=\"auto\" class=\"image ho-image\"\/>\u00a9 Getty Images<br \/>\nC\u00f3mo surgi\u00f3 la idea y su respuesta a las cr\u00edticas<\/p>\n<p id=\"esJhjmZWqI\" data-wc=\"97\">La hermana menor de la heredera al trono cont\u00f3 hace unos meses que su debut en el mundo &#8216;beauty&#8217; surgi\u00f3 tras comprobar que \u00abrealmente hab\u00eda algo que faltaba en el mercado\u00bb. Pon\u00eda como ejemplo a su primog\u00e9nita<strong>, Leonore (11),<\/strong> para quien dice no hab\u00eda nada que le convenciese. \u00abQuer\u00eda encontrar algo en lo que sintiera que pod\u00eda confiar, y ah\u00ed es donde naci\u00f3 esta l\u00ednea Skinare\u00bb, explicaba en una entrevista para RTL. Despu\u00e9s, \u00abnecesitaba un gran socio que ya estuviera establecido\u00bb, por lo que se ali\u00f3 con la citada empresa helv\u00e9tica que es puntera en el sector.<\/p>\n<p> <img src=\"https:\/\/www.europesays.com\/es\/wp-content\/uploads\/2025\/09\/9bf779c22b2e-gettyimages-2206664721.jpg\"   width=\"1024\" height=\"682\" loading=\"lazy\" decoding=\"async\" alt=\"Media Image\" fetchpriority=\"auto\" class=\"image ho-image\"\/>\u00a9 Getty Images<\/p>\n<p id=\"e7aHIFgxSm\" data-wc=\"122\">Para llegar hasta aqu\u00ed, Magdalena tambi\u00e9n ha tenido que <a class=\"hm-link ho-link\" href=\"https:\/\/www.hola.com\/realeza\/casa_suecia\/20250901853242\/magdalena-suecia-responde-criticas-linea-cosmeticos\/\" data-mrf-recirculation=\"article-body-link\" rel=\"nofollow noopener\" target=\"_blank\">hacer frente a las cr\u00edticas<\/a> de quienes le acusan de aprovechar su posici\u00f3n en la instituci\u00f3n mon\u00e1rquica para hacer negocio. Tras la polvareda, ella recuerda que \u00abhace algunos a\u00f1os tom\u00e9 la decisi\u00f3n de renunciar a mis deberes reales y limitar mis actos oficiales, lo que me ha permitido explorar otras facetas\u00bb. A partir de entonces, se\u00f1ala Magdalena que<strong>\u00a0\u00aba m\u00ed y a mi hermano nos dieron la oportunidad de hacer otras cosas\u00bb<\/strong>, dec\u00eda en alusi\u00f3n a Carlos Felipe, quien es socio de una agencia textil y lo compagina con sus funciones institucionales. Asimismo, para evitar cualquier pol\u00e9mica, desde la Casa Real sueca se inform\u00f3 que ella \u00abhace tiempo que no recibe ninguna asignaci\u00f3n\u00bb.<\/p>\n<p> <img src=\"https:\/\/www.europesays.com\/es\/wp-content\/uploads\/2025\/09\/00b0e2ce85dc-dlu514587034.jpg\"   width=\"1024\" height=\"618\" loading=\"lazy\" decoding=\"async\" alt=\"Media Image\" fetchpriority=\"auto\" class=\"image ho-image\"\/>\u00a9 GTRES<\/p>\n<p id=\"etD2YqBTEb\" data-wc=\"111\">Para fundar MinLen, la Princesa ha contado tambi\u00e9n con la inestimable colaboraci\u00f3n de <strong>su marido, Chris O&#8217;Neill<\/strong>, en todo lo que tiene que ver con los n\u00fameros. Sobre c\u00f3mo es trabajar con \u00e9l, en la residencia de Washington donde viven con sus hijos, confesaba con una sonrisa que \u00abno siempre es f\u00e1cil, aunque nos est\u00e1 yendo bien por ahora\u00bb. Explic\u00f3 que los preparativos comenzaron hace dos a\u00f1os y que, por suerte, ambos han sabido conjugar lo que les diferencia: \u00abYo voy m\u00e1s por el lado creativo y mi esposo por el de las finanzas\u00bb. De esta forma, a\u00f1ad\u00eda, \u00abten\u00edamos dos roles muy distintos y creo que ese ha sido el secreto\u00bb.<\/p>\n<p> <img src=\"https:\/\/www.europesays.com\/es\/wp-content\/uploads\/2025\/09\/29c72647dab6-gettyimages-170163388.jpg\"   width=\"682\" height=\"1024\" loading=\"lazy\" decoding=\"async\" alt=\"Media Image\" fetchpriority=\"auto\" class=\"image ho-image\"\/>\u00a9 Getty Images<\/p>\n","protected":false},"excerpt":{"rendered":"Lleg\u00f3 el gran d\u00eda para Magdalena de Suecia (43 a\u00f1os), la fecha definitiva en la que su primer&hellip;\n","protected":false},"author":2,"featured_media":117720,"comment_status":"","ping_status":"","sticky":false,"template":"","format":"standard","meta":{"footnotes":""},"categories":[174],"tags":[255,146,147,25,24,256,39262,1027,20393,23],"class_list":{"0":"post-117719","1":"post","2":"type-post","3":"status-publish","4":"format-standard","5":"has-post-thumbnail","7":"category-famosos","8":"tag-celebrities","9":"tag-entertainment","10":"tag-entretenimiento","11":"tag-es","12":"tag-espana","13":"tag-famosos","14":"tag-magdalena-de-suecia","15":"tag-realeza","16":"tag-realeza-suecia","17":"tag-spain"},"share_on_mastodon":{"url":"","error":""},"_links":{"self":[{"href":"https:\/\/www.europesays.com\/es\/wp-json\/wp\/v2\/posts\/117719","targetHints":{"allow":["GET"]}}],"collection":[{"href":"https:\/\/www.europesays.com\/es\/wp-json\/wp\/v2\/posts"}],"about":[{"href":"https:\/\/www.europesays.com\/es\/wp-json\/wp\/v2\/types\/post"}],"author":[{"embeddable":true,"href":"https:\/\/www.europesays.com\/es\/wp-json\/wp\/v2\/users\/2"}],"replies":[{"embeddable":true,"href":"https:\/\/www.europesays.com\/es\/wp-json\/wp\/v2\/comments?post=117719"}],"version-history":[{"count":0,"href":"https:\/\/www.europesays.com\/es\/wp-json\/wp\/v2\/posts\/117719\/revisions"}],"wp:featuredmedia":[{"embeddable":true,"href":"https:\/\/www.europesays.com\/es\/wp-json\/wp\/v2\/media\/117720"}],"wp:attachment":[{"href":"https:\/\/www.europesays.com\/es\/wp-json\/wp\/v2\/media?parent=117719"}],"wp:term":[{"taxonomy":"category","embeddable":true,"href":"https:\/\/www.europesays.com\/es\/wp-json\/wp\/v2\/categories?post=117719"},{"taxonomy":"post_tag","embeddable":true,"href":"https:\/\/www.europesays.com\/es\/wp-json\/wp\/v2\/tags?post=117719"}],"curies":[{"name":"wp","href":"https:\/\/api.w.org\/{rel}","templated":true}]}}