{"id":117721,"date":"2025-09-16T00:51:12","date_gmt":"2025-09-16T00:51:12","guid":{"rendered":"https:\/\/www.europesays.com\/es\/117721\/"},"modified":"2025-09-16T00:51:12","modified_gmt":"2025-09-16T00:51:12","slug":"guadalajara-y-sus-castillos-en-el-colegio-oficial-de-arquitectos-nuevaalcarria","status":"publish","type":"post","link":"https:\/\/www.europesays.com\/es\/117721\/","title":{"rendered":"&#8216;Guadalajara y sus castillos&#8217;, en el Colegio Oficial de Arquitectos | NuevaAlcarria"},"content":{"rendered":"<p>La exposici\u00f3n Arquitectura, paisaje\u00a0e identidad ya se puede visitar en el Colegio de\u00a0Arquitectos de Castilla-La Mancha a trav\u00e9s de la Demarcaci\u00f3n de Guadalajara gracias al convenio con la Diputaci\u00f3n provincial. A trav\u00e9s de esta muestra se recorre el territorio gracias a sus castillos.\u00a0<\/p>\n<p>Guadalajara, despu\u00e9s de Ja\u00e9n, es la provincia en Espa\u00f1a con mayor n\u00famero de castillos. Desde el Alcarria de Guadalajara, a la \u00abpe\u00f1a fuerte\u00bb de Atienza, seg\u00fan el Cantar de Mio Cid, al potente castillo de Zorita de los Canes, realizado con traza y aparejo musulm\u00e1n con las piedras visigodas de Rec\u00f3polis, a los de Sig\u00fcenza y Molina de Arag\u00f3n, repletos de historias y leyendas, hasta las torres m\u00e1s peque\u00f1as, todos, conforman un tejido, una estructura de relaciones e interdependencias. Sus lazos llegan hasta Soria, Cuenca, Madrid y Toledo dado que la delimitaci\u00f3n territorial actual no se corresponde con la que exist\u00eda en el momento de su edificaci\u00f3n.<\/p>\n<p>El movimiento de las fronteras, en la Edad Media traspasa el l\u00edmite desde el Duero al Tajo. Por esta raz\u00f3n, la mayor\u00eda de los castillos pertenecen a la Edad Media o al Renacimiento. Muchos han ido evolucionando con los siglos, tanto en planta como en secci\u00f3n mediante capas sucesivas.<\/p>\n<p><img decoding=\"async\" alt=\"\" src=\"https:\/\/www.europesays.com\/es\/wp-content\/uploads\/2025\/09\/WhatsApp Image 2025-09-15 at 13_24_57 (1).jpeg\"\/><\/p>\n<p>La alcaldesa, Ana Guarinos, durante la inauguraci\u00f3n.<\/p>\n<p>\u00a0<\/p>\n<p>Con la toma de Toledo y sobre todo tras la victoria de las Navas de Tolosa, la frontera desciende hasta Andaluc\u00eda. La gran mayor\u00eda de las edificaciones militares dejan de tener sentido y utilidad y acaban en desuso o como cantera para vecinos y construcciones de otro tipo. Tan s\u00f3lo los castillos reales, los de la nobleza, los de las \u00f3rdenes militares o los de los obispos mantienen su uso y funciones, entre las que se encuentra la representaci\u00f3n del poder.<\/p>\n<p>Se muestra s\u00f3lo parte de nuestro patrimonio arquitect\u00f3nico militar, aplazamos para futuros trabajos, el estudio de los numerosos poblados fortificados Celtib\u00e9ricos o las fortificaciones, defensas, refugios y puestos de tiro de la Guerra Civil.<\/p>\n<p>El trabajo realizado para <strong>Diputaci\u00f3n<\/strong> ha consistido en el levantamiento por fotogrametr\u00eda de plantas, alzados, volumetr\u00eda y v\u00eddeos de 50 castillos. Esta documentaci\u00f3n conforma una maqueta en 3D de cada uno de ellos, con un grado de definici\u00f3n hasta el \u00faltimo detalle. La documentaci\u00f3n se encuentra en el Colegio, a disposici\u00f3n de los arquitectos que la requieran para futuras intervenciones o rehabilitaciones.<\/p>\n<p><img decoding=\"async\" alt=\"\" src=\"https:\/\/www.europesays.com\/es\/wp-content\/uploads\/2025\/09\/WhatsApp Image 2025-09-15 at 13_24_58.jpeg\"\/><\/p>\n<p>Adem\u00e1s de la faceta profesional y t\u00e9cnica propia de los arquitectos, se ha buscado iniciar una metodolog\u00eda de intervenci\u00f3n y valoraci\u00f3n de las edificaciones uniendo criterios con historiadores y arque\u00f3logos.<\/p>\n<p>Sin embargo, la exposici\u00f3n aporta una visi\u00f3n m\u00e1s amplia del Patrimonio: se introduce en una propuesta de paisaje cultural: el de los castillos de Guadalajara<\/p>\n<p>Si con el Decreto de 22 de abril de 1949 (BOE-5-5-1949) (Ministerio de Educaci\u00f3n Nacional) de protecci\u00f3n de los castillos se pone en valor el paisaje y se colocan todos los castillos bajo la protecci\u00f3n del Estado, responsabilizando a los Ayuntamientos y a una nueva figura, el Arquitecto Conservador, no es hasta el a\u00f1o 2000 en que se firma el Convenio Europeo del Paisaje y posteriormente en 2012 en que se aprueba el Plan Nacional de Paisaje Cultural que aparece con fuerza esta nueva figura de defensa de un patrimonio mucho m\u00e1s amplio. El PAISAJE CULTURAL es el \u201cresultado de la interacci\u00f3n en el tiempo de las personas y el medio natural, cuya expresi\u00f3n es un territorio percibido y valorado por sus cualidades culturales, producto de un proceso y soporte de la identidad de una comunidad\u201d<\/p>\n","protected":false},"excerpt":{"rendered":"La exposici\u00f3n Arquitectura, paisaje\u00a0e identidad ya se puede visitar en el Colegio de\u00a0Arquitectos de Castilla-La Mancha a trav\u00e9s&hellip;\n","protected":false},"author":2,"featured_media":117722,"comment_status":"","ping_status":"","sticky":false,"template":"","format":"standard","meta":{"footnotes":""},"categories":[173],"tags":[442,3739,229,233,231,230,28093,232,234,146,147,25,24,439,441,443,440,23],"class_list":{"0":"post-117721","1":"post","2":"type-post","3":"status-publish","4":"format-standard","5":"has-post-thumbnail","7":"category-arte-y-diseno","8":"tag-actualidad-guadalajara","9":"tag-arquitectos","10":"tag-arte","11":"tag-arte-y-diseno","12":"tag-arts","13":"tag-arts-and-design","14":"tag-castillos","15":"tag-design","16":"tag-diseno","17":"tag-entertainment","18":"tag-entretenimiento","19":"tag-es","20":"tag-espana","21":"tag-guadalajara","22":"tag-informacion-guadalajara","23":"tag-noticias-guadalajara","24":"tag-nueva-alcarria","25":"tag-spain"},"share_on_mastodon":{"url":"","error":""},"_links":{"self":[{"href":"https:\/\/www.europesays.com\/es\/wp-json\/wp\/v2\/posts\/117721","targetHints":{"allow":["GET"]}}],"collection":[{"href":"https:\/\/www.europesays.com\/es\/wp-json\/wp\/v2\/posts"}],"about":[{"href":"https:\/\/www.europesays.com\/es\/wp-json\/wp\/v2\/types\/post"}],"author":[{"embeddable":true,"href":"https:\/\/www.europesays.com\/es\/wp-json\/wp\/v2\/users\/2"}],"replies":[{"embeddable":true,"href":"https:\/\/www.europesays.com\/es\/wp-json\/wp\/v2\/comments?post=117721"}],"version-history":[{"count":0,"href":"https:\/\/www.europesays.com\/es\/wp-json\/wp\/v2\/posts\/117721\/revisions"}],"wp:featuredmedia":[{"embeddable":true,"href":"https:\/\/www.europesays.com\/es\/wp-json\/wp\/v2\/media\/117722"}],"wp:attachment":[{"href":"https:\/\/www.europesays.com\/es\/wp-json\/wp\/v2\/media?parent=117721"}],"wp:term":[{"taxonomy":"category","embeddable":true,"href":"https:\/\/www.europesays.com\/es\/wp-json\/wp\/v2\/categories?post=117721"},{"taxonomy":"post_tag","embeddable":true,"href":"https:\/\/www.europesays.com\/es\/wp-json\/wp\/v2\/tags?post=117721"}],"curies":[{"name":"wp","href":"https:\/\/api.w.org\/{rel}","templated":true}]}}