{"id":117743,"date":"2025-09-16T01:03:26","date_gmt":"2025-09-16T01:03:26","guid":{"rendered":"https:\/\/www.europesays.com\/es\/117743\/"},"modified":"2025-09-16T01:03:26","modified_gmt":"2025-09-16T01:03:26","slug":"paises-del-golfo-llaman-a-activar-mecanismo-de-defensa-conjunto","status":"publish","type":"post","link":"https:\/\/www.europesays.com\/es\/117743\/","title":{"rendered":"Pa\u00edses del golfo llaman a activar mecanismo de defensa conjunto"},"content":{"rendered":"<p>El Cairo, (EFE).- Los pa\u00edses del Consejo de Cooperaci\u00f3n del Golfo (CCG) ordenaron este lunes al mando militar que tome las medidas necesarias para \u00abactivar los mecanismos de defensa conjuntos\u00bb para evaluar la \u00abamenaza\u00bb ante el ataque israel\u00ed de la semana pasada contra Doha, que ten\u00eda como objetivo a negociadores de Ham\u00e1s. <\/p>\n<p>\u00abLos l\u00edderes ordenaron al Consejo de Defensa Conjunto del CCG celebrar una reuni\u00f3n urgente en Doha (\u2026) para evaluar la situaci\u00f3n de defensa de los pa\u00edses del CCG y las fuentes de amenaza ante la agresi\u00f3n israel\u00ed\u00bb contra Catar, al tiempo que pidieron al Mando Militar Unificado que tome las \u00abmedidas ejecutivas necesarias para activar los mecanismos de defensa conjuntos y las capacidades de disuasi\u00f3n\u00bb de los pa\u00edses del golfo P\u00e9rsico.<\/p>\n<p>El CCG est\u00e1 formado por Arabia Saud\u00ed, Kuwait, Om\u00e1n, Catar, Emiratos \u00c1rabes Unidos y Bar\u00e9in, siendo estos dos \u00faltimos los \u00fanicos que tienen una relaci\u00f3n diplom\u00e1tica con Israel en la regi\u00f3n del golfo.<\/p>\n<p>Cumbre de emergencia en Doha<\/p>\n<p>Este comunicado, que consta de once puntos, se produce despu\u00e9s de que el Consejo Supremo del CCG celebrara una sesi\u00f3n extraordinaria, coincidiendo con la cumbre de emergencia en Doha que los jefes de Estado de la Liga \u00c1rabe y la Organizaci\u00f3n de la Cooperaci\u00f3n Isl\u00e1mica (OCI), integradas por 22 y 57 pa\u00edses respectivamente, han celebrado para coordinar una respuesta al ataque israel\u00ed en el pa\u00eds del golfo.<\/p>\n<p>El consejo afirm\u00f3 que la \u00abbrutal agresi\u00f3n israel\u00ed\u00bb contra Catar representa \u00abuna amenaza directa para la seguridad conjunta del Golfo y la paz y la estabilidad regionales\u00bb.<\/p>\n<p>Por ello, consider\u00f3 que la continuaci\u00f3n de \u00abestas pol\u00edticas agresivas socava los esfuerzos por lograr la paz y el futuro de los entendimientos y acuerdos existentes con Israel, debido a las graves repercusiones que esto tiene en la estabilidad de toda la regi\u00f3n\u00bb.<\/p>\n<p>\u00abPlena solidaridad\u00bb con Catar<\/p>\n<p>En el extenso comunicado, los pa\u00edses del golfo afirmaron su \u00abplena solidaridad\u00bb con Catar \u00aben todas las medidas que adopte para hacer frente a esta agresi\u00f3n\u00bb, al subrayar que la seguridad de los pa\u00edses del CCG es \u00abindivisible y que cualquier ataque contra cualquiera de ellos es un ataque contra todos ellos\u00bb.<\/p>\n<p>Por ello, los estados del Golfo P\u00e9rsico est\u00e1n dispuestos a \u00abmovilizar todas sus capacidades para apoyar\u00bb a Catar y \u00abproteger su seguridad, estabilidad y soberan\u00eda ante cualquier amenaza\u00bb.<\/p>\n<p>\u00abPr\u00e1cticas criminales\u00bb de Israel<\/p>\n<p>Igualmente, advirti\u00f3 que la \u00abpersistencia\u00bb de Israel en sus \u00abpr\u00e1cticas criminales y su flagrante violaci\u00f3n de todas las normas y leyes internacionales, as\u00ed como de la Carta de las Naciones Unidas, podr\u00eda tener graves repercusiones que amenacen la seguridad y la paz regionales e internacionales\u00bb.<\/p>\n<p>\u00abEstas violaciones representan un precedente peligroso que no debe superarse ni permitirse sin la imposici\u00f3n de sanciones internacionales disuasorias\u00bb, asever\u00f3.<\/p>\n<p>Llamamiento a la comunidad internacional<\/p>\n<p>Durante la cumbre \u00e1rabe-isl\u00e1mica de emergencia, m\u00e1s de 50 pa\u00edses \u00e1rabes e isl\u00e1micos hicieron un llamamiento a la comunidad internacional para que tome medidas para imponer sanciones a Israel, revisar las relaciones diplom\u00e1ticas, excluir al Estado jud\u00edo como pa\u00eds miembro de la ONU y apoyar las \u00f3rdenes de arresto emitidas por la Corte Penal Internacional (CPI).<\/p>\n","protected":false},"excerpt":{"rendered":"El Cairo, (EFE).- Los pa\u00edses del Consejo de Cooperaci\u00f3n del Golfo (CCG) ordenaron este lunes al mando militar&hellip;\n","protected":false},"author":2,"featured_media":117744,"comment_status":"","ping_status":"","sticky":false,"template":"","format":"standard","meta":{"footnotes":""},"categories":[5],"tags":[17,18,70,25,24,13,14,11,74,19,20,9,10,15,16,5403,23,12,21,22],"class_list":{"0":"post-117743","1":"post","2":"type-post","3":"status-publish","4":"format-standard","5":"has-post-thumbnail","7":"category-titulares","8":"tag-breaking-news","9":"tag-breakingnews","10":"tag-conflictos","11":"tag-es","12":"tag-espana","13":"tag-featured-news","14":"tag-featurednews","15":"tag-headlines","16":"tag-israel","17":"tag-latest-news","18":"tag-latestnews","19":"tag-news","20":"tag-noticias","21":"tag-noticias-destacadas","22":"tag-noticiasdestacadas","23":"tag-oriente-medio","24":"tag-spain","25":"tag-titulares","26":"tag-ultimas-noticias","27":"tag-ultimasnoticias"},"share_on_mastodon":{"url":"","error":""},"_links":{"self":[{"href":"https:\/\/www.europesays.com\/es\/wp-json\/wp\/v2\/posts\/117743","targetHints":{"allow":["GET"]}}],"collection":[{"href":"https:\/\/www.europesays.com\/es\/wp-json\/wp\/v2\/posts"}],"about":[{"href":"https:\/\/www.europesays.com\/es\/wp-json\/wp\/v2\/types\/post"}],"author":[{"embeddable":true,"href":"https:\/\/www.europesays.com\/es\/wp-json\/wp\/v2\/users\/2"}],"replies":[{"embeddable":true,"href":"https:\/\/www.europesays.com\/es\/wp-json\/wp\/v2\/comments?post=117743"}],"version-history":[{"count":0,"href":"https:\/\/www.europesays.com\/es\/wp-json\/wp\/v2\/posts\/117743\/revisions"}],"wp:featuredmedia":[{"embeddable":true,"href":"https:\/\/www.europesays.com\/es\/wp-json\/wp\/v2\/media\/117744"}],"wp:attachment":[{"href":"https:\/\/www.europesays.com\/es\/wp-json\/wp\/v2\/media?parent=117743"}],"wp:term":[{"taxonomy":"category","embeddable":true,"href":"https:\/\/www.europesays.com\/es\/wp-json\/wp\/v2\/categories?post=117743"},{"taxonomy":"post_tag","embeddable":true,"href":"https:\/\/www.europesays.com\/es\/wp-json\/wp\/v2\/tags?post=117743"}],"curies":[{"name":"wp","href":"https:\/\/api.w.org\/{rel}","templated":true}]}}