{"id":117766,"date":"2025-09-16T01:19:08","date_gmt":"2025-09-16T01:19:08","guid":{"rendered":"https:\/\/www.europesays.com\/es\/117766\/"},"modified":"2025-09-16T01:19:08","modified_gmt":"2025-09-16T01:19:08","slug":"barcelona-golea-a-valencia-con-dobletes-de-raphinha-lewandowski-y-lopez","status":"publish","type":"post","link":"https:\/\/www.europesays.com\/es\/117766\/","title":{"rendered":"Barcelona golea a Valencia con dobletes de Raphinha, Lewandowski y L\u00f3pez"},"content":{"rendered":"\n<p>MADRID\u00a0\u2014\u00a0Al comp\u00e1s de dobletes de Raphinha, Robert Lewandowski y Ferm\u00edn L\u00f3pez, el Barcelona vapule\u00f3 el domingo 6-0 al Valencia en La Liga espa\u00f1ola el domingo.<\/p>\n<p>El partido se jug\u00f3 <a class=\"link\" href=\"https:\/\/apnews.com\/article\/barcelona-estadio-camp-nou-257e34ec8e94a8d1ece6dc125d34e924\" target=\"_blank\" rel=\"nofollow noopener\">en las instalaciones de entrenamiento<\/a> del Barcelona porque el club catal\u00e1n a\u00fan no tiene los permisos adecuados para reabrir el renovado estadio Camp Nou.<\/p>\n<p>Los reinantes campeones se llevaron la victoria a pesar de jugar sin el astro Lamine Yamal, quien se reincorpor\u00f3 al equipo con molestias del pubis tras disputar dos partidos con la selecci\u00f3n de Espa\u00f1a por las eliminatorias europeas rumbo al Mundial 2026.<\/p>\n<p>Fue el tercer triunfo en cuatro partidos este arranque de temporada para el Bar\u00e7a, que se coloc\u00f3 a dos puntos del l\u00edder Real Madrid, que el s\u00e1bado super\u00f3 a domicilio 2-1 a la Real Sociedad.<\/p>\n<p>\u201cEstoy muy contento con el rendimiento, desde el principio. Hemos jugado con intensidad y hemos jugado juntos\u201d, dijo el t\u00e9cnico azulgrana Hansi Flick. \u201cHemos visto c\u00f3mo el once ha jugado estupendamente y el resto tambi\u00e9n han aumentado el nivel\u201d.<\/p>\n<p>El Bar\u00e7a disput\u00f3 su primer partido de liga en casa de la temporada en el Estadi Johan Cruyff, con capacidad para 6.000 personas, mientras espera recibir los permisos que le permitir\u00e1n regresar al Camp Nou, que tendr\u00e1 capacidad para casi 100.000 aficionados.<\/p>\n<p>El Johan Cruyff suele albergar al equipo femenino del Barcelona y a los equipos de reserva y juveniles masculinos.<\/p>\n<p>El Bar\u00e7a fue local en el Estadio Ol\u00edmpico de la ciudad, de propiedad p\u00fablica, en las \u00faltimas dos temporada mientras se realizaban las obras de renovaci\u00f3n en el Camp Nou.<\/p>\n<p>En control<\/p>\n<p>Los azulgranas fueron una apisonadora desde el inicio contra el Valencia. L\u00f3pez anot\u00f3 sus goles a los 29 y 56 minutos, Raphinha marc\u00f3 a los 53 y 66, mientras que Lewandowski perfor\u00f3 las redes a los 76 y 86.<\/p>\n<p>Tanto Raphinha como Lewandowski anotaron sus goles despu\u00e9s de salir del banquillo. Informes no confirmados de medios espa\u00f1oles dijeron que Raphinha no fue titular porque lleg\u00f3 tarde al equipo a la sesi\u00f3n de activaci\u00f3n previa al partido. <\/p>\n<p>Flick explic\u00f3 m\u00e1s tarde que se trat\u00f3 una decisi\u00f3n t\u00e9cnica tras la participaci\u00f3n del atacante con Brasil en la \u00faltima doble fecha de las eliminatorias mundialistas de Sudam\u00e9rica, culminando con un partido en Bolivia.<\/p>\n<p>\u201cRaphinha ven\u00eda de una largo viaje. Tiene una gran mentalidad. S\u00f3lo podemos disponer de once jugadores, hay muchos. Es lo \u00fanico que puedo decir\u201d, indic\u00f3 Flick.<\/p>\n<p>Lewandowski, en su partido n\u00famero 150 con el Barcelona, no hab\u00eda anotado previamente para el club en esta temporada de la liga.<\/p>\n<p>\u201cEstuvimos en control desde el principio. Sab\u00edamos lo que ten\u00edamos que hacer para conseguir la victoria\u201d, dijo el centrocampista azulgrana Marc Casad\u00f3. \u201cJugamos nuestro juego. Las oportunidades de gol y los goles llegaron\u201d.<\/p>\n<p>El Valencia, situado cerca del fondo de la clasificaci\u00f3n con dos derrotas, apenas tuvo un remate a puerta.<\/p>\n<p>En los tres \u00faltimos partidos entre los clubes, el Barcelona supera 18-1 al Valencia.<\/p>\n<p>Otros resultados<\/p>\n<p>El Real Betis remont\u00f3 para empatar 2-2 con Levante, que hab\u00eda construido una ventaja de dos goles en los primeros 10 minutos.<\/p>\n<p>Osasuna se apunt\u00f3 su segunda victoria al vencer en casa 2-0 al Rayo Vallecano. El Celta de Vigo logr\u00f3 un empate 1-1 ante el visitante Girona gracias un penal en los descuentos que fue convertido por Borja Iglesias.<\/p>\n","protected":false},"excerpt":{"rendered":"MADRID\u00a0\u2014\u00a0Al comp\u00e1s de dobletes de Raphinha, Robert Lewandowski y Ferm\u00edn L\u00f3pez, el Barcelona vapule\u00f3 el domingo 6-0 al&hellip;\n","protected":false},"author":2,"featured_media":117767,"comment_status":"","ping_status":"","sticky":false,"template":"","format":"standard","meta":{"footnotes":""},"categories":[93],"tags":[2296,210,1798,168,1354,622,25,24,1489,3689,17435,1044,7355,1045,11679,23,167,1152,235,1261],"class_list":{"0":"post-117766","1":"post","2":"type-post","3":"status-publish","4":"format-standard","5":"has-post-thumbnail","7":"category-deportes","8":"tag-barca","9":"tag-barcelona","10":"tag-club","11":"tag-deportes","12":"tag-doblete","13":"tag-equipo","14":"tag-es","15":"tag-espana","16":"tag-espanol","17":"tag-gol","18":"tag-lewandowski","19":"tag-liga","20":"tag-lopez","21":"tag-partido","22":"tag-raphinha","23":"tag-spain","24":"tag-sports","25":"tag-temporada","26":"tag-valencia","27":"tag-victoria"},"share_on_mastodon":{"url":"","error":""},"_links":{"self":[{"href":"https:\/\/www.europesays.com\/es\/wp-json\/wp\/v2\/posts\/117766","targetHints":{"allow":["GET"]}}],"collection":[{"href":"https:\/\/www.europesays.com\/es\/wp-json\/wp\/v2\/posts"}],"about":[{"href":"https:\/\/www.europesays.com\/es\/wp-json\/wp\/v2\/types\/post"}],"author":[{"embeddable":true,"href":"https:\/\/www.europesays.com\/es\/wp-json\/wp\/v2\/users\/2"}],"replies":[{"embeddable":true,"href":"https:\/\/www.europesays.com\/es\/wp-json\/wp\/v2\/comments?post=117766"}],"version-history":[{"count":0,"href":"https:\/\/www.europesays.com\/es\/wp-json\/wp\/v2\/posts\/117766\/revisions"}],"wp:featuredmedia":[{"embeddable":true,"href":"https:\/\/www.europesays.com\/es\/wp-json\/wp\/v2\/media\/117767"}],"wp:attachment":[{"href":"https:\/\/www.europesays.com\/es\/wp-json\/wp\/v2\/media?parent=117766"}],"wp:term":[{"taxonomy":"category","embeddable":true,"href":"https:\/\/www.europesays.com\/es\/wp-json\/wp\/v2\/categories?post=117766"},{"taxonomy":"post_tag","embeddable":true,"href":"https:\/\/www.europesays.com\/es\/wp-json\/wp\/v2\/tags?post=117766"}],"curies":[{"name":"wp","href":"https:\/\/api.w.org\/{rel}","templated":true}]}}