{"id":117768,"date":"2025-09-16T01:20:13","date_gmt":"2025-09-16T01:20:13","guid":{"rendered":"https:\/\/www.europesays.com\/es\/117768\/"},"modified":"2025-09-16T01:20:13","modified_gmt":"2025-09-16T01:20:13","slug":"evidencian-la-necesidad-de-integrar-programas-para-dejar-de-fumar-durante-la-atencion-oncologica","status":"publish","type":"post","link":"https:\/\/www.europesays.com\/es\/117768\/","title":{"rendered":"Evidencian la necesidad de integrar programas para dejar de fumar durante la atenci\u00f3n oncol\u00f3gica"},"content":{"rendered":"<p class=\"mostrar-fragmento\">Hasta un 85 % de los pacientes con c\u00e1ncer de pulm\u00f3n informan antecedentes de tabaquismo, incluso, aproximadamente, entre el 30 % y el 40 % fuman activamente en el momento del diagn\u00f3stico. Dados los importantes efectos pron\u00f3sticos conocidos del tabaquismo en el momento del diagn\u00f3stico sobre la supervivencia, la combinaci\u00f3n de &#8230;            &#13;\n        <\/p>\n<p> &#13;<br \/>\n&#13;<br \/>\n&#13;<br \/>\n&#13;<\/p>\n<p>Hasta un 85 % de los pacientes con c\u00e1ncer de pulm\u00f3n informan antecedentes de tabaquismo, incluso, aproximadamente, <strong>entre el 30 % y el 40 % fuman activamente en el momento del diagn\u00f3stico.<\/strong><\/p>\n<p>Dados los importantes efectos pron\u00f3sticos conocidos del tabaquismo en el momento del diagn\u00f3stico sobre la supervivencia, <strong>la combinaci\u00f3n de los antecedentes de tabaquismo con el sistema de clasificaci\u00f3n del estadio del c\u00e1ncer de pulm\u00f3n <\/strong>puede ayudar a mejorar su valor pron\u00f3stico. As\u00ed lo sugiere un estudio realizado por investigadores del\u00a0Centro Oncol\u00f3gico Markey de la Universidad de Kentucky (EEUU), cuyo objetivo se centr\u00f3 en\u00a0examinar si el tabaquismo podr\u00eda influir en la estadificaci\u00f3n tradicional del c\u00e1ncer de pulm\u00f3n.<\/p>\n<p>\u00abFumar tiene un efecto tan significativo en la supervivencia del c\u00e1ncer de pulm\u00f3n que quisimos analizar c\u00f3mo afecta la estadificaci\u00f3n\u00bb, afirm\u00f3 <strong>Graham Warren,\u00a0<\/strong>profesor y vicepresidente de investigaci\u00f3n cl\u00ednica del Departamento de Medicina Radiol\u00f3gica del Colegio de Medicina del Reino Unido.<\/p>\n<p>Seg\u00fan exponen los autores del trabajo publicado en el &#8216;Journal of Thoracic Oncology&#8217;,\u00a0l<strong>a estadificaci\u00f3n del c\u00e1ncer, que los m\u00e9dicos determinan al momento del diagn\u00f3stico<\/strong>, se basa en factores como el tama\u00f1o del tumor, su ubicaci\u00f3n y si se ha diseminado por el cuerpo. Dicha estadificaci\u00f3n ayuda a predecir el pron\u00f3stico y planificar el tratamiento.<\/p>\n<p> &#13;<br \/>\n&#13;<br \/>\n&#13;<\/p>\n<p>El estudio, que analiz\u00f3 datos de casi 49.000 pacientes con c\u00e1ncer de pulm\u00f3n en 25 pa\u00edses que se utilizaron para definir la estadificaci\u00f3n actual del c\u00e1ncer de pulm\u00f3n, mostr\u00f3 que el estado de tabaquismo puede ser m\u00e1s importante que algunos de esos factores de estadificaci\u00f3n tradicionales para determinar el pron\u00f3stico del c\u00e1ncer de pulm\u00f3n.<\/p>\n<p>El estudio utiliz\u00f3 un an\u00e1lisis estad\u00edstico avanzado para comparar la importancia del tabaquismo con los factores de estadificaci\u00f3n tradicionales. En pacientes con enfermedad en etapa temprana, el <strong>tabaquismo tuvo un mayor impacto en el pron\u00f3stico<\/strong> que la propagaci\u00f3n del c\u00e1ncer a los ganglios linf\u00e1ticos cercanos.<\/p>\n<p>En concreto, seg\u00fan los resultados del trabajo, los pacientes que fuman actualmente o que fumaron anteriormente tienen tasas de supervivencia similares a las de los pacientes en la etapa superior del c\u00e1ncer que nunca fumaron. Las tasas de supervivencia de los pacientes que fuman actualmente fueron un 39 % m\u00e1s bajas que las de quienes nunca fumaron, y un 32 % m\u00e1s bajas para los pacientes que fumaron anteriormente.<\/p>\n<p>Los hallazgos respaldan la urgente necesidad de integrar programas para dejar de fumar en la atenci\u00f3n oncol\u00f3gica, seg\u00fan los autores.\u00bbEste estudio demuestra que fumar puede tener un efecto sustancial en la supervivencia para la estadificaci\u00f3n del c\u00e1ncer de pulm\u00f3n y, al demostrar esta importancia, puede cambiar la forma en que abordamos el diagn\u00f3stico y las decisiones sobre el tratamiento del c\u00e1ncer\u00bb, concluy\u00f3 el prof.\u00a0Warren.<\/p>\n<p>\u00a0<\/p>\n<p>&#13;<br \/>\n            SEGUIR LEYENDO&#13;\n        <\/p>\n","protected":false},"excerpt":{"rendered":"Hasta un 85 % de los pacientes con c\u00e1ncer de pulm\u00f3n informan antecedentes de tabaquismo, incluso, aproximadamente, entre&hellip;\n","protected":false},"author":2,"featured_media":117769,"comment_status":"","ping_status":"","sticky":false,"template":"","format":"standard","meta":{"footnotes":""},"categories":[92],"tags":[5505,371,1348,1066,11072,1512,39273,39272,22776,1497,907,17692,987,7291,23510,25,24,39270,8834,24566,4211,165,908,28447,8361,2181,39271,15068,24025,3256,885,166,8643,23,21422,8402,1064],"class_list":{"0":"post-117768","1":"post","2":"type-post","3":"status-publish","4":"format-standard","5":"has-post-thumbnail","7":"category-salud","8":"tag-afecta","9":"tag-ahi","10":"tag-atencion","11":"tag-cancer","12":"tag-causa","13":"tag-central","14":"tag-componente","15":"tag-considerarlo","16":"tag-continuar","17":"tag-critica","18":"tag-debe","19":"tag-dejar","20":"tag-despues","21":"tag-diagnostico","22":"tag-empeora","23":"tag-es","24":"tag-espana","25":"tag-evidencian","26":"tag-factor","27":"tag-fumando","28":"tag-fumar","29":"tag-health","30":"tag-importante","31":"tag-integrar","32":"tag-intervencion","33":"tag-necesidad","34":"tag-oncologica","35":"tag-principal","36":"tag-programas","37":"tag-pulmon","38":"tag-resultados","39":"tag-salud","40":"tag-ser","41":"tag-spain","42":"tag-tabaquismo","43":"tag-terapeutica","44":"tag-tratamiento"},"share_on_mastodon":{"url":"","error":""},"_links":{"self":[{"href":"https:\/\/www.europesays.com\/es\/wp-json\/wp\/v2\/posts\/117768","targetHints":{"allow":["GET"]}}],"collection":[{"href":"https:\/\/www.europesays.com\/es\/wp-json\/wp\/v2\/posts"}],"about":[{"href":"https:\/\/www.europesays.com\/es\/wp-json\/wp\/v2\/types\/post"}],"author":[{"embeddable":true,"href":"https:\/\/www.europesays.com\/es\/wp-json\/wp\/v2\/users\/2"}],"replies":[{"embeddable":true,"href":"https:\/\/www.europesays.com\/es\/wp-json\/wp\/v2\/comments?post=117768"}],"version-history":[{"count":0,"href":"https:\/\/www.europesays.com\/es\/wp-json\/wp\/v2\/posts\/117768\/revisions"}],"wp:featuredmedia":[{"embeddable":true,"href":"https:\/\/www.europesays.com\/es\/wp-json\/wp\/v2\/media\/117769"}],"wp:attachment":[{"href":"https:\/\/www.europesays.com\/es\/wp-json\/wp\/v2\/media?parent=117768"}],"wp:term":[{"taxonomy":"category","embeddable":true,"href":"https:\/\/www.europesays.com\/es\/wp-json\/wp\/v2\/categories?post=117768"},{"taxonomy":"post_tag","embeddable":true,"href":"https:\/\/www.europesays.com\/es\/wp-json\/wp\/v2\/tags?post=117768"}],"curies":[{"name":"wp","href":"https:\/\/api.w.org\/{rel}","templated":true}]}}