{"id":117770,"date":"2025-09-16T01:21:21","date_gmt":"2025-09-16T01:21:21","guid":{"rendered":"https:\/\/www.europesays.com\/es\/117770\/"},"modified":"2025-09-16T01:21:21","modified_gmt":"2025-09-16T01:21:21","slug":"el-duque-de-kent-arropado-por-su-familia-encabeza-la-vigilia-previa-al-funeral-de-su-esposa","status":"publish","type":"post","link":"https:\/\/www.europesays.com\/es\/117770\/","title":{"rendered":"El duque de Kent, arropado por su familia, encabeza la vigilia previa al funeral de su esposa"},"content":{"rendered":"<p id=\"eFLRFaVGrP\" data-wc=\"130\">Reino Unido se prepara para despedir a uno de los miembros m\u00e1s queridos de la Familia Real brit\u00e1nica<a class=\"hm-link ho-link\" href=\"https:\/\/www.hola.com\/realeza\/casa_inglesa\/20250911854766\/duquesa-de-kent-generacion-que-acompano-a-isabel-ii-desde-las-sombras\/\" data-mrf-recirculation=\"article-body-link\" rel=\"nofollow noopener\" target=\"_blank\">: la duquesa de Kent, que muri\u00f3 el pasado 4 de septiembre a los 92 a\u00f1os<\/a><strong>,<\/strong> rodeada de sus \u00edntimos tras una vida intensa y fascinante que gir\u00f3 en torno a tres ejes: la discreci\u00f3n, la lealtad a Isabel II y su pasi\u00f3n por la docencia. El martes 16 de septiembre, 12 d\u00edas despu\u00e9s de su fallecimiento, los Windsor la despedir\u00e1n en la Catedral de Westminster, donde se celebrar\u00e1 <strong>el primer funeral cat\u00f3lico que se recuerda<\/strong> en la historia brit\u00e1nica moderna de la realeza del pa\u00eds. En la v\u00edspera del solemne acto, <strong>sus restos mortales se han trasladado hasta el citado templo para llevar a cabo una vigilia privada encabezada por su viudo.<\/strong><\/p>\n<p> <img src=\"https:\/\/www.europesays.com\/es\/wp-content\/uploads\/2025\/09\/7cf1bda88b06-dlu590945031.jpg\"   width=\"682\" height=\"1024\" loading=\"lazy\" decoding=\"async\" alt=\"&#10;El duque de Kent y su hija en la vigilia previa al funeral de su esposa, la duquesa de Kent&#10;&#10;&#10;&#10;&#10;\/\/ROOKETIM_DSC_8515\/Credit:Tim Rooke\/SIPA\/2509151849 *** Local Caption *** .\" fetchpriority=\"auto\" class=\"image ho-image\"\/>\u00a9 GTRES<\/p>\n<p id=\"edHq7_Qy08s\" data-wc=\"118\">Los restos mortales de \u00a0Katharine Lucy Mary Worsley han sido trasladados desde su residencia del Palacio de Kensington hasta la Catedral de Westminster para una vigilia privada. Un recorrido de algo m\u00e1s de 3 kil\u00f3metros en el que el ata\u00fad estaba envuelto en el estandarte real con un borde de armi\u00f1o blanco, lo que significaba que era la esposa de un pr\u00edncipe. <strong>El coche f\u00fanebre ha estado precedido de un gaitero de la Guardia Real de Dragones, de la que la Duquesa fue Coronel en Jefe Adjunto desde su creaci\u00f3n 1992<\/strong>. Tambi\u00e9n este regimiento estaba presente para recibir al f\u00e9retro en el templo, que es la sede del arzobispo primado de la Iglesia cat\u00f3lica en Inglaterra y Gales.<\/p>\n<p> <img src=\"https:\/\/www.europesays.com\/es\/wp-content\/uploads\/2025\/09\/b705531db718-gettyimages-2235103036.jpg\"   width=\"1024\" height=\"682\" loading=\"lazy\" decoding=\"async\" alt=\"Vigilia previa al funeral de la duquesa de Kent, en la catedral de Westminster\" fetchpriority=\"auto\" class=\"image ho-image\"\/>\u00a9 Getty Images<\/p>\n<p> <img src=\"https:\/\/www.europesays.com\/es\/wp-content\/uploads\/2025\/09\/db63ae31f501-gettyimages-2235103042.jpg\"   width=\"1024\" height=\"659\" loading=\"lazy\" decoding=\"async\" alt=\"Vigilia previa al funeral de la duquesa de Kent, en la catedral de Westminster\" fetchpriority=\"auto\" class=\"image ho-image\"\/>\u00a9 Getty Images<\/p>\n<p> <img src=\"https:\/\/www.europesays.com\/es\/wp-content\/uploads\/2025\/09\/85c6e4150457-gettyimages-2235103251.jpg\"   width=\"1024\" height=\"682\" loading=\"lazy\" decoding=\"async\" alt=\"Vigilia previa al funeral de la duquesa de Kent, en la catedral de Westminster\" fetchpriority=\"auto\" class=\"image ho-image\"\/>\u00a9 Getty Images<\/p>\n<p id=\"e10b9a6ZQr\" data-wc=\"122\">\u00a0<strong>A las puertas de la Catedral de Westminster hemos visto por primera vez al duque de Kent y a sus hijos, desolados por perder a la que era un pilar fundamental para ellos. <\/strong>El primo de Isabel II, caminando con la ayuda de un bast\u00f3n, ha sido recibido por el padre Slawomir Wito\u0144, de\u00e1n del templo. En todo momento ha estado acompa\u00f1ado por su hija, Lady Helen Taylor, vestida de riguroso luto como marca el protocolo. El matrimonio tambi\u00e9n tuvo al conde de St, Andrews, George Windsor, y a Lord Nicholas Windsor. Adem\u00e1s, ten\u00edan diez nietos entre los que destacan Lady Amelia Windsor y <a class=\"hm-link ho-link\" href=\"https:\/\/www.hola.com\/realeza\/casa_inglesa\/20250608836786\/marina-windsor-prima-principe-guillermo-principe-harry-anunica-compromiso-sorpresa\/\" data-mrf-recirculation=\"article-body-link\" rel=\"nofollow noopener\" target=\"_blank\">Lady Marina Windsor, quien anunci\u00f3 su compromiso el pasado mes de junio<\/a>. Ambas han participado en la vigilia.<\/p>\n<p> <img src=\"https:\/\/www.europesays.com\/es\/wp-content\/uploads\/2025\/09\/07e1ea794341-gettyimages-2235102856.jpg\"   width=\"1024\" height=\"673\" loading=\"lazy\" decoding=\"async\" alt=\"El duque de Kent y su hija en la vigilia previa al funeral de su esposa, la duquesa de Kent\" fetchpriority=\"auto\" class=\"image ho-image\"\/>\u00a9 Getty Images<\/p>\n<p id=\"eEUUGCNO8_G\" data-wc=\"82\">Unos 20 minutos antes de la llegada del f\u00e9retro, familiares y amigos \u00edntimos han comenzado a acceder a la Catedral. Muchos de ellos han acudido en un minib\u00fas negro, mientras que otros se han desplazado en coches privados.<strong> Entre los primeros asistentes, los pr\u00edncipes Michael de Kent, cu\u00f1ados de la fallecida. <\/strong>Tambi\u00e9n su hijo y su nuera, Lord y Lady Frederick Windsor; y su hija, Lady Gabriella Windsor. No ha faltado Alexandra de Kent, quien tambi\u00e9n es hermana del duque de Kent.<\/p>\n<p> <img src=\"https:\/\/www.europesays.com\/es\/wp-content\/uploads\/2025\/09\/5d66afed21a9-gettyimages-2235103194.jpg\"   width=\"1024\" height=\"687\" loading=\"lazy\" decoding=\"async\" alt=\"El pr\u00edncipe Michael de Kent en la vigilia previa al funeral de la duquesa de Kent\" fetchpriority=\"auto\" class=\"image ho-image\"\/>\u00a9 Getty Images<\/p>\n<p> <img src=\"https:\/\/www.europesays.com\/es\/wp-content\/uploads\/2025\/09\/f1273244677f-dlu590945015.jpg\"   width=\"682\" height=\"1024\" loading=\"lazy\" decoding=\"async\" alt=\"Lord and Lady Frederick Windsor en la vigilia previa al funeral de la duquesa de Kent\" fetchpriority=\"auto\" class=\"image ho-image\"\/>\u00a9 GTRES<\/p>\n<p> <img src=\"https:\/\/www.europesays.com\/es\/wp-content\/uploads\/2025\/09\/4304d000ce0e-dlu590945014.jpg\"   width=\"682\" height=\"1024\" loading=\"lazy\" decoding=\"async\" alt=\"Lord Frederick Windsor y Lady Gabriella Windsor en la vigilia previa al funeral de la duquesa de Kent\" fetchpriority=\"auto\" class=\"image ho-image\"\/>\u00a9 GTRES<\/p>\n<p id=\"eYnI4W-ygj\" data-wc=\"144\">El<strong>\u00a0f\u00e9retro reposar\u00e1 durante la noche en la Capilla de la Sant\u00edsima Virgen Mar\u00eda<\/strong> <strong>antes de la Misa de R\u00e9quiem, que reunir\u00e1 a gran parte de la Familia Real.<\/strong> El funeral ser\u00e1 oficiado por el cardenal arzobispo de Westminster, el cardenal Vincent Nichols, con la participaci\u00f3n adicional del obispo James Curry, obispo auxiliar de Westminster, y el de\u00e1n de Windsor. La Duquesa se convirti\u00f3 al catolicismo en 1994, siendo el primer miembro de la Familia Real en m\u00e1s de 300 a\u00f1os, y su deseo era que su funeral se celebrara en la Catedral, la iglesia cat\u00f3lica romana m\u00e1s grande de Inglaterra y Gales. As\u00ed va a ser. Tras la misa, en la que estar\u00e1n los reyes Carlos y Camilla, adem\u00e1s de otros miembros de la realeza, el f\u00e9retro ser\u00e1 trasladado en coche f\u00fanebre al Cementerio Real de Frogmore, en Windsor, donde descansar\u00e1 para siempre.\u00a0<\/p>\n<p><\/p>\n","protected":false},"excerpt":{"rendered":"Reino Unido se prepara para despedir a uno de los miembros m\u00e1s queridos de la Familia Real brit\u00e1nica:&hellip;\n","protected":false},"author":2,"featured_media":117771,"comment_status":"","ping_status":"","sticky":false,"template":"","format":"standard","meta":{"footnotes":""},"categories":[91],"tags":[146,147,25,24,1027,6856,23],"class_list":{"0":"post-117770","1":"post","2":"type-post","3":"status-publish","4":"format-standard","5":"has-post-thumbnail","7":"category-entretenimiento","8":"tag-entertainment","9":"tag-entretenimiento","10":"tag-es","11":"tag-espana","12":"tag-realeza","13":"tag-realeza-inglesa","14":"tag-spain"},"share_on_mastodon":{"url":"","error":""},"_links":{"self":[{"href":"https:\/\/www.europesays.com\/es\/wp-json\/wp\/v2\/posts\/117770","targetHints":{"allow":["GET"]}}],"collection":[{"href":"https:\/\/www.europesays.com\/es\/wp-json\/wp\/v2\/posts"}],"about":[{"href":"https:\/\/www.europesays.com\/es\/wp-json\/wp\/v2\/types\/post"}],"author":[{"embeddable":true,"href":"https:\/\/www.europesays.com\/es\/wp-json\/wp\/v2\/users\/2"}],"replies":[{"embeddable":true,"href":"https:\/\/www.europesays.com\/es\/wp-json\/wp\/v2\/comments?post=117770"}],"version-history":[{"count":0,"href":"https:\/\/www.europesays.com\/es\/wp-json\/wp\/v2\/posts\/117770\/revisions"}],"wp:featuredmedia":[{"embeddable":true,"href":"https:\/\/www.europesays.com\/es\/wp-json\/wp\/v2\/media\/117771"}],"wp:attachment":[{"href":"https:\/\/www.europesays.com\/es\/wp-json\/wp\/v2\/media?parent=117770"}],"wp:term":[{"taxonomy":"category","embeddable":true,"href":"https:\/\/www.europesays.com\/es\/wp-json\/wp\/v2\/categories?post=117770"},{"taxonomy":"post_tag","embeddable":true,"href":"https:\/\/www.europesays.com\/es\/wp-json\/wp\/v2\/tags?post=117770"}],"curies":[{"name":"wp","href":"https:\/\/api.w.org\/{rel}","templated":true}]}}