{"id":117781,"date":"2025-09-16T01:31:09","date_gmt":"2025-09-16T01:31:09","guid":{"rendered":"https:\/\/www.europesays.com\/es\/117781\/"},"modified":"2025-09-16T01:31:09","modified_gmt":"2025-09-16T01:31:09","slug":"el-viaje-de-rafael-jodar-de-idolatrar-a-nadal-a-forjar-su-prometedor-camino-atp-tour","status":"publish","type":"post","link":"https:\/\/www.europesays.com\/es\/117781\/","title":{"rendered":"El viaje de Rafael J\u00f3dar: De idolatrar a Nadal a forjar su prometedor camino | ATP Tour"},"content":{"rendered":"<p>        ATP Tour<br \/>\n    El viaje de Rafael J\u00f3dar: De idolatrar a Nadal a forjar su prometedor camino<\/p>\n<p>El espa\u00f1ol, estudiante de la Universidad de Virginia, gan\u00f3 en agosto su primer t\u00edtulo en el ATP Challenger Tour<\/p>\n<p>September 15, 2025<\/p>\n<p>            <img decoding=\"async\" src=\"https:\/\/www.europesays.com\/es\/wp-content\/uploads\/2025\/09\/jodar-milanch-2025.jpg\" alt=\"\"\/><\/p>\n<p>Francesco Peluso<\/p>\n<p>        By Grant Thompson<\/p>\n<p>No es de extra\u00f1ar que un ni\u00f1o criado en Madrid, la capital de Espa\u00f1a, idolatre a <a href=\"https:\/\/www.atptour.com\/es\/players\/rafael-nadal\/n409\/overview\" rel=\"nofollow noopener\" target=\"_blank\">Rafael Nadal<\/a>. Lo que s\u00ed es llamativo es que lleve su nombre y que est\u00e9 dando pasos de gigante hacia el ATP Tour sin haber cumplido los 20 a\u00f1os e inspirado en el 22 veces campe\u00f3n de Grand Slam.<br \/>\u00a0<br \/>Rafael J\u00f3dar, nacido en septiembre de 2006 cuando Nadal ya contaba con dos t\u00edtulos de majors, se perfila como uno de los tenistas a seguir en el ATP Challenger Tour.<br \/>\u00a0<br \/>Los \u00faltimos 12 meses de J\u00f3dar han estado plagados de victorias trascendentales y momentos memorables, dentro y fuera de la pista. Gan\u00f3 el t\u00edtulo individual masculino del <a href=\"https:\/\/www.atptour.com\/es\/tournaments\/us-open\/560\/overview\" rel=\"nofollow noopener\" target=\"_blank\">US Open<\/a> junior en 2024. \u201cFue una de las mejores semanas de mi vida\u201d, dijo. Y el mes pasado, un a\u00f1o despu\u00e9s de su triunfo en Flushing Meadows, el jugador criado en Madrid gan\u00f3 su primer t\u00edtulo del ATP Challenger Tour.<\/p>\n<p><a rel=\"noopener noreferrer nofollow\" href=\"https:\/\/www.atptour.com\/en\/news\/it-all-adds-up-hub\" target=\"_blank\"><img decoding=\"async\" alt=\"It All Adds Up\" src=\"https:\/\/www.europesays.com\/es\/wp-content\/uploads\/2025\/09\/1757986269_476_it-all-adds-up-banner.jpg\"\/><\/a><\/p>\n<p> Pero nada en este lapso supera un acontecimiento por fuera de las pistas: hablar con Nadal en diciembre.<br \/>\u00a0<br \/>\u201cEstuve en las Next Gen ATP Finals [como sparring], y \u00e9l estaba all\u00ed. Tuve la oportunidad de conocerlo y conversamos durante 10 o 15 minutos, y me felicit\u00f3 por el <a href=\"https:\/\/www.atptour.com\/es\/tournaments\/us-open\/560\/overview\" rel=\"nofollow noopener\" target=\"_blank\">US Open<\/a>\u201d, declar\u00f3 Jodar a ATPTour.com. \u201cCuando lo conoc\u00ed y supo que hab\u00eda ganado el <a href=\"https:\/\/www.atptour.com\/es\/tournaments\/us-open\/560\/overview\" rel=\"nofollow noopener\" target=\"_blank\">US Open<\/a>, me di cuenta de que conoc\u00eda a los jugadores espa\u00f1oles y su rendimiento. As\u00ed que est\u00e1 muy interesado en ellos y fue un placer hablar con \u00e9l\u201d.<br \/>\u00a0<br \/>Nadal se retir\u00f3 del tenis profesional el pasado noviembre, un mes antes de cruzarse con Jodar en Yeda. En una ilustre carrera, Nadal acumul\u00f3 92 t\u00edtulos del circuito y alcanz\u00f3 r\u00e9cords aparentemente intocables, incluyendo 14 trofeos de <a href=\"https:\/\/www.atptour.com\/es\/tournaments\/roland-garros\/520\/overview\" rel=\"nofollow noopener\" target=\"_blank\">Roland Garros<\/a>. Jodar admira el legado de su compatriota.<\/p>\n<p><img alt=\"&lt;a href=\" https:=\"\"\/>Rafael Jodar wins the 2024 <a href=\"https:\/\/www.atptour.com\/es\/tournaments\/us-open\/560\/overview\" rel=\"nofollow noopener\" target=\"_blank\">US Open<\/a> boys\u2019 singles title.\u00bb src=\u00bbhttps:\/\/www.atptour.com\/-\/media\/images\/news\/2025\/09\/15\/19\/17\/jodar-usopen-2024-title.jpg\u00bb&gt;<br \/><a href=\"https:\/\/www.atptour.com\/es\/players\/rafael-jodar\/j0dz\/overview\" rel=\"nofollow noopener\" target=\"_blank\">Rafael Jodar<\/a> gan\u00f3 el <a href=\"https:\/\/www.atptour.com\/es\/tournaments\/us-open\/560\/overview\" rel=\"nofollow noopener\" target=\"_blank\">US Open<\/a> junior en 2024. Cr\u00e9dito: Matthew Stockman\/Getty Images <\/p>\n<p> \u201cEs inspirador mirar atr\u00e1s y ver todo lo que ha hecho, no solo por el tenis, sino por el deporte espa\u00f1ol en general. Desde mi punto de vista, consideramos a Rafa Nadal uno de los mejores deportistas espa\u00f1oles de todos los tiempos\u201d, dijo Jodar. \u201cY eso es incre\u00edble, todos los logros que ha alcanzado son impresionantes\u201d.<br \/>\u00a0<br \/>Nacido en Madrid, Jodar cogi\u00f3 una raqueta a los cuatro a\u00f1os y a los seis jugaba en el Club de Tenis Chamart\u00edn. A los 12 a\u00f1os, dej\u00f3 el f\u00fatbol para centrarse exclusivamente en el tenis.<br \/>\u00a0<br \/>Hijo \u00fanico de dos profesores, Jodar era un asistente habitual al torneo ATP Masters 1000 en su ciudad natal. Recuerda con cari\u00f1o haber presenciado dos batallas \u00e9picas en la Caja M\u00e1gica: la victoria sorpresiva de <a href=\"https:\/\/www.atptour.com\/es\/players\/nick-kyrgios\/ke17\/overview\" rel=\"nofollow noopener\" target=\"_blank\">Nick Kyrgios<\/a> sobre <a href=\"https:\/\/www.atptour.com\/es\/players\/roger-federer\/f324\/overview\" rel=\"nofollow noopener\" target=\"_blank\">Roger Federer<\/a> en 2015 y el triunfo de <a href=\"https:\/\/www.atptour.com\/es\/players\/grigor-dimitrov\/d875\/overview\" rel=\"nofollow noopener\" target=\"_blank\">Grigor Dimitrov<\/a> en tres horas sobre <a href=\"https:\/\/www.atptour.com\/es\/players\/novak-djokovic\/d643\/overview\" rel=\"nofollow noopener\" target=\"_blank\">Novak Djokovic<\/a> en un emocionante partido de 2013.<br \/>\u00a0<br \/>\u201cRecuerdo haber visto ese partido en la cancha central y fue uno de los mejores que he visto en directo\u201d, dijo Jodar sobre el choque Dimitrov-Djokovic. \u201cEra muy joven, as\u00ed que no s\u00e9 c\u00f3mo recuerdo ese partido, pero me impresion\u00f3\u201d.<br \/>\u00a0<br \/>\u201cMe divert\u00ed much\u00edsimo yendo al torneo. Recuerdo que ten\u00edamos entradas para ciertos d\u00edas y estaba s\u00faper emocionado por ir\u201d.<br \/>\u00a0<br \/>Ahora, estudiante de segundo a\u00f1o en la Universidad de Virginia, Jodar est\u00e1 compaginando cinco clases este semestre mientras compite en torneos universitarios y profesionales. Como estudiante de primer a\u00f1o en la UVA, tuvo un impacto inmediato, obteniendo el premio al Novato Nacional del A\u00f1o de la ITA y el estatus All-American.<br \/>\u00a0<br \/>\u201cTen\u00eda dos opciones justo despu\u00e9s de mi carrera juvenil: ser profesional o ir a la universidad. Eleg\u00ed la universidad porque creo que Virginia es un gran lugar para crecer como tenista\u201d, dijo Jodar. \u201cEst\u00e1s rodeado de buena gente, buenos entrenadores, una cultura que te ayuda mucho a desarrollarte\u201d.<br \/>\u00a0<br \/>Jodar ocupa el segundo puesto en el ranking individual de pretemporada de la ITA, solo por detr\u00e1s del vigente campe\u00f3n de la NCAA, <a href=\"https:\/\/www.atptour.com\/es\/players\/michael-zheng\/z0bz\/overview\" rel=\"nofollow noopener\" target=\"_blank\">Michael Zheng<\/a>. Gracias a su \u00e9xito en su primer a\u00f1o, Jodar se clasific\u00f3 para el ATP Next Gen Accelerator, un programa que busca ampliar el camino de desarrollo de los mejores jugadores del sistema universitario estadounidense para acceder directamente a determinados torneos Challenger.<br \/>\u00a0<br \/>\u201cCreo que es fant\u00e1stico dar oportunidades a los j\u00f3venes jugadores para que se desarrollen m\u00e1s r\u00e1pido en el circuito profesional\u201d, declar\u00f3 Jodar. \u201cLa ATP est\u00e1 haciendo un gran trabajo al brindarles m\u00e1s oportunidades para que puedan sumar puntos al principio de sus carreras, ascender en el ranking y acceder a mejores torneos. Estoy muy contento de haber podido jugar ocho o nueve Challengers este a\u00f1o\u201d.<br \/>\u00a0<br \/>En el Challenger de Hersonissos del mes pasado en Grecia, Jodar se alz\u00f3 con el t\u00edtulo en lo que fue su novena participaci\u00f3n en ese nivel. Celebrando su 19\u00b0 cumplea\u00f1os esta semana, Jodar es solo el comienzo.<\/p>\n<p><br class=\"t-last-br\"\/><\/p>\n","protected":false},"excerpt":{"rendered":"ATP Tour El viaje de Rafael J\u00f3dar: De idolatrar a Nadal a forjar su prometedor camino El espa\u00f1ol,&hellip;\n","protected":false},"author":2,"featured_media":117782,"comment_status":"","ping_status":"","sticky":false,"template":"","format":"standard","meta":{"footnotes":""},"categories":[274],"tags":[168,25,24,23,167,327,326],"class_list":{"0":"post-117781","1":"post","2":"type-post","3":"status-publish","4":"format-standard","5":"has-post-thumbnail","7":"category-tenis","8":"tag-deportes","9":"tag-es","10":"tag-espana","11":"tag-spain","12":"tag-sports","13":"tag-tenis","14":"tag-tennis"},"share_on_mastodon":{"url":"","error":""},"_links":{"self":[{"href":"https:\/\/www.europesays.com\/es\/wp-json\/wp\/v2\/posts\/117781","targetHints":{"allow":["GET"]}}],"collection":[{"href":"https:\/\/www.europesays.com\/es\/wp-json\/wp\/v2\/posts"}],"about":[{"href":"https:\/\/www.europesays.com\/es\/wp-json\/wp\/v2\/types\/post"}],"author":[{"embeddable":true,"href":"https:\/\/www.europesays.com\/es\/wp-json\/wp\/v2\/users\/2"}],"replies":[{"embeddable":true,"href":"https:\/\/www.europesays.com\/es\/wp-json\/wp\/v2\/comments?post=117781"}],"version-history":[{"count":0,"href":"https:\/\/www.europesays.com\/es\/wp-json\/wp\/v2\/posts\/117781\/revisions"}],"wp:featuredmedia":[{"embeddable":true,"href":"https:\/\/www.europesays.com\/es\/wp-json\/wp\/v2\/media\/117782"}],"wp:attachment":[{"href":"https:\/\/www.europesays.com\/es\/wp-json\/wp\/v2\/media?parent=117781"}],"wp:term":[{"taxonomy":"category","embeddable":true,"href":"https:\/\/www.europesays.com\/es\/wp-json\/wp\/v2\/categories?post=117781"},{"taxonomy":"post_tag","embeddable":true,"href":"https:\/\/www.europesays.com\/es\/wp-json\/wp\/v2\/tags?post=117781"}],"curies":[{"name":"wp","href":"https:\/\/api.w.org\/{rel}","templated":true}]}}