{"id":117803,"date":"2025-09-16T01:44:10","date_gmt":"2025-09-16T01:44:10","guid":{"rendered":"https:\/\/www.europesays.com\/es\/117803\/"},"modified":"2025-09-16T01:44:10","modified_gmt":"2025-09-16T01:44:10","slug":"los-80-de-carmen-maura-la-chica-almodovar-que-sufrio-dos-matrimonios-complicados-el-mundo","status":"publish","type":"post","link":"https:\/\/www.europesays.com\/es\/117803\/","title":{"rendered":"Los 80 de Carmen Maura: la &#039;chica Almod\u00f3var&#039; que sufri\u00f3 dos matrimonios complicados &#8211; El Mundo"},"content":{"rendered":"<ol>\n<li><a href=\"https:\/\/news.google.com\/rss\/articles\/CBMigAFBVV95cUxPcjAwZE9nMTlpX2c5Q1ZBMEVCRFJweGtpMGpUeGMzLXRfSnMweDBTV1RFYzNzNUM0Z0pha3FoNjVkb2NDVllHUWFydlNoaUlTSmtPNzN3YklUMmpHNkxtR2VXR1NXSnRnMjlJUXRnYkRRR05Ta2R3OHpLNjZxQ1IxR9IBgAFBVV95cUxQUUhkdFg2R2pZMzJ1QUhfYldvQmlzclhVZk1WM3RNVTNUemduRFE2VWhfNW1YSDVYanhxS01zWkZmejhQQzUtX3c3NWZ3N1N2Q1lFUHMxbVVXanJGX2gzWUdwQk1OU2RZRHVHQkdOOHRhc0VKQko5SkxiaWg3TDJaWg?oc=5\" target=\"_blank\" rel=\"nofollow noopener\">Los 80 de Carmen Maura: la &#8216;chica Almod\u00f3var&#8217; que sufri\u00f3 dos matrimonios complicados<\/a>&nbsp;&nbsp;El Mundo<\/li>\n<li><a href=\"https:\/\/news.google.com\/rss\/articles\/CBMioAFBVV95cUxOWFVGbTdnN2d6MXZPZnpwbmZzRDk4U01iTTZDeV9OLWFiY05OWEpVeTd3LXlDbEw5a1ZZYzg3eXY2ZktmRmxPaGFIbWJhQWpKczVjcTJGNGo3QVlxQXp3OFRpNVlLaWpMdzA1RDlmSDBoMVA4VGFrVDMzY0ZHRzNFcnM2Y2tmaXplVEM1d0dGcnlXWERWd3RoSFFnZG9PYXhK?oc=5\" target=\"_blank\" rel=\"nofollow noopener\">Los 80 de Carmen Maura, una actriz formidable que m\u00e1s de una vez se pregunt\u00f3 a s\u00ed misma \u00ab\u00bfqu\u00e9 he hecho yo para merecer esto?\u00bb<\/a>&nbsp;&nbsp;ABC<\/li>\n<li><a href=\"https:\/\/news.google.com\/rss\/articles\/CBMi_gFBVV95cUxONEExZWIzVmhGUnk3UVc2Wnc1VGxlelBjdDBXMDRNOVJTVTlQUmx3VUg0VE0yblNVUWlGS1AtMWd5TFZKUHpuVWktVVItazc5dkxKREc5V2ozeWRoWDVLbHZQc0toMmV2TC1rdE9ERFRWbnJ6X1huSGVCMVp4T251UXFUZkQ3RU1wV3docUg1Q09OX2xQNzNfNE0yQU9PcnpERDZrYTN3Nnl6eFh4bHNxWVlMWkViNzBtdEFMNTVqY1pTR25jLTdGaFhObW4wM3UyWVo2U3hrSEgwNlNTSHE4X2JfWG41XzlnNDhEXzZqQnNZdVhpMUhQN1RQOFJUUdIBkgJBVV95cUxPdFFkdVplaFI4a21DZ090OS1XcGRJSTJ3YmthajRtbzFlcFJVNS1TcDVjTTJRTXRqR0NDc21DOHRJWkw2LVI0OENqcWNvTUE5TDhnN2RhR1ZlTC1DMGY5SEdXeU5lZUNFY1dWQTZwVldkVi14NVFkQ3RFQ3JiODllWHZZQ24zYVdkREVHa1FabDBxdXVyOXlaa3RLeVJjS1h3N0FoRjJVNjhvTVRMQjhYOEZUanloVmxyNkQtX3JKclJJanloVFNsaW44Z2xTaEVfVzY0S1l2VUtsMG1qODFEcFZ3bVR1NlRyM0hzUXJoMU8tUHF5VjJkXzY0SDlrODl2bGxUdHRfeVZqSFd3UjRiT1ZR?oc=5\" target=\"_blank\" rel=\"nofollow noopener\">Cuatro Goyas, un trozo del Muro de Berl\u00edn y muchos caf\u00e9s: cinco cosas fabulosas sobre Carmen Maura, con Valeria Vegas<\/a>&nbsp;&nbsp;Cadena SER<\/li>\n<li><a href=\"https:\/\/news.google.com\/rss\/articles\/CBMiiwFBVV95cUxQck9ncURsSDFwWlo1TmVDX2pvM0dsOUp0dzF4WmktcDFKY0txaDYwMF9kak93RWNudUxYM0g2UmV4cHFYZ0MtSHFBcm1rWlV4bnRyejJlSnhKZ0NyUDJ6enYwN0t2eUE2YUsxTU1lUFBrQW13Z2NUQVdwQzFFRU9zU29kdVc0VGtNLTFF0gGQAUFVX3lxTE1UbGpETUVia1Q2d3NpMTdWTGMtN0gxM2hYb29DNHFIMXRlQ3BCUFk5MFlycTAtREVKWWdsZm42S0N4akM1OGxGNVk3X0NfYXM1R08tWWZ5bFJCUFFqb0F3MnFfa29yZkJBYnJRSTJlbkgtMDFTY3RfekllS3VvTmU4QTlOMlFXeDdndmhUSFpYMQ?oc=5\" target=\"_blank\" rel=\"nofollow noopener\">Carmen Maura, atrevida, incansable y libre<\/a>&nbsp;&nbsp;Diario P\u00fablico<\/li>\n<li><a href=\"https:\/\/news.google.com\/rss\/articles\/CBMilgFBVV95cUxPeHV2bWJKSXRnTUV0VXBNakpheE52UHZWZ2RkaURiRUIyUlJLNWtTek0wYVI0R2lpWmlFeEYzb3oxcnNwcTBpTmVKVUw1YTFhQXROYnBxR0UxUUtWMG5XUXF1MG5BcmlOUHNuMzhzc3gtclE1QjkwQ00zcmEySVpwZkdiS1dNNnNzTkVsMW04VjB3Q0prR2c?oc=5\" target=\"_blank\" rel=\"nofollow noopener\">Carmen Maura cumple 80 a\u00f1os con m\u00e1s de 100 pel\u00edculas y 2 complicados matrimonios a sus espaldas<\/a>&nbsp;&nbsp;HOLA<\/li>\n<\/ol>\n","protected":false},"excerpt":{"rendered":"Los 80 de Carmen Maura: la &#8216;chica Almod\u00f3var&#8217; que sufri\u00f3 dos matrimonios complicados&nbsp;&nbsp;El Mundo Los 80 de Carmen&hellip;\n","protected":false},"author":2,"featured_media":117804,"comment_status":"","ping_status":"","sticky":false,"template":"","format":"standard","meta":{"footnotes":""},"categories":[91],"tags":[15203,146,147,25,24,720,7669,23],"class_list":{"0":"post-117803","1":"post","2":"type-post","3":"status-publish","4":"format-standard","5":"has-post-thumbnail","7":"category-entretenimiento","8":"tag-carmen-maura","9":"tag-entertainment","10":"tag-entretenimiento","11":"tag-es","12":"tag-espana","13":"tag-loc-famosos","14":"tag-pedro-almodovar","15":"tag-spain"},"share_on_mastodon":{"url":"","error":""},"_links":{"self":[{"href":"https:\/\/www.europesays.com\/es\/wp-json\/wp\/v2\/posts\/117803","targetHints":{"allow":["GET"]}}],"collection":[{"href":"https:\/\/www.europesays.com\/es\/wp-json\/wp\/v2\/posts"}],"about":[{"href":"https:\/\/www.europesays.com\/es\/wp-json\/wp\/v2\/types\/post"}],"author":[{"embeddable":true,"href":"https:\/\/www.europesays.com\/es\/wp-json\/wp\/v2\/users\/2"}],"replies":[{"embeddable":true,"href":"https:\/\/www.europesays.com\/es\/wp-json\/wp\/v2\/comments?post=117803"}],"version-history":[{"count":0,"href":"https:\/\/www.europesays.com\/es\/wp-json\/wp\/v2\/posts\/117803\/revisions"}],"wp:featuredmedia":[{"embeddable":true,"href":"https:\/\/www.europesays.com\/es\/wp-json\/wp\/v2\/media\/117804"}],"wp:attachment":[{"href":"https:\/\/www.europesays.com\/es\/wp-json\/wp\/v2\/media?parent=117803"}],"wp:term":[{"taxonomy":"category","embeddable":true,"href":"https:\/\/www.europesays.com\/es\/wp-json\/wp\/v2\/categories?post=117803"},{"taxonomy":"post_tag","embeddable":true,"href":"https:\/\/www.europesays.com\/es\/wp-json\/wp\/v2\/tags?post=117803"}],"curies":[{"name":"wp","href":"https:\/\/api.w.org\/{rel}","templated":true}]}}