{"id":117809,"date":"2025-09-16T01:47:04","date_gmt":"2025-09-16T01:47:04","guid":{"rendered":"https:\/\/www.europesays.com\/es\/117809\/"},"modified":"2025-09-16T01:47:04","modified_gmt":"2025-09-16T01:47:04","slug":"grito-de-independencia-2025-en-vivo-el-zocalo-de-cdmx-esta-listo-para-la-primera-celebracion-de-sheinbaum","status":"publish","type":"post","link":"https:\/\/www.europesays.com\/es\/117809\/","title":{"rendered":"Grito de Independencia 2025 en vivo: el Z\u00f3calo de CDMX est\u00e1 listo para la primera celebraci\u00f3n de Sheinbaum"},"content":{"rendered":"<p><a aria-label=\"\u201cDebe morir\u201d: as\u00ed fue el fusilamiento de Miguel Hidalgo hace m\u00e1s de 200 a\u00f1os\" href=\"https:\/\/www.infobae.com\/mexico\/2025\/07\/31\/debe-morir-asi-fue-el-fusilamiento-de-miguel-hidalgo-hace-mas-de-200-anos\/\" rel=\"noreferrer nofollow noopener\" target=\"_blank\">\u201cDebe morir\u201d: as\u00ed fue el fusilamiento de Miguel Hidalgo hace m\u00e1s de 200 a\u00f1os<\/a>El sacerdote fue ejecutado el 30 de julio de 1811 en Chihuahua<img alt=\"Antes de su fusilamiento, Miguel\" class=\"global-image\" decoding=\"async\" fetchpriority=\"high\" height=\"1080\" loading=\"eager\" src=\"https:\/\/www.europesays.com\/es\/wp-content\/uploads\/2025\/09\/KKI5PL2Y75G2FAJZACXVDTAHQM.jpg\" width=\"1920\"\/>Antes de su fusilamiento, Miguel Hidalgo fue sometido a un proceso penal para determinar la culpa por los cr\u00edmenes que se le imputaron. Cr\u00e9dito: Wikimedia Commons &#8211;  Gobierno del Estado de Chihuahua<\/p>\n<p class=\"paragraph\">El <b>21 de marzo de 1811<\/b>, seis meses despu\u00e9s de la arenga la madrugada del <b>16 de septiembre<\/b> de 1810 en Dolores, de la toma de la Alh\u00f3ndiga de Granaditas, de la Batalla del Monte de las Cruces, de los distanciamientos con Ignacio Allende y de la Batalla de Puente de Calder\u00f3n,<a href=\"https:\/\/www.infobae.com\/mexico\/2025\/04\/14\/esta-fue-la-razon-por-la-que-miguel-hidalgo-rechazo-el-indulto-y-fue-fusilado\/\" target=\"_blank\" rel=\"noreferrer nofollow noopener\" title=\"https:\/\/www.infobae.com\/mexico\/2025\/04\/14\/esta-fue-la-razon-por-la-que-miguel-hidalgo-rechazo-el-indulto-y-fue-fusilado\/\"> <b>Miguel Hidalgo y Costilla<\/b><\/a> junto con otros varios insurgentes fueron capturados en Acatita de Baj\u00e1n, Coahuila.<\/p>\n","protected":false},"excerpt":{"rendered":"\u201cDebe morir\u201d: as\u00ed fue el fusilamiento de Miguel Hidalgo hace m\u00e1s de 200 a\u00f1osEl sacerdote fue ejecutado el&hellip;\n","protected":false},"author":2,"featured_media":117810,"comment_status":"","ping_status":"","sticky":false,"template":"","format":"standard","meta":{"footnotes":""},"categories":[42],"tags":[32245,17,18,13,14,11,26224,61,62,63,64,19,20,20145,9,3119,10,15,16,757,12,21,22,65,66,67],"class_list":["post-117809","post","type-post","status-publish","format-standard","has-post-thumbnail","category-internacional","tag-anniversaries","tag-breaking-news","tag-breakingnews","tag-featured-news","tag-featurednews","tag-headlines","tag-human-interest-brights-odd-news","tag-internacional","tag-international","tag-international-news","tag-internationalnews","tag-latest-news","tag-latestnews","tag-mexico-city","tag-news","tag-north-america","tag-noticias","tag-noticias-destacadas","tag-noticiasdestacadas","tag-south-america-central-america","tag-titulares","tag-ultimas-noticias","tag-ultimasnoticias","tag-world","tag-world-news","tag-worldnews"],"share_on_mastodon":{"url":"","error":""},"_links":{"self":[{"href":"https:\/\/www.europesays.com\/es\/wp-json\/wp\/v2\/posts\/117809","targetHints":{"allow":["GET"]}}],"collection":[{"href":"https:\/\/www.europesays.com\/es\/wp-json\/wp\/v2\/posts"}],"about":[{"href":"https:\/\/www.europesays.com\/es\/wp-json\/wp\/v2\/types\/post"}],"author":[{"embeddable":true,"href":"https:\/\/www.europesays.com\/es\/wp-json\/wp\/v2\/users\/2"}],"replies":[{"embeddable":true,"href":"https:\/\/www.europesays.com\/es\/wp-json\/wp\/v2\/comments?post=117809"}],"version-history":[{"count":0,"href":"https:\/\/www.europesays.com\/es\/wp-json\/wp\/v2\/posts\/117809\/revisions"}],"wp:featuredmedia":[{"embeddable":true,"href":"https:\/\/www.europesays.com\/es\/wp-json\/wp\/v2\/media\/117810"}],"wp:attachment":[{"href":"https:\/\/www.europesays.com\/es\/wp-json\/wp\/v2\/media?parent=117809"}],"wp:term":[{"taxonomy":"category","embeddable":true,"href":"https:\/\/www.europesays.com\/es\/wp-json\/wp\/v2\/categories?post=117809"},{"taxonomy":"post_tag","embeddable":true,"href":"https:\/\/www.europesays.com\/es\/wp-json\/wp\/v2\/tags?post=117809"}],"curies":[{"name":"wp","href":"https:\/\/api.w.org\/{rel}","templated":true}]}}