{"id":117811,"date":"2025-09-16T01:59:09","date_gmt":"2025-09-16T01:59:09","guid":{"rendered":"https:\/\/www.europesays.com\/es\/117811\/"},"modified":"2025-09-16T01:59:09","modified_gmt":"2025-09-16T01:59:09","slug":"djokovic-testigo-en-la-tribuna-de-la-victoria-de-fonseca-ante-tsitsipas-atp-tour","status":"publish","type":"post","link":"https:\/\/www.europesays.com\/es\/117811\/","title":{"rendered":"Djokovic, testigo en la tribuna de la victoria de Fonseca ante Tsitsipas | ATP Tour"},"content":{"rendered":"<p>        ATP Tour<br \/>\n    Djokovic, testigo en la tribuna de la victoria de Fonseca ante Tsitsipas<\/p>\n<p>Con ese resultado, Brasil derrot\u00f3 a Grecia en Copa Davis<\/p>\n<p>September 15, 2025<\/p>\n<p>            <img decoding=\"async\" src=\"https:\/\/www.europesays.com\/es\/wp-content\/uploads\/2025\/09\/djokovic-fonseca-davis-cup-2025.jpg\" alt=\"Novak Djokovic fue uno de los fans de la serie de Copa Davis disputada en Grecia el fin de semana.\"\/><\/p>\n<p>Studio Kominis\\Nikolas Kominis<\/p>\n<p>        Novak Djokovic fue uno de los fans de la serie de Copa Davis disputada en Grecia el fin de semana.<br \/>\n        By Redacci\u00f3n ATP <\/p>\n<p>No todos los d\u00edas el poseedor del r\u00e9cord de m\u00e1s semanas como No. 1 del PIF ATP Rankings est\u00e1 en las gradas viendo un partido, pero eso fue exactamente lo que ocurri\u00f3 el domingo en Atenas.<br \/>\u00a0<br \/>Novak Djokovic estuvo presente con su hijo Stefan en el duelo de Copa Davis entre Grecia y Brasil. El 100 veces campe\u00f3n del circuito vio c\u00f3mo Jo\u00e3o Fonseca sell\u00f3 la victoria de Brasil contra Stefanos Tsitsipas.<br \/>\u00a0<br \/>Tsitsipas dominaba 5-3 a Fonseca en el set decisivo y tuvo la oportunidad de sacar para el partido, lo que habr\u00eda llevado a un quinto partido decisivo. En cambio, la estrella de la #NextGenATP, Fonseca, gan\u00f3 los \u00faltimos cuatro juegos del partido para vencer al ex n\u00famero 3 del mundo por 6-4, 3-6, 7-5.<\/p>\n<p><a rel=\"noopener noreferrer nofollow\" href=\"https:\/\/www.atptour.com\/en\/news\/it-all-adds-up-hub\" target=\"_blank\"><img decoding=\"async\" alt=\"It All Adds Up\" src=\"https:\/\/www.europesays.com\/es\/wp-content\/uploads\/2025\/09\/1757987949_727_it-all-adds-up-banner.jpg\"\/><\/a><\/p>\n<p>Fue el primer enfrentamiento Lexus ATP entre ambos. Fonseca ya hab\u00eda derrotado a Stefanos Sakellaridis por 7-5, 6-3 al comienzo de la eliminatoria, y Tsitsipas hab\u00eda superado con comodidad a Thiago Seyboth Wild por 6-2, 6-1.<br \/>\u00a0<br \/>Rafael Matos y Marcelo Melo pusieron a Fonseca en posici\u00f3n de cerrar la eliminatoria con una victoria por 6-2, 6-2 contra Arist\u00f3teles Thanos y Petros Tsitsipas.<\/p>\n<p><strong><a rel=\"noopener noreferrer nofollow\" href=\"https:\/\/www.atptour.com\/es\/scores\/current\/davis-cup-qualifiers-2nd-rd\/8097\/country-results\" target=\"_blank\">Mira todos los resultados de la \u00faltima jornada de Copa Davis.<\/a><\/strong><\/p>\n","protected":false},"excerpt":{"rendered":"ATP Tour Djokovic, testigo en la tribuna de la victoria de Fonseca ante Tsitsipas Con ese resultado, Brasil&hellip;\n","protected":false},"author":2,"featured_media":117812,"comment_status":"","ping_status":"","sticky":false,"template":"","format":"standard","meta":{"footnotes":""},"categories":[274],"tags":[168,25,24,23,167,327,326],"class_list":{"0":"post-117811","1":"post","2":"type-post","3":"status-publish","4":"format-standard","5":"has-post-thumbnail","7":"category-tenis","8":"tag-deportes","9":"tag-es","10":"tag-espana","11":"tag-spain","12":"tag-sports","13":"tag-tenis","14":"tag-tennis"},"share_on_mastodon":{"url":"","error":""},"_links":{"self":[{"href":"https:\/\/www.europesays.com\/es\/wp-json\/wp\/v2\/posts\/117811","targetHints":{"allow":["GET"]}}],"collection":[{"href":"https:\/\/www.europesays.com\/es\/wp-json\/wp\/v2\/posts"}],"about":[{"href":"https:\/\/www.europesays.com\/es\/wp-json\/wp\/v2\/types\/post"}],"author":[{"embeddable":true,"href":"https:\/\/www.europesays.com\/es\/wp-json\/wp\/v2\/users\/2"}],"replies":[{"embeddable":true,"href":"https:\/\/www.europesays.com\/es\/wp-json\/wp\/v2\/comments?post=117811"}],"version-history":[{"count":0,"href":"https:\/\/www.europesays.com\/es\/wp-json\/wp\/v2\/posts\/117811\/revisions"}],"wp:featuredmedia":[{"embeddable":true,"href":"https:\/\/www.europesays.com\/es\/wp-json\/wp\/v2\/media\/117812"}],"wp:attachment":[{"href":"https:\/\/www.europesays.com\/es\/wp-json\/wp\/v2\/media?parent=117811"}],"wp:term":[{"taxonomy":"category","embeddable":true,"href":"https:\/\/www.europesays.com\/es\/wp-json\/wp\/v2\/categories?post=117811"},{"taxonomy":"post_tag","embeddable":true,"href":"https:\/\/www.europesays.com\/es\/wp-json\/wp\/v2\/tags?post=117811"}],"curies":[{"name":"wp","href":"https:\/\/api.w.org\/{rel}","templated":true}]}}