{"id":117813,"date":"2025-09-16T02:00:07","date_gmt":"2025-09-16T02:00:07","guid":{"rendered":"https:\/\/www.europesays.com\/es\/117813\/"},"modified":"2025-09-16T02:00:07","modified_gmt":"2025-09-16T02:00:07","slug":"la-uci-carga-contra-pedro-sanchez-por-los-incidentes-en-la-vuelta-es-inaceptable-y-contraproducente","status":"publish","type":"post","link":"https:\/\/www.europesays.com\/es\/117813\/","title":{"rendered":"La UCI carga contra Pedro S\u00e1nchez por los incidentes en La Vuelta: \u00abEs inaceptable y contraproducente\u00bb"},"content":{"rendered":"\n<p> La Uni\u00f3n Ciclista Internacional (UCI) anunci\u00f3 en un comunicado su total \u00ab<strong>desaprobaci\u00f3n y profunda preocupaci\u00f3n\u00bb por los acontecimientos<\/strong> que han marcado la edici\u00f3n de 2025 de<a href=\"https:\/\/www.elconfidencial.com\/deportes\/2025-09-05\/protesta-propalestina-interrumpir-la-vuelta-angliru_4203367\/\" target=\"_blank\" rel=\"nofollow noopener\"> La Vuelta Ciclista a Espa\u00f1a,<\/a> en particular<strong> por la abrupta interrupci\u00f3n de la \u00faltima etapa<\/strong> disputada en Madrid, consecuencia directa de una serie de incidentes vinculados a <strong>manifestaciones a favor de Palestina.<\/strong> <\/p>\n<p> El comunicado del organismo ciclista es muy duro y remarca que<strong> la salud de los corredores estuvo en peligro<\/strong> por la actitud y acciones de los manifestantes. \u00abDesde la llegada de la carrera al territorio espa\u00f1ol,<a href=\"https:\/\/www.elconfidencial.com\/deportes\/ciclismo\/2025-09-04\/director-israel-premier-tech-la-vuelta_4202758\/\" target=\"_blank\" rel=\"nofollow noopener\"> la Vuelta se ha visto perturbada<\/a> casi a diario por acciones de car\u00e1cter militante: intrusiones de individuos en el pelot\u00f3n, <strong>lanzamiento de orina y puesta en peligro de los corredores<\/strong>, atentando contra su integridad f\u00edsica, ya que algunos sufrieron ca\u00eddas, lesiones y se vieron obligados a abandonar la prueba\u00bb, empieza el escrito. <\/p>\n<p> \u00abAnte estos incidentes,<a href=\"https:\/\/www.elconfidencial.com\/deportes\/ciclismo\/2025-09-14\/perico-delgado-protestas-israel-palestina-la-vuelta_4208702\/pass_de2fee11dfd1de18294d031661d38d01\/?_overwrite=true&amp;m=1757868721038\" target=\"_blank\" rel=\"nofollow noopener\"> los organizadores de la carrer<strong>a<\/strong><\/a><strong> reaccionaron con rapidez y serenidad<\/strong>, implementando medidas de emergencia para garantizar la continuidad de la prueba. Han actuado con una profesionalidad ejemplar, respetando la autonom\u00eda y la independencia del deporte. Los actos reiterados que afectaron a un n\u00famero considerable de etapas<strong> constituyen una grave violaci\u00f3n de la Carta Ol\u00edmpica<\/strong> y de los principios fundamentales del deporte\u00bb, a\u00f1ade el organismo. <\/p>\n<blockquote class=\"twitter-tweet\">\n<p lang=\"es\" dir=\"ltr\">UCI statement concerning La Vuelta Ciclista a Espa\u00f1a 2025 <a href=\"https:\/\/t.co\/yDXZXwDYNc\" rel=\"nofollow\">https:\/\/t.co\/yDXZXwDYNc<\/a> <a href=\"https:\/\/t.co\/lvdeTT4Qrs\" rel=\"nofollow\">pic.twitter.com\/lvdeTT4Qrs<\/a><\/p>\n<p>\u2014 UCI_media (@UCI_media) <a href=\"https:\/\/twitter.com\/UCI_media\/status\/1967620334322057433?ref_src=twsrc%5Etfw\" rel=\"nofollow noopener\" target=\"_blank\">September 15, 2025<\/a><\/p><\/blockquote>\n<p>            Cr\u00edticas a Pedro S\u00e1nchez           <\/p>\n<p> \u00abLamentamos asimismo que<strong> el presidente del Gobierno espa\u00f1ol y su equipo hayan respaldado acciones<\/strong> realizadas en el marco de una competici\u00f3n deportiva que pueden obstaculizar su buen desarrollo y que, en algunos casos, <strong>hayan expresado su admiraci\u00f3n<\/strong><a href=\"https:\/\/www.elconfidencial.com\/espana\/2025-09-14\/sanchez-defiende-las-movilizaciones-propalestinas-en-la-vuelta_4208566\/\" target=\"_blank\" rel=\"nofollow noopener\"> hacia los manifestantes.<\/a> Esta postura contradice totalmente los valores ol\u00edmpicos de uni\u00f3n, respeto mutuo y paz. Adem\u00e1s, <strong>pone en tela de juicio la capacidad de Espa\u00f1a <\/strong>para acoger grandes eventos deportivos internacionales, garantizando su buen desarrollo en condiciones de seguridad y de conformidad con los principios de la Carta Ol\u00edmpica\u00bb, afirma el texto. <\/p>\n<p> \u00abLa UCI condena de manera firme la instrumentalizaci\u00f3n <a href=\"https:\/\/www.elconfidencial.com\/espana\/2025-09-15\/sanchez-alienta-que-la-protestas_4209127\/\" target=\"_blank\" rel=\"nofollow noopener\">del deporte con fines pol\u00edticos<\/a> en general, y <strong>en particular por parte de un gobierno<\/strong>. El deporte debe seguir siendo aut\u00f3nomo para cumplir su papel como herramienta al servicio de la paz<strong>. Resulta inaceptable y contraproducente <\/strong>que nuestro deporte se desv\u00ede de su misi\u00f3n universal. Adem\u00e1s, <strong>existen plataformas espec\u00edficas<\/strong> que permiten a los Estados debatir sus divergencias\u00bb, remarca el organismo. <\/p>\n<p>               Graves protestas en La Vuelta. (AFP7)             <\/p>\n<p> \u00abAnte la proximidad de nuestro Congreso anual, que se celebrar\u00e1 la semana pr\u00f3xima, en el que participar\u00e1n representantes de las federaciones nacionales<strong> palestina, israel\u00ed, rusa y ucraniana, <\/strong>reafirmamos nuestro constante llamamiento al di\u00e1logo y a la paz. El deporte debe unir, nunca dividir. Por \u00faltimo, aplaudimos la labor ejemplar de las fuerzas del orden espa\u00f1olas en La Vuelta, que <strong>han actuado con profesionalidad <\/strong>en unas condiciones de extrema tensi\u00f3n\u00bb, sigue el texto. <\/p>\n<p> \u00abTambi\u00e9n agradecemos a los organizadores de la Vuelta<strong> su compromiso y capacidad de resistencia<\/strong> ante una situaci\u00f3n sin precedentes. Felicitamos a Jonas Vingegaard, ganador de la clasificaci\u00f3n general de<a href=\"https:\/\/www.elconfidencial.com\/deportes\/2025-09-14\/vuelta-espana-etapa-21-madrid-directo_4208601\/\" target=\"_blank\" rel=\"nofollow noopener\"> La Vuelta Ciclista a Espa\u00f1a 2025<\/a>, quien, pese a las circunstancias,<strong> ha demostrado una fuerza y una constancia notables<\/strong> a lo largo de esta edici\u00f3n\u00bb, remata la UCI. <\/p>\n<p>                CSD: \u00abProfundo malestar y sorpresa\u00bb           <\/p>\n<p> Por su parte, el presidente del <strong>Consejo Superior de Deportes (CSD)<\/strong>, Jos\u00e9 Manuel Rodr\u00edguez Uribes, ha mostrado su \u00abprofundo malestar y sorpresa\u00bb por el comunicado emitido por la Uni\u00f3n Ciclista Internacional (UCI) y ha afirmado que \u00abblanquear a trav\u00e9s del deporte <a href=\"https:\/\/blogs.elconfidencial.com\/espana\/al-grano\/2025-09-13\/genocidio-gaza-masacre-israel-debate-1hms_4208044\/\" target=\"_self\" rel=\"nofollow noopener\">un genocidio<\/a> como el de Gaza <strong>contraviene la Carta Ol\u00edmpica y los valores m\u00e1s b\u00e1sicos<\/strong> del deporte\u00bb. <\/p>\n<p> En una carta dirigida a su presidente, David Lappartient, Rodr\u00edguez Uribes desvel\u00f3 <strong>su \u00abprofundo malestar\u00bb <\/strong>y su \u00absorpresa\u00bb por el comunicado del organismo rector del ciclismo mundial. \u00abEn Espa\u00f1a, como en todas las sociedades democr\u00e1ticas, el derecho de manifestaci\u00f3n, libre y pac\u00edfico, <strong>es un derecho fundamental, <\/strong>consagrado en nuestra Constituci\u00f3n de 1978. Si adem\u00e1s la causa es<strong> una causa justa y noble<\/strong> en defensa de los Derechos Humanos, esa expresi\u00f3n libre y pac\u00edfica adquiere <strong>la condici\u00f3n de obligaci\u00f3n moral<\/strong>\u00ab, expres\u00f3. <\/p>\n<p> La Uni\u00f3n Ciclista Internacional (UCI) anunci\u00f3 en un comunicado su total \u00ab<strong>desaprobaci\u00f3n y profunda preocupaci\u00f3n\u00bb por los acontecimientos<\/strong> que han marcado la edici\u00f3n de 2025 de<a href=\"https:\/\/www.elconfidencial.com\/deportes\/2025-09-05\/protesta-propalestina-interrumpir-la-vuelta-angliru_4203367\/\" target=\"_blank\" rel=\"nofollow noopener\"> La Vuelta Ciclista a Espa\u00f1a,<\/a> en particular<strong> por la abrupta interrupci\u00f3n de la \u00faltima etapa<\/strong> disputada en Madrid, consecuencia directa de una serie de incidentes vinculados a <strong>manifestaciones a favor de Palestina.<\/strong> <\/p>\n<p>              <script async src=\"https:\/\/platform.twitter.com\/widgets.js\" charset=\"utf-8\"><\/script><\/p>\n","protected":false},"excerpt":{"rendered":"La Uni\u00f3n Ciclista Internacional (UCI) anunci\u00f3 en un comunicado su total \u00abdesaprobaci\u00f3n y profunda preocupaci\u00f3n\u00bb por los acontecimientos&hellip;\n","protected":false},"author":2,"featured_media":117814,"comment_status":"","ping_status":"","sticky":false,"template":"","format":"standard","meta":{"footnotes":""},"categories":[273],"tags":[313,312,168,25,24,23,167],"class_list":{"0":"post-117813","1":"post","2":"type-post","3":"status-publish","4":"format-standard","5":"has-post-thumbnail","7":"category-ciclismo","8":"tag-ciclismo","9":"tag-cycling","10":"tag-deportes","11":"tag-es","12":"tag-espana","13":"tag-spain","14":"tag-sports"},"share_on_mastodon":{"url":"","error":""},"_links":{"self":[{"href":"https:\/\/www.europesays.com\/es\/wp-json\/wp\/v2\/posts\/117813","targetHints":{"allow":["GET"]}}],"collection":[{"href":"https:\/\/www.europesays.com\/es\/wp-json\/wp\/v2\/posts"}],"about":[{"href":"https:\/\/www.europesays.com\/es\/wp-json\/wp\/v2\/types\/post"}],"author":[{"embeddable":true,"href":"https:\/\/www.europesays.com\/es\/wp-json\/wp\/v2\/users\/2"}],"replies":[{"embeddable":true,"href":"https:\/\/www.europesays.com\/es\/wp-json\/wp\/v2\/comments?post=117813"}],"version-history":[{"count":0,"href":"https:\/\/www.europesays.com\/es\/wp-json\/wp\/v2\/posts\/117813\/revisions"}],"wp:featuredmedia":[{"embeddable":true,"href":"https:\/\/www.europesays.com\/es\/wp-json\/wp\/v2\/media\/117814"}],"wp:attachment":[{"href":"https:\/\/www.europesays.com\/es\/wp-json\/wp\/v2\/media?parent=117813"}],"wp:term":[{"taxonomy":"category","embeddable":true,"href":"https:\/\/www.europesays.com\/es\/wp-json\/wp\/v2\/categories?post=117813"},{"taxonomy":"post_tag","embeddable":true,"href":"https:\/\/www.europesays.com\/es\/wp-json\/wp\/v2\/tags?post=117813"}],"curies":[{"name":"wp","href":"https:\/\/api.w.org\/{rel}","templated":true}]}}