{"id":117817,"date":"2025-09-16T02:02:09","date_gmt":"2025-09-16T02:02:09","guid":{"rendered":"https:\/\/www.europesays.com\/es\/117817\/"},"modified":"2025-09-16T02:02:09","modified_gmt":"2025-09-16T02:02:09","slug":"cajasol87-nace-con-fuerza-la-fundacion-cajasol-y-caja87-se-unen-para-impulsar-el-baloncesto-en-sevilla","status":"publish","type":"post","link":"https:\/\/www.europesays.com\/es\/117817\/","title":{"rendered":"Cajasol87 nace con fuerza: la Fundaci\u00f3n Cajasol y Caja87 se unen para impulsar el baloncesto en Sevilla"},"content":{"rendered":"<p class=\"ft-text ft-helper-align-justify\">Ya hay nuevo nombre en el equipo de <a class=\"ft-link ft-link--decoration\" href=\"https:\/\/www.elcorreoweb.es\/tags\/baloncesto\/\" rel=\"nofollow noopener\" target=\"_blank\">baloncesto<\/a> de Sevilla: <strong>Cajasol87<\/strong>. El acuerdo de colaboraci\u00f3n se ha realizado este lunes con <strong>Antonio Pulido<\/strong>, presidente de <a class=\"ft-link ft-link--decoration\" href=\"https:\/\/www.elcorreoweb.es\/tags\/fundacion-cajasol\/\" rel=\"nofollow noopener\" target=\"_blank\">la Fundaci\u00f3n Cajasol<\/a>, y <strong>Gonzalo Crespo<\/strong>, presidente del club de baloncesto Caja87.<\/p>\n<p class=\"ft-text ft-helper-align-justify\">Ambas entidades han firmado un acuerdo de colaboraci\u00f3n por el cual la Fundaci\u00f3n obtiene derechos de marca (Trade Mark Rights) y fruto de este compromiso, el equipo senior masculino pasar\u00e1 a denominarse oficialmente\u00a0<strong>Cajasol87.<\/strong><\/p>\n<p>Apoyo al deporte de Fundaci\u00f3n Cajasol<\/p>\n<p class=\"ft-text ft-helper-align-justify\">De esta forma, la Fundaci\u00f3n Cajasol refuerza su apoyo al deporte y al talento andaluz y reafirma su compromiso con la juventud, la salud y la cohesi\u00f3n social. \u201cEl deporte es una herramienta poderosa para educar, unir y transformar\u00bb, declar\u00f3 <strong>Antonio Pulido<\/strong> durante la firma.<\/p>\n<p class=\"ft-text ft-helper-align-justify\">Por su parte, <strong>Gonzalo Crespo<\/strong>, presidente del Caja87 asegur\u00f3 que \u201cincorporar a la Fundaci\u00f3n Cajasol al n\u00facleo de Caja87 supone una alianza estrat\u00e9gica que nos permitir\u00e1 construir un club m\u00e1s s\u00f3lido, m\u00e1s sostenible y con mayor proyecci\u00f3n en la ciudad\u201d.<\/p>\n<p>Bases del convenio<\/p>\n<p class=\"ft-text ft-helper-align-justify\">El convenio permitir\u00e1 al club continuar desarrollando su labor deportiva y social, con un enfoque integral que abarca desde la competici\u00f3n hasta la formaci\u00f3n y la concienciaci\u00f3n. Entre las actividades previstas destacan:<\/p>\n<ul class=\"ft-list ft-list--primary\" data-aida-text=\"\">\n<li class=\"ft-list__item ft-text--indent\">La participaci\u00f3n de sus equipos, desde categor\u00eda <strong>premini hasta senior<\/strong>, en competiciones federadas y no federadas.<\/li>\n<li class=\"ft-list__item ft-text--indent\">La promoci\u00f3n del deporte base mediante el <strong>fomento de la cantera<\/strong> y colaboraciones con otras entidades deportivas de la provincia.<\/li>\n<li class=\"ft-list__item ft-text--indent\">La realizaci\u00f3n de <strong>acciones formativas<\/strong> orientadas a jugadores, entrenadores y familias.<\/li>\n<li class=\"ft-list__item ft-text--indent\">La puesta en marcha de <strong>iniciativas sociales y de divulgaci\u00f3n<\/strong> en centros escolares, asociaciones y entidades educativas, con el objetivo de promover la <strong>actividad f\u00edsica y h\u00e1bitos de vida saludables<\/strong>.<\/li>\n<\/ul>\n<p class=\"ft-text ft-helper-align-justify\">Con este patrocinio, la Fundaci\u00f3n Cajasol refuerza su papel como agente activo en la promoci\u00f3n del deporte y la educaci\u00f3n en valores, y el club <strong>Cajasol87<\/strong> se consolida como un referente del baloncesto sevillano comprometido con su entorno.<\/p>\n","protected":false},"excerpt":{"rendered":"Ya hay nuevo nombre en el equipo de baloncesto de Sevilla: Cajasol87. El acuerdo de colaboraci\u00f3n se ha&hellip;\n","protected":false},"author":2,"featured_media":117818,"comment_status":"","ping_status":"","sticky":false,"template":"","format":"standard","meta":{"footnotes":""},"categories":[269],"tags":[299,298,39283,39282,168,25,24,8720,2881,39284,4131,1171,23,167],"class_list":{"0":"post-117817","1":"post","2":"type-post","3":"status-publish","4":"format-standard","5":"has-post-thumbnail","7":"category-baloncesto","8":"tag-baloncesto","9":"tag-basketball","10":"tag-cajasol","11":"tag-cajasol87","12":"tag-deportes","13":"tag-es","14":"tag-espana","15":"tag-fuerza","16":"tag-fundacion","17":"tag-fundacion-cajasol","18":"tag-nace","19":"tag-sevilla","20":"tag-spain","21":"tag-sports"},"share_on_mastodon":{"url":"","error":""},"_links":{"self":[{"href":"https:\/\/www.europesays.com\/es\/wp-json\/wp\/v2\/posts\/117817","targetHints":{"allow":["GET"]}}],"collection":[{"href":"https:\/\/www.europesays.com\/es\/wp-json\/wp\/v2\/posts"}],"about":[{"href":"https:\/\/www.europesays.com\/es\/wp-json\/wp\/v2\/types\/post"}],"author":[{"embeddable":true,"href":"https:\/\/www.europesays.com\/es\/wp-json\/wp\/v2\/users\/2"}],"replies":[{"embeddable":true,"href":"https:\/\/www.europesays.com\/es\/wp-json\/wp\/v2\/comments?post=117817"}],"version-history":[{"count":0,"href":"https:\/\/www.europesays.com\/es\/wp-json\/wp\/v2\/posts\/117817\/revisions"}],"wp:featuredmedia":[{"embeddable":true,"href":"https:\/\/www.europesays.com\/es\/wp-json\/wp\/v2\/media\/117818"}],"wp:attachment":[{"href":"https:\/\/www.europesays.com\/es\/wp-json\/wp\/v2\/media?parent=117817"}],"wp:term":[{"taxonomy":"category","embeddable":true,"href":"https:\/\/www.europesays.com\/es\/wp-json\/wp\/v2\/categories?post=117817"},{"taxonomy":"post_tag","embeddable":true,"href":"https:\/\/www.europesays.com\/es\/wp-json\/wp\/v2\/tags?post=117817"}],"curies":[{"name":"wp","href":"https:\/\/api.w.org\/{rel}","templated":true}]}}