{"id":117821,"date":"2025-09-16T02:04:06","date_gmt":"2025-09-16T02:04:06","guid":{"rendered":"https:\/\/www.europesays.com\/es\/117821\/"},"modified":"2025-09-16T02:04:06","modified_gmt":"2025-09-16T02:04:06","slug":"el-orgullo-de-lucia-villalon-por-el-ultimo-gran-logro-de-su-hijo-diego-de-tres-anos","status":"publish","type":"post","link":"https:\/\/www.europesays.com\/es\/117821\/","title":{"rendered":"El orgullo de Luc\u00eda Villal\u00f3n por el \u00faltimo gran logro de su hijo Diego, de tres a\u00f1os"},"content":{"rendered":"<p id=\"ewqBDKHXVN\" data-wc=\"108\">Luc\u00eda Villal\u00f3n y Gonzalo Melero contin\u00faan adapt\u00e1ndose a su nueva vida en Madrid, <a class=\"hm-link ho-link\" href=\"https:\/\/www.hola.com\/actualidad\/20250820851232\/lucia-villalon-gonzalo-melero-presentacion-jugador-leganes\/\" data-mrf-recirculation=\"article-body-link\" rel=\"nofollow noopener\" target=\"_blank\">tras el fichaje del futbolista por el CD Legan\u00e9s<\/a>. La pareja se ha mudado con sus hijos, Diego y Lucas, que son sus grandes alegr\u00edas. El primog\u00e9nito, que cumpli\u00f3 tres a\u00f1os recientemente, ya sabe montar en bici. As\u00ed lo ha mostrado su orgullosa mam\u00e1, quien ha compartido una grabaci\u00f3n de su primer d\u00eda pedaleando. \u00abEl fen\u00f3meno este, el primer d\u00eda de bici con pedales, est\u00e1 para La Vuelta\u00bb, ha comentado. Lo cierto es que, como puedes ver en este v\u00eddeo, Diego controla ya perfectamente la t\u00e9cnica, muy confiado y, adem\u00e1s, \u00a1parece que se divierte mucho!<\/p>\n<p id=\"etGlHOj_zYm\" data-wc=\"0\">\u00a0 \u00a0 \u00a0 \u00a0 \u00a0 \u00a0 \u00a0 \u00a0 \u00a0 \u00a0 \u00a0 \u00a0 \u00a0 \u00a0\u00a0<\/p>\n","protected":false},"excerpt":{"rendered":"Luc\u00eda Villal\u00f3n y Gonzalo Melero contin\u00faan adapt\u00e1ndose a su nueva vida en Madrid, tras el fichaje del futbolista&hellip;\n","protected":false},"author":2,"featured_media":117822,"comment_status":"","ping_status":"","sticky":false,"template":"","format":"standard","meta":{"footnotes":""},"categories":[174],"tags":[517,255,146,147,25,24,256,27342,23],"class_list":{"0":"post-117821","1":"post","2":"type-post","3":"status-publish","4":"format-standard","5":"has-post-thumbnail","7":"category-famosos","8":"tag-actualidad","9":"tag-celebrities","10":"tag-entertainment","11":"tag-entretenimiento","12":"tag-es","13":"tag-espana","14":"tag-famosos","15":"tag-lucia-villalon","16":"tag-spain"},"share_on_mastodon":{"url":"","error":""},"_links":{"self":[{"href":"https:\/\/www.europesays.com\/es\/wp-json\/wp\/v2\/posts\/117821","targetHints":{"allow":["GET"]}}],"collection":[{"href":"https:\/\/www.europesays.com\/es\/wp-json\/wp\/v2\/posts"}],"about":[{"href":"https:\/\/www.europesays.com\/es\/wp-json\/wp\/v2\/types\/post"}],"author":[{"embeddable":true,"href":"https:\/\/www.europesays.com\/es\/wp-json\/wp\/v2\/users\/2"}],"replies":[{"embeddable":true,"href":"https:\/\/www.europesays.com\/es\/wp-json\/wp\/v2\/comments?post=117821"}],"version-history":[{"count":0,"href":"https:\/\/www.europesays.com\/es\/wp-json\/wp\/v2\/posts\/117821\/revisions"}],"wp:featuredmedia":[{"embeddable":true,"href":"https:\/\/www.europesays.com\/es\/wp-json\/wp\/v2\/media\/117822"}],"wp:attachment":[{"href":"https:\/\/www.europesays.com\/es\/wp-json\/wp\/v2\/media?parent=117821"}],"wp:term":[{"taxonomy":"category","embeddable":true,"href":"https:\/\/www.europesays.com\/es\/wp-json\/wp\/v2\/categories?post=117821"},{"taxonomy":"post_tag","embeddable":true,"href":"https:\/\/www.europesays.com\/es\/wp-json\/wp\/v2\/tags?post=117821"}],"curies":[{"name":"wp","href":"https:\/\/api.w.org\/{rel}","templated":true}]}}