{"id":117827,"date":"2025-09-16T02:09:12","date_gmt":"2025-09-16T02:09:12","guid":{"rendered":"https:\/\/www.europesays.com\/es\/117827\/"},"modified":"2025-09-16T02:09:12","modified_gmt":"2025-09-16T02:09:12","slug":"critica-de-eddington-western-con-joaquin-phoenix-y-pedro-pascal","status":"publish","type":"post","link":"https:\/\/www.europesays.com\/es\/117827\/","title":{"rendered":"Cr\u00edtica de Eddington, western con Joaquin Phoenix y Pedro Pascal"},"content":{"rendered":"<p><strong>Eddington<\/strong> ser\u00e1 un film tan masacrado como alabado. Utilizando los mimbres y la ambientaci\u00f3n del western cl\u00e1sico, Ari Aster (Hereditary, Midsommar) hace de todo menos eso. De modo que el enfrentamiento entre el sheriff Joaquin Phoenix y el alcalde Pedro Pascal en plena \u00e9poca del COVID pronto adquiere tintes menos convencionales. A Eddington se le pueden reprochar muchas cosas, pero no el tratar de hacer algo inmediato, un retrato sat\u00edr\u00edco de la Am\u00e9rica actual un tanto disperso, pero desde luego inc\u00f3modo e incorrecto.<\/p>\n<p>\u00c9chale un ojo a la cr\u00edtica de Juanma Gonz\u00e1lez para el canal <a href=\"https:\/\/www.youtube.com\/LDcultura\" rel=\"nofollow noreferrer noopener\" target=\"_blank\">@LDCultura<\/a> de Libertad Digital y esRadio para saber m\u00e1s de la pel\u00edcula protagonizada por Joaquin Phoenix, Pedro Pascal, Emma Stone y Austin Butler.<\/p>\n","protected":false},"excerpt":{"rendered":"Eddington ser\u00e1 un film tan masacrado como alabado. Utilizando los mimbres y la ambientaci\u00f3n del western cl\u00e1sico, Ari&hellip;\n","protected":false},"author":2,"featured_media":117828,"comment_status":"","ping_status":"","sticky":false,"template":"","format":"standard","meta":{"footnotes":""},"categories":[169],"tags":[18795,25195,39288,177,7642,2270,1497,352,37056,115,37058,146,147,25,24,1055,176,39289,37057,39290,175,2280,1257,39291,39292,27372,3889,23,27504],"class_list":{"0":"post-117827","1":"post","2":"type-post","3":"status-publish","4":"format-standard","5":"has-post-thumbnail","7":"category-cine","8":"tag-ari-aster","9":"tag-austin-butler","10":"tag-beau-tiene-miedo","11":"tag-cine","12":"tag-coronavirus","13":"tag-covid","14":"tag-critica","15":"tag-donald-trump","16":"tag-eddington","17":"tag-eeuu","18":"tag-emma-stone","19":"tag-entertainment","20":"tag-entretenimiento","21":"tag-es","22":"tag-espana","23":"tag-estreno","24":"tag-film","25":"tag-hereditary","26":"tag-joaquin-phoenix","27":"tag-midsommar","28":"tag-movies","29":"tag-pedro-pascal","30":"tag-pelicula","31":"tag-pelicula-del-oeste","32":"tag-pueblo-de-eddington","33":"tag-satira","34":"tag-sector-del-cine","35":"tag-spain","36":"tag-western"},"share_on_mastodon":{"url":"","error":""},"_links":{"self":[{"href":"https:\/\/www.europesays.com\/es\/wp-json\/wp\/v2\/posts\/117827","targetHints":{"allow":["GET"]}}],"collection":[{"href":"https:\/\/www.europesays.com\/es\/wp-json\/wp\/v2\/posts"}],"about":[{"href":"https:\/\/www.europesays.com\/es\/wp-json\/wp\/v2\/types\/post"}],"author":[{"embeddable":true,"href":"https:\/\/www.europesays.com\/es\/wp-json\/wp\/v2\/users\/2"}],"replies":[{"embeddable":true,"href":"https:\/\/www.europesays.com\/es\/wp-json\/wp\/v2\/comments?post=117827"}],"version-history":[{"count":0,"href":"https:\/\/www.europesays.com\/es\/wp-json\/wp\/v2\/posts\/117827\/revisions"}],"wp:featuredmedia":[{"embeddable":true,"href":"https:\/\/www.europesays.com\/es\/wp-json\/wp\/v2\/media\/117828"}],"wp:attachment":[{"href":"https:\/\/www.europesays.com\/es\/wp-json\/wp\/v2\/media?parent=117827"}],"wp:term":[{"taxonomy":"category","embeddable":true,"href":"https:\/\/www.europesays.com\/es\/wp-json\/wp\/v2\/categories?post=117827"},{"taxonomy":"post_tag","embeddable":true,"href":"https:\/\/www.europesays.com\/es\/wp-json\/wp\/v2\/tags?post=117827"}],"curies":[{"name":"wp","href":"https:\/\/api.w.org\/{rel}","templated":true}]}}