{"id":117833,"date":"2025-09-16T02:12:17","date_gmt":"2025-09-16T02:12:17","guid":{"rendered":"https:\/\/www.europesays.com\/es\/117833\/"},"modified":"2025-09-16T02:12:17","modified_gmt":"2025-09-16T02:12:17","slug":"los-3-cortes-de-pelo-corto-rejuvenecedores-y-con-estilo-que-propone-una-de-las-peluqueras-americanas-mas-famosas-para-cambiar-de-look-este-otono","status":"publish","type":"post","link":"https:\/\/www.europesays.com\/es\/117833\/","title":{"rendered":"Los 3 cortes de pelo corto rejuvenecedores y con estilo que propone una de las peluqueras americanas m\u00e1s famosas para cambiar de look este oto\u00f1o"},"content":{"rendered":"<p data-journey-content=\"true\" data-node-id=\"2\" class=\"css-i9p093 emevuu60\">El <a href=\"https:\/\/www.elle.com\/es\/belleza\/pelo\/a64416204\/corte-pelo-estiliza-cuello-afina-rostro-tendencia-primavera-2025\/\" target=\"_blank\" data-vars-ga-outbound-link=\"https:\/\/www.elle.com\/es\/belleza\/pelo\/a64416204\/corte-pelo-estiliza-cuello-afina-rostro-tendencia-primavera-2025\/\" data-vars-ga-ux-element=\"Hyperlink\" data-vars-ga-call-to-action=\"bob\" data-node-id=\"2.1\" class=\"body-link css-103hk4r emevuu60\" rel=\"nofollow noopener\">bob<\/a> es el corte del a\u00f1o. Es la <strong data-node-id=\"2.3\">tendencia m\u00e1xima en pelo<\/strong>. Y este verano se confirma en todos los rincones del mundo. Es <a href=\"https:\/\/www.elle.com\/es\/belleza\/pelo\/a63559585\/10-cortes-de-pelo-bonitos-modernos-cabello-corto-tendencia-mujeres-mas-50\/\" target=\"_blank\" data-vars-ga-outbound-link=\"https:\/\/www.elle.com\/es\/belleza\/pelo\/a63559585\/10-cortes-de-pelo-bonitos-modernos-cabello-corto-tendencia-mujeres-mas-50\/\" data-vars-ga-ux-element=\"Hyperlink\" data-vars-ga-call-to-action=\"el corte de pelo corto\" data-node-id=\"2.5\" class=\"body-link css-103hk4r emevuu60\" rel=\"nofollow noopener\">el corte de pelo corto<\/a> que recomiendan muchos estilistas y expertos en cabello para <strong data-node-id=\"2.7\">cambiar de look cuando llega el oto\u00f1o<\/strong> y la vuelta a la rutina. Porque nos queremos renovar. Es <strong data-node-id=\"2.9\">un corte fresco, ligero, que tiene movimiento, es distinguido y est\u00e1 cargado de estilo. <\/strong><\/p>\n<p data-journey-content=\"true\" data-node-id=\"3\" class=\"css-i9p093 emevuu60\">Una de las peluqueras que apuesta por \u00e9l en sus diferentes versiones para este verano es <strong data-node-id=\"3.1\">Chrissy Ellingson Rasmussen<\/strong>, una de las m\u00e1s conocidas en Estados Unidos con una comunidad en Instagram de m\u00e1s de un mill\u00f3n de seguidores. Tiene salones por Arizona y California, y por ellos pasan las mujeres con mejor pelo de todo el pa\u00eds. <\/p>\n<p>The lob<img draggable=\"true\" alt=\"mujer rubia\" title=\"lon bob\" loading=\"lazy\" width=\"4240\" height=\"2832\" decoding=\"async\" data-nimg=\"1\" style=\"color:transparent;width:100%;height:auto;\"   src=\"https:\/\/www.europesays.com\/es\/wp-content\/uploads\/2025\/09\/mandy-bork-is-seen-wearing-black-sunglasses-with-elliptical-news-photo-1753701231.pjpeg\" class=\"css-0 e1g79fud0\"\/><a target=\"_blank\" rel=\"noopener nofollow\" data-theme-key=\"base-link\" href=\"https:\/\/pinterest.com\/pin\/create\/button\/?url=https:\/\/www.elle.com\/es\/belleza\/pelo\/a65524245\/cortes-pelo-corto-rejuvenecedores-con-estilo-recomendados-por-peluquera-americana-mas-famosa-otono\/&amp;description=- ElleSpain&amp;media=https:\/\/hips.hearstapps.com\/hmg-prod\/images\/mandy-bork-is-seen-wearing-black-sunglasses-with-elliptical-news-photo-1753701231.pjpeg?resize=1600:*\" class=\"pinterest css-on9hn5 e1c1bym14\"><img decoding=\"async\" data-dynamic-svg=\"true\" src=\"https:\/\/www.elle.com\/_assets\/design-tokens\/fre\/static\/icons\/social\/pinterest.e8cf655.svg?primary=%2523ffffff\" loading=\"lazy\" data-testid=\"dynamic-svg-base\" height=\"auto\" width=\"auto\" alt=\"pinterest\" class=\"css-4lml0h e1mlxuuw1\"\/><\/a><\/p>\n<p>Moritz Scholz\/\/Getty Images<\/p>\n<p data-journey-content=\"true\" data-node-id=\"7\" class=\"css-i9p093 emevuu60\">Este bob es el m\u00e1s largo que existe, de hecho, se conoce como <strong data-node-id=\"7.1\">long bob<\/strong>. Es como un <a href=\"https:\/\/www.elle.com\/es\/belleza\/pelo\/a62773577\/corte-pelo-otono-favorece-mujeres-de-mas-de-50-anos-comodo-rejuvenecedor\/\" target=\"_blank\" data-vars-ga-outbound-link=\"https:\/\/www.elle.com\/es\/belleza\/pelo\/a62773577\/corte-pelo-otono-favorece-mujeres-de-mas-de-50-anos-comodo-rejuvenecedor\/\" data-vars-ga-ux-element=\"Hyperlink\" data-vars-ga-call-to-action=\"clavicut\" data-node-id=\"7.3\" class=\"body-link css-103hk4r emevuu60\" rel=\"nofollow noopener\">clavicut<\/a> porque llega por la clav\u00edcula, aunque en muchas ocasiones llega hasta los hombros. <\/p>\n<p data-journey-content=\"true\" data-node-id=\"9\" class=\"css-i9p093 emevuu60\">Es muy vers\u00e1til, pues <strong data-node-id=\"9.1\">favorece a todo tipo de rostros y se puede llevar peinado liso u ondulado<\/strong> como propone la profesional. Incluso se puede dejar secar al aire. <\/p>\n<p data-journey-content=\"true\" data-node-id=\"10\" class=\"css-i9p093 emevuu60\">Parece que est\u00e1 construido en bloque, es decir, <strong data-node-id=\"10.1\">todo el cabello con el mismo largo<\/strong>, pero el truco para dar movimiento es desfilar ligeramente en la parte delantera y hacer una peque\u00f1a capa al final, siempre y cuando el cabello no sea demasiado fino y sea una melena m\u00e1s o menos densa. Aporta volumen y es una forma de sanear el cabello sin cortar demasiado.<\/p>\n<p>Sleek bob<img draggable=\"true\" alt=\"mujer con el pelo corto\" title=\"sleek bob\" loading=\"lazy\" width=\"5667\" height=\"8500\" decoding=\"async\" data-nimg=\"1\" style=\"color:transparent;width:100%;height:auto;\"   src=\"https:\/\/www.europesays.com\/es\/wp-content\/uploads\/2025\/09\/guest-wears-blonde-bob-hair-black-sunglasses-black-loose-news-photo-1753700618.pjpeg\" class=\"css-0 e1g79fud0\"\/><a target=\"_blank\" rel=\"noopener nofollow\" data-theme-key=\"base-link\" href=\"https:\/\/pinterest.com\/pin\/create\/button\/?url=https:\/\/www.elle.com\/es\/belleza\/pelo\/a65524245\/cortes-pelo-corto-rejuvenecedores-con-estilo-recomendados-por-peluquera-americana-mas-famosa-otono\/&amp;description=- ElleSpain&amp;media=https:\/\/hips.hearstapps.com\/hmg-prod\/images\/guest-wears-blonde-bob-hair-black-sunglasses-black-loose-news-photo-1753700618.pjpeg?resize=1600:*\" class=\"pinterest css-on9hn5 e1c1bym14\"><img decoding=\"async\" data-dynamic-svg=\"true\" src=\"https:\/\/www.elle.com\/_assets\/design-tokens\/fre\/static\/icons\/social\/pinterest.e8cf655.svg?primary=%2523ffffff\" loading=\"lazy\" data-testid=\"dynamic-svg-base\" height=\"auto\" width=\"auto\" alt=\"pinterest\" class=\"css-4lml0h e1mlxuuw1\"\/><\/a><\/p>\n<p>Edward Berthelot\/\/Getty Images<\/p>\n<p data-journey-content=\"true\" data-node-id=\"13\" class=\"css-i9p093 emevuu60\">Este corte bob no se caracteriza tanto por su largo como por su acabado. <strong data-node-id=\"13.1\">Es liso y s\u00faper pulido, brillante<\/strong>, por eso es ideal para controlar el encrespamiento. Imita a esa melena espejo que tanto se llevaba hace temporadas.<\/p>\n<p data-journey-content=\"true\" data-node-id=\"14\" class=\"css-i9p093 emevuu60\"><strong data-node-id=\"14.0\">Es un corte limpio, en bloque, sin capas<\/strong>. Como mejor sienta es corto marcando la mand\u00edbula, para que as\u00ed defina m\u00e1s los \u00e1ngulos del rostro y estilice y alargue el cuello. <\/p>\n<p>A capas<img draggable=\"true\" alt=\"jeane damas\" title=\"bob a capas\" loading=\"lazy\" width=\"1320\" height=\"1980\" decoding=\"async\" data-nimg=\"1\" style=\"color:transparent;width:100%;height:auto;\"   src=\"https:\/\/www.europesays.com\/es\/wp-content\/uploads\/2025\/09\/bob-capas-68875ab41f8cd.jpg\" class=\"css-0 e1g79fud0\"\/><a target=\"_blank\" rel=\"noopener nofollow\" data-theme-key=\"base-link\" href=\"https:\/\/pinterest.com\/pin\/create\/button\/?url=https:\/\/www.elle.com\/es\/belleza\/pelo\/a65524245\/cortes-pelo-corto-rejuvenecedores-con-estilo-recomendados-por-peluquera-americana-mas-famosa-otono\/&amp;description=- ElleSpain&amp;media=https:\/\/hips.hearstapps.com\/hmg-prod\/images\/bob-capas-68875ab41f8cd.jpg?resize=1600:*\" class=\"pinterest css-on9hn5 e1c1bym14\"><img decoding=\"async\" data-dynamic-svg=\"true\" src=\"https:\/\/www.elle.com\/_assets\/design-tokens\/fre\/static\/icons\/social\/pinterest.e8cf655.svg?primary=%2523ffffff\" loading=\"lazy\" data-testid=\"dynamic-svg-base\" height=\"auto\" width=\"auto\" alt=\"pinterest\" class=\"css-4lml0h e1mlxuuw1\"\/><\/a><\/p>\n<p>Vincenzo Grillo\/\/LAUNCHMETRICS SPOTLIGHT<\/p>\n<p data-journey-content=\"true\" data-node-id=\"18\" class=\"css-i9p093 emevuu60\">Este es el estilo que aporta <strong data-node-id=\"18.1\">m\u00e1s movimiento y dinamismo al cabello<\/strong><strong data-node-id=\"18.2\">, adem\u00e1s de volumen y textura<\/strong>. Por eso, es ideal si tienes poco pelo y el cabello fino. Aunque, con esta condici\u00f3n, siempre hay que tener mucho cuidado con las capas para que el pelo no quede pobre en la parte de abajo. Tambi\u00e9n en las melenas muy voluminosas, para que no se encojan demasiado. <\/p>\n<p data-journey-content=\"true\" data-node-id=\"19\" class=\"css-i9p093 emevuu60\">Este corte de pelo es el que mejor potencia los \u00e1ngulos del rostro gracias a sus diferentes longitudes. Adem\u00e1s, es el que m\u00e1s rejuvenece ya que incluye flequillo de manera muy natural y org\u00e1nica.<\/p>\n<p><img src=\"https:\/\/www.europesays.com\/es\/wp-content\/uploads\/2025\/09\/2ad7ca66-bd3b-46b3-90e3-428a4225a686_1719476695.JPG\" alt=\"Headshot of Mar\u00eda Mu\u00f1iz\" title=\"Headshot of Mar\u00eda Mu\u00f1iz\" width=\"100%\" height=\"100%\" decoding=\"async\" loading=\"lazy\" class=\"css-o0wq4v ev8dhu53\"\/><\/p>\n<p><a href=\"https:\/\/es.linkedin.com\/in\/mar\u00eda-mu\u00f1iz-980855115\" target=\"_blank\" rel=\"nofollow noopener\">Mar\u00eda Mu\u00f1iz<\/a> es experta en belleza. No hay tendencia en manicuras y pedicuras, truco de maquillaje o corte de pelo de moda que se le resista. Lo que m\u00e1s le gusta en el mundo es un pintalabios rojo que se pueda sumar a su colecci\u00f3n de m\u00e1s de 100, adem\u00e1s de probar lo nuevo en tratamientos para el pelo fino, aceites para labios, cremas de todo tipo, s\u00e9rums y contornos de ojos posibles. Eso sin contar cada perfume que ve la luz. Si pueden ser perfumes florales y frescos, mejor.<\/p>\n<p>Por eso, no puede vivir sin redes sociales, en las que bucea hasta que da con lo \u00faltimo que se lleva en cada espejo y neceser del mundo (hasta lo que pasa m\u00e1s desapercibido). Internet es su medio natural, se siente como pez en el agua despu\u00e9s de una trayectoria de casi diez a\u00f1os en medios digitales, que comenz\u00f3 cuando se gradu\u00f3 en Periodismo y Comunicaci\u00f3n Audiovisual en la Universidad Rey Juan Carlos de Madrid.<\/p>\n<p>Desde entonces, Mar\u00eda Mu\u00f1iz ha pasado por cabeceras de moda y belleza como Harper\u2019s Bazaar o Cosmopolitan como redactora de belleza. Ahora ha vuelto a ELLE, uno de los primeros medios donde pudo especializarse en la comunicaci\u00f3n digital, para tomar las riendas de la secci\u00f3n de belleza, contarte todo lo que necesitas saber sobre novedades y tendencias y crearte alguna que otra necesidad.<\/p>\n","protected":false},"excerpt":{"rendered":"El bob es el corte del a\u00f1o. Es la tendencia m\u00e1xima en pelo. Y este verano se confirma&hellip;\n","protected":false},"author":2,"featured_media":117834,"comment_status":"","ping_status":"","sticky":false,"template":"","format":"standard","meta":{"footnotes":""},"categories":[91],"tags":[253,146,147,25,24,8237,23],"class_list":{"0":"post-117833","1":"post","2":"type-post","3":"status-publish","4":"format-standard","5":"has-post-thumbnail","7":"category-entretenimiento","8":"tag-discover","9":"tag-entertainment","10":"tag-entretenimiento","11":"tag-es","12":"tag-espana","13":"tag-redis","14":"tag-spain"},"share_on_mastodon":{"url":"","error":""},"_links":{"self":[{"href":"https:\/\/www.europesays.com\/es\/wp-json\/wp\/v2\/posts\/117833","targetHints":{"allow":["GET"]}}],"collection":[{"href":"https:\/\/www.europesays.com\/es\/wp-json\/wp\/v2\/posts"}],"about":[{"href":"https:\/\/www.europesays.com\/es\/wp-json\/wp\/v2\/types\/post"}],"author":[{"embeddable":true,"href":"https:\/\/www.europesays.com\/es\/wp-json\/wp\/v2\/users\/2"}],"replies":[{"embeddable":true,"href":"https:\/\/www.europesays.com\/es\/wp-json\/wp\/v2\/comments?post=117833"}],"version-history":[{"count":0,"href":"https:\/\/www.europesays.com\/es\/wp-json\/wp\/v2\/posts\/117833\/revisions"}],"wp:featuredmedia":[{"embeddable":true,"href":"https:\/\/www.europesays.com\/es\/wp-json\/wp\/v2\/media\/117834"}],"wp:attachment":[{"href":"https:\/\/www.europesays.com\/es\/wp-json\/wp\/v2\/media?parent=117833"}],"wp:term":[{"taxonomy":"category","embeddable":true,"href":"https:\/\/www.europesays.com\/es\/wp-json\/wp\/v2\/categories?post=117833"},{"taxonomy":"post_tag","embeddable":true,"href":"https:\/\/www.europesays.com\/es\/wp-json\/wp\/v2\/tags?post=117833"}],"curies":[{"name":"wp","href":"https:\/\/api.w.org\/{rel}","templated":true}]}}