{"id":117839,"date":"2025-09-16T02:15:09","date_gmt":"2025-09-16T02:15:09","guid":{"rendered":"https:\/\/www.europesays.com\/es\/117839\/"},"modified":"2025-09-16T02:15:09","modified_gmt":"2025-09-16T02:15:09","slug":"esta-noche-podria-ser-la-ultima-para-ellos","status":"publish","type":"post","link":"https:\/\/www.europesays.com\/es\/117839\/","title":{"rendered":"Esta noche podr\u00eda ser la \u00faltima para ellos"},"content":{"rendered":"<p class=\"c-paragraph\">Las familias de los secuestrados israel\u00edes en <a href=\"https:\/\/www.20minutos.es\/tags\/lugares\/gaza.html\" title=\"Gaza\" rel=\"nofollow noopener\" target=\"_blank\">Gaza<\/a> han expresado su <b>\u00abprofunda preocupaci\u00f3n\u00bb<\/b> por los intensos ataques que <a href=\"https:\/\/www.20minutos.es\/tags\/lugares\/israel.html\" title=\"Israel\" rel=\"nofollow noopener\" target=\"_blank\">Israel<\/a> est\u00e1 llevando a cabo en la noche de este lunes en la Franja, afirmando que \u00abpodr\u00eda ser la \u00faltima para los rehenes\u00bb.\u00a0<\/p>\n<p class=\"c-paragraph\">En un comunicado, el Foro de Familias de Rehenes y Desaparecidos, que representa a la mayor\u00eda de los familiares de los secuestrados en los ataques de Ham\u00e1s contra Israel del 7 de octubre de 2023, muestran su inquietud por \u00ablos informes sobre la<b> importante operaci\u00f3n militar<\/b> lanzada esta noche en la ciudad de Gaza\u00bb.\u00a0<\/p>\n<p class=\"c-paragraph\">\u00abTras 710 noches de cautiverio por terroristas, <b>esta noche podr\u00eda ser la \u00faltima para los rehenes<\/b> que apenas sobreviven, y nuestra \u00faltima oportunidad de localizar y recuperar a los fallecidos para un entierro digno\u00bb, afirman. Por ello, anuncian que varios familiares se dirigen hacia la residencia del primer ministro israel\u00ed, <a href=\"https:\/\/www.20minutos.es\/tags\/personas\/benjamin-netanyahu.html\" title=\"Benjamin Netanyahu\" rel=\"nofollow noopener\" target=\"_blank\">Benjam\u00edn Netanyahu<\/a>, en Jerusal\u00e9n, con el objetivo de protestar contra esta ofensiva.<\/p>\n<p class=\"c-paragraph\">\u00abEl primer ministro Netanyahu <b>est\u00e1 eligiendo deliberadamente sacrificarlos por consideraciones pol\u00edticas<\/b>, ignorando por completo las evaluaciones del jefe de Estado Mayor y del aparato de seguridad\u00bb, dicen sobre la operaci\u00f3n militar para tomar la capital gazat\u00ed y desplazar a su poblaci\u00f3n. Dicha operaci\u00f3n fue aprobada por el Gobierno israel\u00ed en agosto ante la oposici\u00f3n de la c\u00fapula militar, que argumentaba que pon\u00eda en riesgo a los 48 rehenes (de ellos unos veinte vivos) que quedan secuestrados en Gaza.\u00a0<\/p>\n<p class=\"c-paragraph\">El Ej\u00e9rcito israel\u00ed ha lanzado una serie de intensos ataques a\u00e9reos contra la ciudad mientras <b>sus tanques avanzan lentamente<\/b> de cara a una invasi\u00f3n terrestre de la capital gazat\u00ed, seg\u00fan comprob\u00f3 Efe e informaron fuentes locales. Las fuerzas israel\u00edes est\u00e1n atacando con dureza la ciudad, asediada y bajo orden de desalojo, con helic\u00f3pteros, drones y robots cargados de explosivos, mientras sus tropas van ganando terreno en diferentes zonas de las afueras de la urbe, especialmente por el noroeste.\u00a0<\/p>\n<p class=\"c-paragraph\">En esa zona, los tanques israel\u00edes van avanzando y retrocediendo para ir ganando terreno poco a poco, indicaron las fuentes, aunque no est\u00e1 claro si han llegado a cruzar los l\u00edmites de la ciudad. \u00abSe reportan <b>fuertes ataques a\u00e9reos israel\u00edes<\/b> en el noroeste de la Ciudad de Gaza mientras se avecina una operaci\u00f3n terrestre\u00bb, inform\u00f3 el diario israel\u00ed Times Of Israel, y el Haaretz afirm\u00f3 que \u00abmiles huyen de Gaza mientras las Fuerzas de Defensa de Israel llevan a cabo extensos ataques\u00bb.\u00a0<\/p>\n","protected":false},"excerpt":{"rendered":"Las familias de los secuestrados israel\u00edes en Gaza han expresado su \u00abprofunda preocupaci\u00f3n\u00bb por los intensos ataques que&hellip;\n","protected":false},"author":2,"featured_media":117840,"comment_status":"","ping_status":"","sticky":false,"template":"","format":"standard","meta":{"footnotes":""},"categories":[42],"tags":[17,18,630,13,14,694,11,61,62,63,64,4207,19,20,4417,9,10,15,16,12651,12,21,22,65,66,67],"class_list":{"0":"post-117839","1":"post","2":"type-post","3":"status-publish","4":"format-standard","5":"has-post-thumbnail","7":"category-internacional","8":"tag-breaking-news","9":"tag-breakingnews","10":"tag-familias","11":"tag-featured-news","12":"tag-featurednews","13":"tag-gaza","14":"tag-headlines","15":"tag-internacional","16":"tag-international","17":"tag-international-news","18":"tag-internationalnews","19":"tag-las","20":"tag-latest-news","21":"tag-latestnews","22":"tag-los","23":"tag-news","24":"tag-noticias","25":"tag-noticias-destacadas","26":"tag-noticiasdestacadas","27":"tag-rehenes","28":"tag-titulares","29":"tag-ultimas-noticias","30":"tag-ultimasnoticias","31":"tag-world","32":"tag-world-news","33":"tag-worldnews"},"share_on_mastodon":{"url":"","error":""},"_links":{"self":[{"href":"https:\/\/www.europesays.com\/es\/wp-json\/wp\/v2\/posts\/117839","targetHints":{"allow":["GET"]}}],"collection":[{"href":"https:\/\/www.europesays.com\/es\/wp-json\/wp\/v2\/posts"}],"about":[{"href":"https:\/\/www.europesays.com\/es\/wp-json\/wp\/v2\/types\/post"}],"author":[{"embeddable":true,"href":"https:\/\/www.europesays.com\/es\/wp-json\/wp\/v2\/users\/2"}],"replies":[{"embeddable":true,"href":"https:\/\/www.europesays.com\/es\/wp-json\/wp\/v2\/comments?post=117839"}],"version-history":[{"count":0,"href":"https:\/\/www.europesays.com\/es\/wp-json\/wp\/v2\/posts\/117839\/revisions"}],"wp:featuredmedia":[{"embeddable":true,"href":"https:\/\/www.europesays.com\/es\/wp-json\/wp\/v2\/media\/117840"}],"wp:attachment":[{"href":"https:\/\/www.europesays.com\/es\/wp-json\/wp\/v2\/media?parent=117839"}],"wp:term":[{"taxonomy":"category","embeddable":true,"href":"https:\/\/www.europesays.com\/es\/wp-json\/wp\/v2\/categories?post=117839"},{"taxonomy":"post_tag","embeddable":true,"href":"https:\/\/www.europesays.com\/es\/wp-json\/wp\/v2\/tags?post=117839"}],"curies":[{"name":"wp","href":"https:\/\/api.w.org\/{rel}","templated":true}]}}