{"id":117841,"date":"2025-09-16T02:17:14","date_gmt":"2025-09-16T02:17:14","guid":{"rendered":"https:\/\/www.europesays.com\/es\/117841\/"},"modified":"2025-09-16T02:17:14","modified_gmt":"2025-09-16T02:17:14","slug":"la-reina-sofia-acapara-todas-las-miradas-con-un-guino-estilistico-a-la-reina-letizia","status":"publish","type":"post","link":"https:\/\/www.europesays.com\/es\/117841\/","title":{"rendered":"La Reina Sof\u00eda acapara todas las miradas con un gui\u00f1o estil\u00edstico a la Reina Letizia"},"content":{"rendered":"<p data-start=\"0\" data-end=\"800\">La Reina Do\u00f1a Sof\u00eda inaugur\u00f3 este lunes <strong>el Congreso Internacional sobre Enfermedades Neurodegenerativas (ICND)<\/strong> en Elche, un evento de gran relevancia que se celebra del 15 al 18 de septiembre y que<a href=\"https:\/\/okdiario.com\/look\/casa-real\/motivo-reina-sofia-no-podra-estar-cumpleanos-reina-letizia-2379566\" rel=\"nofollow noopener\" target=\"_blank\"> coincide con el 53 cumplea\u00f1os de la Reina Letizia.<\/a> Este congreso, que incluye el acto oficial de celebraci\u00f3n del D\u00eda Mundial del Alzheimer, ofrece una plataforma de intercambio de conocimientos entre expertos nacionales e internacionales en patolog\u00edas como Alzheimer, Parkinson, ELA, Huntington y Cuerpos de Lewy. La cita, organizada por la <strong>Fundaci\u00f3n Reina Sof\u00eda junto al Centro de Investigaci\u00f3n de Enfermedades Neurol\u00f3gicas (CIEN)<\/strong>, el Ayuntamiento de Elche y la Sociedad Espa\u00f1ola de Neurolog\u00eda, busca impulsar tanto la investigaci\u00f3n como la sensibilizaci\u00f3n social sobre estas enfermedades.<\/p>\n<p data-start=\"802\" data-end=\"1697\">A su llegada al Gran Teatro de Elche, Do\u00f1a Sof\u00eda fue recibida por el alcalde, <strong>Pablo Ruz<\/strong>; la vicepresidenta primera y consellera de Servicios Sociales, Igualdad y Vivienda, <strong>Susana Camarero<\/strong>; la directora gerente de la Fundaci\u00f3n CIEN, <strong>Mar\u00eda \u00c1ngeles P\u00e9rez Mu\u00f1oz<\/strong>; y la secretaria general de Investigaci\u00f3n, <strong>Eva Ortega<\/strong>, entre otras autoridades. La Reina ocup\u00f3 su lugar en primera fila y sigui\u00f3 con atenci\u00f3n la conferencia inaugural, que comenz\u00f3 con la proyecci\u00f3n del v\u00eddeo Cerebros extraordinarios y <a href=\"https:\/\/www.casareal.es\/ES\/Actividades\/Paginas\/actividades_actividades_detalle.aspx?data=16666\" target=\"_blank\" rel=\"nofollow noopener noreferrer\">continu\u00f3 con intervenciones de destacados representantes institucionales y cient\u00edficos.<\/a> La conferencia inaugural, El viaje de la tecnolog\u00eda CRISPR: Rastreando las ra\u00edces de una revolucionaria caja de herramientas gen\u00e9ticas, fue impartida por el doctor Francisco <strong>Juan Mart\u00ednez Mujica<\/strong>, investigador de la Universidad de Alicante, marcando el inicio de una serie de sesiones cient\u00edficas de alto nivel.<\/p>\n<p>\n<img decoding=\"async\" loading=\"lazy\" class=\"size-full wp-image-2380148\" alt=\"La Reina Sof\u00eda en Elche. (Foto: Casa Real)\" width=\"1800\" height=\"1199\"  src=\"https:\/\/www.europesays.com\/es\/wp-content\/uploads\/2025\/09\/1757813648_83_placeholder.jpg\"  bad-src=\"https:\/\/www.europesays.com\/es\/wp-content\/uploads\/2025\/09\/1757813648_83_placeholder.jpg\"\/><\/p>\n<p><img decoding=\"async\" loading=\"lazy\" class=\"size-full wp-image-2380148\" src=\"https:\/\/www.europesays.com\/es\/wp-content\/uploads\/2025\/09\/rs_congresos_enfermedades_neurologicas_20250915_07.jpg\" alt=\"La Reina Sof\u00eda en Elche. (Foto: Casa Real)\" width=\"1800\" height=\"1199\"  \/><\/p>\n<p> La Reina Sof\u00eda en Elche. (Foto: Casa Real)<\/p>\n<p><img decoding=\"async\" loading=\"lazy\" class=\"size-full wp-image-2380151\" alt=\"La Reina Sof\u00eda en Elche. (Foto: Casa Real)\" width=\"1800\" height=\"1199\"  src=\"https:\/\/www.europesays.com\/es\/wp-content\/uploads\/2025\/09\/1757813648_83_placeholder.jpg\"  bad-src=\"https:\/\/www.europesays.com\/es\/wp-content\/uploads\/2025\/09\/1757813648_83_placeholder.jpg\"\/><\/p>\n<p><img decoding=\"async\" loading=\"lazy\" class=\"size-full wp-image-2380151\" src=\"https:\/\/www.europesays.com\/es\/wp-content\/uploads\/2025\/09\/rs_congresos_enfermedades_neurologicas_20250915_14.jpg\" alt=\"La Reina Sof\u00eda en Elche. (Foto: Casa Real)\" width=\"1800\" height=\"1199\"  \/><\/p>\n<p> La Reina Sof\u00eda en Elche. (Foto: Casa Real)\n<\/p>\n<p data-start=\"3074\" data-end=\"3613\">Adem\u00e1s, <strong>la madre del Rey Felipe VI asisti\u00f3 a un concierto en la Bas\u00edlica de Santa Mar\u00eda a cargo de la Capella y Escolan\u00eda del Misterio de Elche,<\/strong> como parte de las actividades culturales vinculadas al congreso. La Fundaci\u00f3n Reina Sof\u00eda, que duplica cada a\u00f1o sus recursos para investigaci\u00f3n y proyectos sociales, reafirma as\u00ed su compromiso con la mejora de la calidad de vida de las personas afectadas por enfermedades neurodegenerativas, invirtiendo en 2024 m\u00e1s de 3,8 millones de euros en proyectos centrados en Alzheimer y patolog\u00edas relacionadas.<\/p>\n","protected":false},"excerpt":{"rendered":"La Reina Do\u00f1a Sof\u00eda inaugur\u00f3 este lunes el Congreso Internacional sobre Enfermedades Neurodegenerativas (ICND) en Elche, un evento&hellip;\n","protected":false},"author":2,"featured_media":117842,"comment_status":"","ping_status":"","sticky":false,"template":"","format":"standard","meta":{"footnotes":""},"categories":[5],"tags":[17,18,25,24,13,14,11,19,20,9,10,15,16,11789,23,12,21,22],"class_list":{"0":"post-117841","1":"post","2":"type-post","3":"status-publish","4":"format-standard","5":"has-post-thumbnail","7":"category-titulares","8":"tag-breaking-news","9":"tag-breakingnews","10":"tag-es","11":"tag-espana","12":"tag-featured-news","13":"tag-featurednews","14":"tag-headlines","15":"tag-latest-news","16":"tag-latestnews","17":"tag-news","18":"tag-noticias","19":"tag-noticias-destacadas","20":"tag-noticiasdestacadas","21":"tag-reina-sofia","22":"tag-spain","23":"tag-titulares","24":"tag-ultimas-noticias","25":"tag-ultimasnoticias"},"share_on_mastodon":{"url":"","error":""},"_links":{"self":[{"href":"https:\/\/www.europesays.com\/es\/wp-json\/wp\/v2\/posts\/117841","targetHints":{"allow":["GET"]}}],"collection":[{"href":"https:\/\/www.europesays.com\/es\/wp-json\/wp\/v2\/posts"}],"about":[{"href":"https:\/\/www.europesays.com\/es\/wp-json\/wp\/v2\/types\/post"}],"author":[{"embeddable":true,"href":"https:\/\/www.europesays.com\/es\/wp-json\/wp\/v2\/users\/2"}],"replies":[{"embeddable":true,"href":"https:\/\/www.europesays.com\/es\/wp-json\/wp\/v2\/comments?post=117841"}],"version-history":[{"count":0,"href":"https:\/\/www.europesays.com\/es\/wp-json\/wp\/v2\/posts\/117841\/revisions"}],"wp:featuredmedia":[{"embeddable":true,"href":"https:\/\/www.europesays.com\/es\/wp-json\/wp\/v2\/media\/117842"}],"wp:attachment":[{"href":"https:\/\/www.europesays.com\/es\/wp-json\/wp\/v2\/media?parent=117841"}],"wp:term":[{"taxonomy":"category","embeddable":true,"href":"https:\/\/www.europesays.com\/es\/wp-json\/wp\/v2\/categories?post=117841"},{"taxonomy":"post_tag","embeddable":true,"href":"https:\/\/www.europesays.com\/es\/wp-json\/wp\/v2\/tags?post=117841"}],"curies":[{"name":"wp","href":"https:\/\/api.w.org\/{rel}","templated":true}]}}