{"id":117843,"date":"2025-09-16T02:18:09","date_gmt":"2025-09-16T02:18:09","guid":{"rendered":"https:\/\/www.europesays.com\/es\/117843\/"},"modified":"2025-09-16T02:18:09","modified_gmt":"2025-09-16T02:18:09","slug":"el-recoletas-atletico-valladolid-arranca-la-liga-con-una-contundente-victoria-ante-el-bada-huesca","status":"publish","type":"post","link":"https:\/\/www.europesays.com\/es\/117843\/","title":{"rendered":"El Recoletas Atl\u00e9tico Valladolid arranca la liga con una contundente victoria ante el Bada Huesca"},"content":{"rendered":"<p>Una gran defensa y un Bar impenetrable -16 paradas- han dado este domingo la primera victoria de la temporada al Recoletas Valladolid ante un Bada Huesca que jug\u00f3 a r\u00e1fagas y termin\u00f3 siendo arrollado por los locales.\u00a0Ambos equipos saltaron a la cancha de Huerta del Rey con intensidad, imponiendo un alto ritmo, sobre todo el cuadro local, dirigido por un Karapalevski que supo aprovechar la buena defensa de sus centrales, Gedo y Lucas Ribeiro, para controlar el juego.<\/p>\n<p>Tal y como recoge la cr\u00f3nica de EFE, Oliveira hizo valer su potencia en el lanzamiento exterior para incrementar la ventaja de su equipo, que lleg\u00f3 a contar con cuatro goles de renta (8-4), obligando a Nolasco a solicitar su primer tiempo muerto. La arenga result\u00f3 efectiva pero, sobre todo, la efectividad desde la l\u00ednea de siete metros y el sacar petr\u00f3leo de las exclusiones de los locales, que les permiti\u00f3 dejar la diferencia en un solo tanto (10-9).<\/p>\n<p>Pero la defensa vallisoletana volvi\u00f3 a recuperar toda la fortaleza y Bar se convirti\u00f3 en una muralla dif\u00edcil de franquear, lo que les hizo despegar tambi\u00e9n en el plano ofensivo, hallando la continuidad con Tao y \u00c1lex D\u00edaz. El Recoletas estaba jugando sus mejores minutos ante un Huesca que no encontraba soluciones para superar la defensa rival y que, adem\u00e1s, se vio superado en ataque con la buena circulaci\u00f3n de los de Pisonero.<\/p>\n<p>As\u00ed, la renta alcanz\u00f3 los seis goles (17-11) que los oscenses dejaron en cuatro antes del descanso aprovechando una nueva exclusi\u00f3n de los locales (18-14).<\/p>\n<p>Tras la reanudaci\u00f3n, los gladiadores azules mantuvieron su f\u00e9rrea defensa, y, desde ella, cimentaron el juego de ataque, muy efectivo, que les dio siete tantos de ventaja (23-16), y que Nolasco trat\u00f3 de frenar con un receso. Pero en esta ocasi\u00f3n no tuvo efecto, ya que los locales siguieron mostr\u00e1ndose muy serios en defensa, perfectamente cerrada con Bar, y muy r\u00e1pidos en ataque. Estaban ya muy c\u00f3modos en su cancha, y eso se tradujo en el marcador.<\/p>\n<p>Con el 30-20, el t\u00e9cnico de Bada Huesca volvi\u00f3 a parar el crono para tratar de ara\u00f1ar alg\u00fan gol antes de finalizar el choque, pero este concluy\u00f3 con un contundente 35-25, si bien la m\u00e1xima renta fue de 13 goles.<\/p>\n<p>\u00a0<\/p>\n<p><strong>Ficha t\u00e9cnica:<\/strong><\/p>\n<p><strong>35- Recoletas Atl\u00e9tico Valladolid (18+17): <\/strong>Bar (2) (C\u00e9sar P\u00e9rez, ps), Oliveira (6), Gedo (1), \u00c1lex D\u00edaz (2), Jorge Serrano (4,2p), Ribeiro (3), De Toledo (2), Karapalevski (3), Carvalho (2), Tao (2), Pablo Herrero (2), Fodorean (3), Miguel Camino (1), Alejandro Pisonero (1), Jozinovic (1).<\/p>\n<p><strong>25- Bada Huesca (14+11): <\/strong>Desci (Ben-Tekaya, ps), Rafa Paulo (3,2p), Ian Moya (4), Su\u00e1rez (-), Carlos P\u00e9rez (1), Parera (1), Frank Cordi\u00e9s (5), Nenadic (2), Dani P\u00e9rez (2,1p), Tchitombi (1p), \u00d3scar Garc\u00eda (1), Fabricio (-), Samuel Cordi\u00e9s (5).<\/p>\n<p><strong>Parciales cada cinco minutos: <\/strong>5-3, 8-4, 10-9, 14-11, 17-11, 18-14 -descanso-; 20-15, 22-16, 23-18, 27-20, 32-21, 35-25 -final-.<\/p>\n<p><strong>\u00c1rbitros: <\/strong>Daniel Toro Ponce y Albert P\u00e9rez Acedo (Federaci\u00f3n catalana). Excluyeron dos minutos a Lucas Ribeiro (m.11 y 34), Pablo Herrero (m.14), Fodorean (m.29), Jozinovic (m.47), del Recoletas Atl\u00e9tico Valladolid; y a Tchitombi (m.22), Carlos P\u00e9rez (m.35), Parera (m.49), Nenadic (m.51), del Bada Huesca.<\/p>\n<p><strong>Incidencias:<\/strong> Encuentro correspondiente a la primera jornada de la Liga Nexus Energ\u00eda Asobal, disputado en el polideportivo Huerta del Rey ante 1.481 espectadores.<\/p>\n","protected":false},"excerpt":{"rendered":"Una gran defensa y un Bar impenetrable -16 paradas- han dado este domingo la primera victoria de la&hellip;\n","protected":false},"author":2,"featured_media":117844,"comment_status":"","ping_status":"","sticky":false,"template":"","format":"standard","meta":{"footnotes":""},"categories":[278],"tags":[376,168,25,24,375,3134,23,167],"class_list":{"0":"post-117843","1":"post","2":"type-post","3":"status-publish","4":"format-standard","5":"has-post-thumbnail","7":"category-balonmano","8":"tag-balonmano","9":"tag-deportes","10":"tag-es","11":"tag-espana","12":"tag-handball","13":"tag-recoletas-atletico-valladolid","14":"tag-spain","15":"tag-sports"},"share_on_mastodon":{"url":"","error":""},"_links":{"self":[{"href":"https:\/\/www.europesays.com\/es\/wp-json\/wp\/v2\/posts\/117843","targetHints":{"allow":["GET"]}}],"collection":[{"href":"https:\/\/www.europesays.com\/es\/wp-json\/wp\/v2\/posts"}],"about":[{"href":"https:\/\/www.europesays.com\/es\/wp-json\/wp\/v2\/types\/post"}],"author":[{"embeddable":true,"href":"https:\/\/www.europesays.com\/es\/wp-json\/wp\/v2\/users\/2"}],"replies":[{"embeddable":true,"href":"https:\/\/www.europesays.com\/es\/wp-json\/wp\/v2\/comments?post=117843"}],"version-history":[{"count":0,"href":"https:\/\/www.europesays.com\/es\/wp-json\/wp\/v2\/posts\/117843\/revisions"}],"wp:featuredmedia":[{"embeddable":true,"href":"https:\/\/www.europesays.com\/es\/wp-json\/wp\/v2\/media\/117844"}],"wp:attachment":[{"href":"https:\/\/www.europesays.com\/es\/wp-json\/wp\/v2\/media?parent=117843"}],"wp:term":[{"taxonomy":"category","embeddable":true,"href":"https:\/\/www.europesays.com\/es\/wp-json\/wp\/v2\/categories?post=117843"},{"taxonomy":"post_tag","embeddable":true,"href":"https:\/\/www.europesays.com\/es\/wp-json\/wp\/v2\/tags?post=117843"}],"curies":[{"name":"wp","href":"https:\/\/api.w.org\/{rel}","templated":true}]}}