{"id":117849,"date":"2025-09-16T02:23:08","date_gmt":"2025-09-16T02:23:08","guid":{"rendered":"https:\/\/www.europesays.com\/es\/117849\/"},"modified":"2025-09-16T02:23:08","modified_gmt":"2025-09-16T02:23:08","slug":"gran-canaria-gran-canaria-renunciaria-a-acoger-etapas-de-la-vuelta-si-viene-el-equipo-de-israel","status":"publish","type":"post","link":"https:\/\/www.europesays.com\/es\/117849\/","title":{"rendered":"GRAN CANARIA | Gran Canaria renunciar\u00eda a acoger etapas de la Vuelta si viene el equipo de Israel"},"content":{"rendered":"<p class=\"ft-text\">El presidente del<a class=\"ft-link ft-link--decoration\" href=\"https:\/\/www.laprovincia.es\/tags\/antonio-morales\/\" rel=\"nofollow noopener\" target=\"_blank\"> Cabildo de Gran Canaria<\/a>, <a class=\"ft-link ft-link--decoration\" href=\"https:\/\/www.laprovincia.es\/tags\/antonio-morales\/\" rel=\"nofollow noopener\" target=\"_blank\">Antonio Morales<\/a>, ha anunciado este lunes que la isla<a class=\"ft-link ft-link--decoration\" href=\"https:\/\/www.laprovincia.es\/deportes-canarias\/2025\/05\/29\/vuelta-espana-llegara-pico-nieves-117953460.html\" rel=\"nofollow noopener\" target=\"_blank\"> renunciar\u00eda a acoger etapas de la Vuelta Ciclista a Espa\u00f1a<\/a> si viene el equipo de Israel. Morales ha hecho estas declaraciones durante el acto de apoyo al pueblo de Palestina y en rechazo al genocidio del Gobierno de Israel en Gaza, celebrado en la Plaza de Santa Ana, un d\u00eda despu\u00e9s de que las protestas de activistas pro Palestina impidieran que el final de la Vuelta se celebrara en el centro de Madrid.<\/p>\n<p class=\"ft-text\">Morales record\u00f3 que hace meses, mucho tiempo antes del inicio de la Vuelta y de la pol\u00e9mica sobre la presencia del equipo patrocinado por Israel, el Cabildo firm\u00f3 un preacuerdo con los organizadores de la prueba ciclista, pero aclar\u00f3 que pese a lo que se ha comentado desde entonces \u00abno hay nada definitivamente firmado\u00bb.<\/p>\n<p class=\"ft-text\">\u00abNo hay ning\u00fan acuerdo final que diga que se ha cerrado la presencia de la Vuelta Ciclista el pr\u00f3ximo a\u00f1o en la isla de Gran Canaria; dicho esto, desde luego estamos dispuestos a acogerla y nos parec\u00eda una medida atractiva para la isla, en un acuerdo en el que tambi\u00e9n estar\u00eda el Gobierno Canarias y el Cabildo de Tenerife para que despu\u00e9s de tantos a\u00f1os la Vuelta llegara a nuestra tierra. Ahora bien, tengo que decir con absoluto convencimiento que participando Israel, no\u00bb, declar\u00f3 el presidente del gobierno insular.<\/p>\n<p class=\"ft-text ft-helper-align-justify\">Morales apunt\u00f3 que \u00abGran Canaria no est\u00e1 dispuesta a blanquear el genocidio en Gaza y a blanquear al Estado de Israel a trav\u00e9s del Deporte o de cualquier otra acrtividad\u00bb. \u00abPor lo tanto &#8211; insisti\u00f3-, vamos a ver qu\u00e9 suceder\u00e1 en los pr\u00f3ximos meses, pero con la participaci\u00f3n de Israel Gran Canar\u00eda no acoger\u00eda la Vuelta Ciclista a Espa\u00f1a\u00bb.<\/p>\n<p class=\"ft-text ft-helper-align-justify\">El presidente lament\u00f3 \u00abla falta de decisi\u00f3n de los organismos internacionales\u00bb para evitar la participaci\u00f3n de equipos y deportistas israel\u00edes en este tipo de competiciones y \u00abno tomar las mismas medidas que en su d\u00eda se adoptaron con Rusia\u00bb, algo que a su juicio \u00abest\u00e1 enfrentando y dividiendo a las sociedades de los distintos pa\u00edses europeos\u00bb. Morales cree que \u00abest\u00e1n permitiendo que Israel nos enfrente y que mine nuestra convivencia\u00bb.<\/p>\n<p class=\"ft-text ft-helper-align-justify\">Las protestas que han protagonizado diferentes colectivos durante gran parte de la Vuelta Ciclista a Espa\u00f1a, que culminaron ayer con la suspensi\u00f3n de la \u00faltima etapa en Madrid, son \u00ableg\u00edtimas, todos sabemos que detr\u00e1s de ese equipo hay un magnate amigo \u00edntimo de Netanyahu que comparte sus ideas, por lo tanto, est\u00e1 blanqueando el genocidio. Eso no se puede permitir, as\u00ed que es totalmente leg\u00edtimo que la gente exprese en la calle su descontento con esa situaci\u00f3n\u00bb.<\/p>\n<p class=\"ft-text\">Durante los dos \u00faltimos a\u00f1os los<strong>\u00a0<\/strong><a class=\"ft-link ft-link--decoration\" href=\"https:\/\/elecciones.laprovincia.es\/resultados-elecciones\/cabildos\/\" rel=\"nofollow noopener\" target=\"_blank\"><strong>Cabildos<\/strong><\/a><strong> de <\/strong><a class=\"ft-link ft-link--decoration\" href=\"https:\/\/www.laprovincia.es\/gran-canaria\/\" rel=\"nofollow noopener\" target=\"_blank\"><strong>Gran Canaria<\/strong><\/a><strong> y de <\/strong><a class=\"ft-link ft-link--decoration\" href=\"https:\/\/www.laprovincia.es\/tags\/tenerife\/\" rel=\"nofollow noopener\" target=\"_blank\"><strong>Tenerife<\/strong><\/a><strong> han llevado a cabo intensas negociaciones con la empresa Unipublic<\/strong>, organizadora de<strong>\u00a0<\/strong><a href=\"https:\/\/www.laprovincia.es\/deportes\/2025\/04\/04\/vuelta-espana-invita-burgos-caja-116059547.html\" class=\"ft-link ft-link--decoration\" rel=\"nofollow noopener\" target=\"_blank\"><strong>La Vuelta<\/strong><\/a><strong>\u00a0Ciclista a Espa\u00f1a<\/strong>, que podr\u00eda traer\u00a0<strong>38 a\u00f1os despu\u00e9s<\/strong>\u00a0de que lo hicieran por \u00faltima vez la ronda espa\u00f1ola a las carreteras <a class=\"ft-link ft-link--decoration\" href=\"https:\/\/www.laprovincia.es\/canarias\/\" rel=\"nofollow noopener\" target=\"_blank\">canarias<\/a>. Entre las etapas que se barajan est\u00e1n coronar los m\u00edticos puertos del\u00a0<strong>Pico de las Nieves y el <\/strong><a class=\"ft-link ft-link--decoration\" href=\"https:\/\/www.laprovincia.es\/tags\/teide\/\" rel=\"nofollow noopener\" target=\"_blank\"><strong>Teide<\/strong><\/a>, dentro de las posibles cuatro que se desarrollar\u00edan en ambas islas, si finalmente, esta prestigiosa prueba regresa al Archipi\u00e9lago.<\/p>\n<p class=\"ft-text\">Morales y la <a class=\"ft-link ft-link--decoration\" href=\"https:\/\/www.laprovincia.es\/tags\/carolina-darias\/\" rel=\"nofollow noopener\" target=\"_blank\">alcaldesa de Las Palmas de Gran Canaria<\/a>, <strong>Carolina Darias<\/strong>, han encabezado en la Plaza de Ana la iniciativa de respaldo a Palestina. En el lugar se han colocado zapatos de ni\u00f1os, que representan a todos los menores asesinados durante los bombardeos del ej\u00e9rcito israel\u00ed y se han le\u00eddo los nombres y la edad de todos los ni\u00f1os y ni\u00f1as fallecidas, muchos de solo meses de edad.<\/p>\n<p class=\"ft-text\">\u00ab<\/p>\n","protected":false},"excerpt":{"rendered":"El presidente del Cabildo de Gran Canaria, Antonio Morales, ha anunciado este lunes que la isla renunciar\u00eda a&hellip;\n","protected":false},"author":2,"featured_media":117850,"comment_status":"","ping_status":"","sticky":false,"template":"","format":"standard","meta":{"footnotes":""},"categories":[273],"tags":[14760,39296,39297,7221,313,1757,312,168,622,25,24,7167,3956,1897,74,2932,39295,23,167,16591,1357],"class_list":{"0":"post-117849","1":"post","2":"type-post","3":"status-publish","4":"format-standard","5":"has-post-thumbnail","7":"category-ciclismo","8":"tag-acoger","9":"tag-antonio-morales","10":"tag-cabildo-de-gran-canaria","11":"tag-canaria","12":"tag-ciclismo","13":"tag-ciclista","14":"tag-cycling","15":"tag-deportes","16":"tag-equipo","17":"tag-es","18":"tag-espana","19":"tag-etapas","20":"tag-gran","21":"tag-gran-canaria","22":"tag-israel","23":"tag-ninos","24":"tag-renunciaria","25":"tag-spain","26":"tag-sports","27":"tag-viene","28":"tag-vuelta"},"share_on_mastodon":{"url":"","error":""},"_links":{"self":[{"href":"https:\/\/www.europesays.com\/es\/wp-json\/wp\/v2\/posts\/117849","targetHints":{"allow":["GET"]}}],"collection":[{"href":"https:\/\/www.europesays.com\/es\/wp-json\/wp\/v2\/posts"}],"about":[{"href":"https:\/\/www.europesays.com\/es\/wp-json\/wp\/v2\/types\/post"}],"author":[{"embeddable":true,"href":"https:\/\/www.europesays.com\/es\/wp-json\/wp\/v2\/users\/2"}],"replies":[{"embeddable":true,"href":"https:\/\/www.europesays.com\/es\/wp-json\/wp\/v2\/comments?post=117849"}],"version-history":[{"count":0,"href":"https:\/\/www.europesays.com\/es\/wp-json\/wp\/v2\/posts\/117849\/revisions"}],"wp:featuredmedia":[{"embeddable":true,"href":"https:\/\/www.europesays.com\/es\/wp-json\/wp\/v2\/media\/117850"}],"wp:attachment":[{"href":"https:\/\/www.europesays.com\/es\/wp-json\/wp\/v2\/media?parent=117849"}],"wp:term":[{"taxonomy":"category","embeddable":true,"href":"https:\/\/www.europesays.com\/es\/wp-json\/wp\/v2\/categories?post=117849"},{"taxonomy":"post_tag","embeddable":true,"href":"https:\/\/www.europesays.com\/es\/wp-json\/wp\/v2\/tags?post=117849"}],"curies":[{"name":"wp","href":"https:\/\/api.w.org\/{rel}","templated":true}]}}