{"id":117851,"date":"2025-09-16T02:24:15","date_gmt":"2025-09-16T02:24:15","guid":{"rendered":"https:\/\/www.europesays.com\/es\/117851\/"},"modified":"2025-09-16T02:24:15","modified_gmt":"2025-09-16T02:24:15","slug":"f1-gasly-le-pone-presion-a-alpine-de-cara-a-2026-que-dijo","status":"publish","type":"post","link":"https:\/\/www.europesays.com\/es\/117851\/","title":{"rendered":"F1: Gasly le pone presi\u00f3n a Alpine de cara a 2026 \u00bfQu\u00e9 dijo?"},"content":{"rendered":"<p><strong>Alpine<\/strong> no est\u00e1 teniendo el mejor a\u00f1o hasta el momento, producto de que est\u00e1 peleando en la parte baja del campeonato de constructores. No obstante, <strong>Pierre Gasly<\/strong> est\u00e1 dispuesto a pagar este precio con tal de ser competitivo en 2026.<\/p>\n<p>&#13;<br \/>\n&#13;<\/p>\n<p>Recientemente brind\u00f3 declaraciones y destac\u00f3: \u00ab<strong>Ahora mismo estoy muy enfocado en el pr\u00f3ximo a\u00f1o. Nuestro mejor rendimiento (en 2025) ser\u00e1 probablemente 16\u00ba o 17\u00ba. No es realmente lo que buscamos,<\/strong> pero se trata m\u00e1s de preparar a todo el equipo para luchar por un resultado mucho mayor el a\u00f1o que viene\u00bb.<\/p>\n<p>&#13;<br \/>\n&#13;<\/p>\n<p>\u00ab<strong>La presi\u00f3n probablemente ser\u00e1 diferente y no es lo mismo cuando llegas a un fin de semana y al d\u00eda de la carrera. Creo que tenemos que prepararnos para eso. Como digo, no importa por qu\u00e9 posici\u00f3n luches, igual tienes que ejecutar todo de la mejor manera<\/strong>\u00ab, agreg\u00f3.<\/p>\n<p>&#13;<br \/>\n&#13;<\/p>\n<p><strong>Leer adem\u00e1s:\u00a0<a href=\"https:\/\/www.carburando.com\/notas\/f1-el-nostalgico-posteo-de-williams-que-recuerda-los-puntos-de-colapinto-en-baku\" title=\"F1: el nost\u00e1lgico posteo de Williams que recuerda los puntos de Colapinto en Bak\u00fa\" rel=\"nofollow noopener\" target=\"_blank\">F1: el nost\u00e1lgico posteo de Williams que recuerda los puntos de Colapinto en Bak\u00fa<\/a><\/strong><\/p>\n<p>&#13;<br \/>\n&#13;<\/p>\n<p><img decoding=\"async\" alt=\"Pierre Gasly, Alpine\" src=\"https:\/\/www.europesays.com\/es\/wp-content\/uploads\/2025\/09\/1757989455_563_pierre-gasly-alpine.jpg\" style=\"height:534px; width:800px\"\/><\/p>\n<p>&#13;<br \/>\n&#13;<br \/>\n\u00bfQu\u00e9 piensa Gasly del desempe\u00f1o de Alpine del 2025?&#13;<br \/>\n&#13;<\/p>\n<p>Pese a mostrarse esperanzado con lo que podr\u00eda entregar el equipo en el pr\u00f3ximo a\u00f1o, el franc\u00e9s fue cr\u00edtico con lo realizado hasta el momento: \u00ab<strong>Sabemos d\u00f3nde estamos flojos<\/strong>. Para ser justos, es algo global: el chasis y el motor, no hay uno m\u00e1s culpable que el otro\u00bb.<\/p>\n<p>&#13;<br \/>\n&#13;<\/p>\n<p>\u00abCreo que conocemos las razones en ambos frentes y eso es lo positivo. Solo tenemos que abordarlo de la misma manera que una carrera normal: <strong>seguir intentando dar lo mejor y ofrecer nuestras mejores oportunidades<\/strong>, porque el enfoque, independientemente del rendimiento del auto, tiene que ser perfecto cada fin de semana\u00bb, concluy\u00f3.<\/p>\n<p>&#13;<br \/>\n&#13;<\/p>\n<p>\u00a0<\/p>\n","protected":false},"excerpt":{"rendered":"Alpine no est\u00e1 teniendo el mejor a\u00f1o hasta el momento, producto de que est\u00e1 peleando en la parte&hellip;\n","protected":false},"author":2,"featured_media":117852,"comment_status":"","ping_status":"","sticky":false,"template":"","format":"standard","meta":{"footnotes":""},"categories":[270],"tags":[168,25,24,4636,306,271,272,23,167],"class_list":{"0":"post-117851","1":"post","2":"type-post","3":"status-publish","4":"format-standard","5":"has-post-thumbnail","7":"category-formula-1","8":"tag-deportes","9":"tag-es","10":"tag-espana","11":"tag-frmula-1","12":"tag-f1","13":"tag-formula-1","14":"tag-formula1","15":"tag-spain","16":"tag-sports"},"share_on_mastodon":{"url":"","error":""},"_links":{"self":[{"href":"https:\/\/www.europesays.com\/es\/wp-json\/wp\/v2\/posts\/117851","targetHints":{"allow":["GET"]}}],"collection":[{"href":"https:\/\/www.europesays.com\/es\/wp-json\/wp\/v2\/posts"}],"about":[{"href":"https:\/\/www.europesays.com\/es\/wp-json\/wp\/v2\/types\/post"}],"author":[{"embeddable":true,"href":"https:\/\/www.europesays.com\/es\/wp-json\/wp\/v2\/users\/2"}],"replies":[{"embeddable":true,"href":"https:\/\/www.europesays.com\/es\/wp-json\/wp\/v2\/comments?post=117851"}],"version-history":[{"count":0,"href":"https:\/\/www.europesays.com\/es\/wp-json\/wp\/v2\/posts\/117851\/revisions"}],"wp:featuredmedia":[{"embeddable":true,"href":"https:\/\/www.europesays.com\/es\/wp-json\/wp\/v2\/media\/117852"}],"wp:attachment":[{"href":"https:\/\/www.europesays.com\/es\/wp-json\/wp\/v2\/media?parent=117851"}],"wp:term":[{"taxonomy":"category","embeddable":true,"href":"https:\/\/www.europesays.com\/es\/wp-json\/wp\/v2\/categories?post=117851"},{"taxonomy":"post_tag","embeddable":true,"href":"https:\/\/www.europesays.com\/es\/wp-json\/wp\/v2\/tags?post=117851"}],"curies":[{"name":"wp","href":"https:\/\/api.w.org\/{rel}","templated":true}]}}